{"id":103609,"date":"2023-01-10T16:41:31","date_gmt":"2023-01-10T19:41:31","guid":{"rendered":"https:\/\/tvtecjundiai.com.br\/news\/?p=103609"},"modified":"2023-01-10T16:44:53","modified_gmt":"2023-01-10T19:44:53","slug":"prefeitura-divulga-edital-para-concurso-publico-em-jundiai","status":"publish","type":"post","link":"https:\/\/tvtecjundiai.com.br\/news\/2023\/01\/10\/prefeitura-divulga-edital-para-concurso-publico-em-jundiai\/","title":{"rendered":"Prefeitura de Jundia\u00ed divulga edital para concurso p\u00fablico de educador infantil"},"content":{"rendered":"\n<p>A Prefeitura de&nbsp;Jundia\u00ed (SP)&nbsp;divulgou, na manh\u00e3 desta ter\u00e7a-feira (10),&nbsp;<a rel=\"noreferrer noopener\" href=\"https:\/\/documento.vunesp.com.br\/documento\/stream\/MzIxMzU0Ng%3d%3d\" target=\"_blank\">um novo edital<\/a>&nbsp;de concurso p\u00fablico para o cargo de educador infantil.<\/p>\n\n\n\n<p>Ao todo, s\u00e3o 10 vagas dispon\u00edveis. A fun\u00e7\u00e3o exige ensino m\u00e9dio completo e o sal\u00e1rio ser\u00e1 no valor de R$ 2.330,02.<\/p>\n\n\n\n<p>Os interessados poder\u00e3o realizar a inscri\u00e7\u00e3o a partir desta quarta-feira (11) e seguem at\u00e9 16 de fevereiro, no&nbsp;site oficial da Funda\u00e7\u00e3o Vunesp. A taxa de inscri\u00e7\u00e3o \u00e9 de R$ 57.<\/p>\n\n\n\n<p>Os candidatos ser\u00e3o avaliados com provas objetivas (car\u00e1ter classificat\u00f3rio e eliminat\u00f3rio) que ter\u00e3o quest\u00f5es de l\u00edngua portuguesa, matem\u00e1tica e conhecimentos espec\u00edficos. As provas acontecer\u00e3o no dia 26 de mar\u00e7o.<br><\/p>\n\n\n\n<p>O concurso \u00e9 v\u00e1lido por 24 meses, a partir da data do resultado final. O prazo poder\u00e1 ser prorrogado uma vez, por igual per\u00edodo, a crit\u00e9rio da administra\u00e7\u00e3o.<\/p>\n\n\n\n<h2 class=\"wp-block-heading\"><strong>Como realizar a inscri\u00e7\u00e3o<\/strong><\/h2>\n\n\n\n<p>A inscri\u00e7\u00e3o estar\u00e1 dispon\u00edvel a partir das 10h de quarta-feira (11) at\u00e9 \u00e0s 23h59 do dia 16 de fevereiro (hor\u00e1rio oficial de Bras\u00edlia), exclusivamente pela internet, no site da&nbsp;Funda\u00e7\u00e3o Vunesp.<\/p>\n\n\n\n<ul class=\"wp-block-list\">\n<li>Para inscrever-se, o candidato dever\u00e1 seguir alguns passos. Confira:<br>Acesse o site;<\/li>\n\n\n\n<li>Localize o \u201clink\u201d relacionado ao Concurso P\u00fablico de educador infantil em Jundia\u00ed;<\/li>\n\n\n\n<li>Ler, na \u00edntegra e atentamente, o&nbsp;<a href=\"https:\/\/documento.vunesp.com.br\/documento\/stream\/MzIxMzU0Ng%3d%3d\" target=\"_blank\" rel=\"noreferrer noopener\">edital do concurso.<\/a><\/li>\n\n\n\n<li>Preencha a ficha de inscri\u00e7\u00e3o;<\/li>\n\n\n\n<li>Escolha o cargo que deseja concorrer;<\/li>\n\n\n\n<li>Envie os dados da inscri\u00e7\u00e3o clicando no bot\u00e3o \u201cEnviar Solicita\u00e7\u00e3o\u201d;<\/li>\n\n\n\n<li>Imprima o boleto banc\u00e1rio;<\/li>\n\n\n\n<li>Efetue o pagamento correspondente da taxa de inscri\u00e7\u00e3o at\u00e9 17 de fevereiro, data limite, em qualquer ag\u00eancia banc\u00e1ria.<\/li>\n<\/ul>\n\n\n\n<p><strong><em>(Fonte: G1\/Imagem: Canva)<br><\/em><\/strong><\/p>\n","protected":false},"excerpt":{"rendered":"<p>A inscri\u00e7\u00e3o estar\u00e1 dispon\u00edvel a partir das 10h de quarta-feira (11) at\u00e9 \u00e0s 23h59 do dia 16 de fevereiro<\/p>\n","protected":false},"author":27,"featured_media":103610,"comment_status":"closed","ping_status":"0","sticky":false,"template":"","format":"standard","meta":{"footnotes":""},"categories":[8356],"tags":[],"class_list":["post-103609","post","type-post","status-publish","format-standard","has-post-thumbnail","hentry","category-jundiai"],"_links":{"self":[{"href":"https:\/\/tvtecjundiai.com.br\/news\/wp-json\/wp\/v2\/posts\/103609","targetHints":{"allow":["GET"]}}],"collection":[{"href":"https:\/\/tvtecjundiai.com.br\/news\/wp-json\/wp\/v2\/posts"}],"about":[{"href":"https:\/\/tvtecjundiai.com.br\/news\/wp-json\/wp\/v2\/types\/post"}],"author":[{"embeddable":true,"href":"https:\/\/tvtecjundiai.com.br\/news\/wp-json\/wp\/v2\/users\/27"}],"replies":[{"embeddable":true,"href":"https:\/\/tvtecjundiai.com.br\/news\/wp-json\/wp\/v2\/comments?post=103609"}],"version-history":[{"count":2,"href":"https:\/\/tvtecjundiai.com.br\/news\/wp-json\/wp\/v2\/posts\/103609\/revisions"}],"predecessor-version":[{"id":103613,"href":"https:\/\/tvtecjundiai.com.br\/news\/wp-json\/wp\/v2\/posts\/103609\/revisions\/103613"}],"wp:featuredmedia":[{"embeddable":true,"href":"https:\/\/tvtecjundiai.com.br\/news\/wp-json\/wp\/v2\/media\/103610"}],"wp:attachment":[{"href":"https:\/\/tvtecjundiai.com.br\/news\/wp-json\/wp\/v2\/media?parent=103609"}],"wp:term":[{"taxonomy":"category","embeddable":true,"href":"https:\/\/tvtecjundiai.com.br\/news\/wp-json\/wp\/v2\/categories?post=103609"},{"taxonomy":"post_tag","embeddable":true,"href":"https:\/\/tvtecjundiai.com.br\/news\/wp-json\/wp\/v2\/tags?post=103609"}],"curies":[{"name":"wp","href":"https:\/\/api.w.org\/{rel}","templated":true}]}}