{"id":103614,"date":"2023-01-10T17:09:37","date_gmt":"2023-01-10T20:09:37","guid":{"rendered":"https:\/\/tvtecjundiai.com.br\/news\/?p=103614"},"modified":"2023-01-10T17:09:46","modified_gmt":"2023-01-10T20:09:46","slug":"equipe-do-samu-jundiai-realiza-parto-no-jardim-fepasa","status":"publish","type":"post","link":"https:\/\/tvtecjundiai.com.br\/news\/2023\/01\/10\/equipe-do-samu-jundiai-realiza-parto-no-jardim-fepasa\/","title":{"rendered":"Equipe do SAMU Jundia\u00ed realiza parto no Jardim Fepasa"},"content":{"rendered":"\n<p>A emo\u00e7\u00e3o tomou conta da equipe do SAMU (Servi\u00e7o de Atendimento M\u00f3vel de Urg\u00eancia) na madrugada desta ter\u00e7a-feira, dia 10. A equipe foi acionada \u2013 \u00e0s 2h45 &#8211; por um morador do Jardim Fepasa para prestar atendimento a uma mulher em trabalho de parto. Rapidamente a equipe se deslocou para a ocorr\u00eancia com a Unidade de Suporte Avan\u00e7ado. No local, Francine Mandu da Silva, 34 anos, teve todo o suporte da equipe, sob o comando do m\u00e9dico coordenador do SAMU, M\u00e1rio Jorge Kodama, para dar \u00e0 luz pequena Maria Eduarda. Os profissionais, comovidos pelo desfecho positivo do parto, considerado de risco, seguiram com todos os cuidados de&nbsp; p\u00f3s-parto imediato, aquecendo o beb\u00ea, seccionando o cord\u00e3o umbilical e avaliando condi\u00e7\u00f5es cl\u00ednicas de ambas \u2013 m\u00e3e e beb\u00ea. Em seguida, foram encaminhadas ao Hospital Universit\u00e1rio (HU).<\/p>\n\n\n\n<figure class=\"wp-block-image size-large\"><img decoding=\"async\" src=\"https:\/\/tvtecjundiai.com.br\/news\/wp-content\/uploads\/sites\/2\/2023\/01\/Dr.-Kodama-Ocorrencias-como-esta-me-fazem-continuar-acreditando-no-meu-proposito-720x960.jpeg\" alt=\"\" class=\"wp-image-103615\" \/><\/figure>\n\n\n\n<p>\u201cQuando chegamos ao local, pudemos prestar toda a assist\u00eancia necess\u00e1ria para que tanto a m\u00e3e quanto o beb\u00ea chegassem est\u00e1veis ao hospital. Nossa guerreira \u00e9 sextigesta com cinco ces\u00e1rias pr\u00e9vias e de forma muito corajosa teve seu beb\u00ea. N\u00e3o tenho d\u00favida que essa ocorr\u00eancia foi uma mensagem que recebi para continuar acreditando no meu prop\u00f3sito e fazendo o nosso melhor para os pacientes. Bem-vinda ao mundo Maria Eduarda, voc\u00ea fez nosso dia valer a pena!!!\u201d, comemorou o m\u00e9dico Kodama.<\/p>\n\n\n\n<figure class=\"wp-block-image size-large\"><img loading=\"lazy\" decoding=\"async\" width=\"720\" height=\"960\" src=\"https:\/\/tvtecjundiai.com.br\/news\/wp-content\/uploads\/sites\/2\/2023\/01\/Equipe-do-SAMU-ao-lado-da-mae-Francine-e-da-pequena-Maria-Eduarda-720x960.jpeg\" alt=\"\" class=\"wp-image-103616\" srcset=\"https:\/\/tvtecjundiai.com.br\/news\/wp-content\/uploads\/sites\/2\/2023\/01\/Equipe-do-SAMU-ao-lado-da-mae-Francine-e-da-pequena-Maria-Eduarda-720x960.jpeg 720w, https:\/\/tvtecjundiai.com.br\/news\/wp-content\/uploads\/sites\/2\/2023\/01\/Equipe-do-SAMU-ao-lado-da-mae-Francine-e-da-pequena-Maria-Eduarda-300x400.jpeg 300w, https:\/\/tvtecjundiai.com.br\/news\/wp-content\/uploads\/sites\/2\/2023\/01\/Equipe-do-SAMU-ao-lado-da-mae-Francine-e-da-pequena-Maria-Eduarda-768x1024.jpeg 768w, https:\/\/tvtecjundiai.com.br\/news\/wp-content\/uploads\/sites\/2\/2023\/01\/Equipe-do-SAMU-ao-lado-da-mae-Francine-e-da-pequena-Maria-Eduarda-1152x1536.jpeg 1152w, https:\/\/tvtecjundiai.com.br\/news\/wp-content\/uploads\/sites\/2\/2023\/01\/Equipe-do-SAMU-ao-lado-da-mae-Francine-e-da-pequena-Maria-Eduarda.jpeg 1200w\" sizes=\"auto, (max-width: 720px) 100vw, 720px\" \/><\/figure>\n\n\n\n<p>Al\u00e9m do m\u00e9dico respons\u00e1vel, a equipe que prestou o atendimento contou com o enfermeiro Dfagner e do condutor Sidney. A Guarda Municipal tamb\u00e9m deu suporte nesta ocorr\u00eancia.<\/p>\n\n\n\n<p><strong><em>(Fonte\/Imagem: Assessoria Hospital S\u00e3o Vicente)<\/em><\/strong><\/p>\n","protected":false},"excerpt":{"rendered":"<p>A Guarda Municipal tamb\u00e9m deu suporte nesta ocorr\u00eancia.<\/p>\n","protected":false},"author":27,"featured_media":103615,"comment_status":"closed","ping_status":"0","sticky":false,"template":"","format":"standard","meta":{"footnotes":""},"categories":[8356,2839],"tags":[],"class_list":["post-103614","post","type-post","status-publish","format-standard","has-post-thumbnail","hentry","category-jundiai","category-saude"],"_links":{"self":[{"href":"https:\/\/tvtecjundiai.com.br\/news\/wp-json\/wp\/v2\/posts\/103614","targetHints":{"allow":["GET"]}}],"collection":[{"href":"https:\/\/tvtecjundiai.com.br\/news\/wp-json\/wp\/v2\/posts"}],"about":[{"href":"https:\/\/tvtecjundiai.com.br\/news\/wp-json\/wp\/v2\/types\/post"}],"author":[{"embeddable":true,"href":"https:\/\/tvtecjundiai.com.br\/news\/wp-json\/wp\/v2\/users\/27"}],"replies":[{"embeddable":true,"href":"https:\/\/tvtecjundiai.com.br\/news\/wp-json\/wp\/v2\/comments?post=103614"}],"version-history":[{"count":1,"href":"https:\/\/tvtecjundiai.com.br\/news\/wp-json\/wp\/v2\/posts\/103614\/revisions"}],"predecessor-version":[{"id":103617,"href":"https:\/\/tvtecjundiai.com.br\/news\/wp-json\/wp\/v2\/posts\/103614\/revisions\/103617"}],"wp:featuredmedia":[{"embeddable":true,"href":"https:\/\/tvtecjundiai.com.br\/news\/wp-json\/wp\/v2\/media\/103615"}],"wp:attachment":[{"href":"https:\/\/tvtecjundiai.com.br\/news\/wp-json\/wp\/v2\/media?parent=103614"}],"wp:term":[{"taxonomy":"category","embeddable":true,"href":"https:\/\/tvtecjundiai.com.br\/news\/wp-json\/wp\/v2\/categories?post=103614"},{"taxonomy":"post_tag","embeddable":true,"href":"https:\/\/tvtecjundiai.com.br\/news\/wp-json\/wp\/v2\/tags?post=103614"}],"curies":[{"name":"wp","href":"https:\/\/api.w.org\/{rel}","templated":true}]}}