{"id":10362,"date":"2018-05-15T14:05:04","date_gmt":"2018-05-15T17:05:04","guid":{"rendered":"https:\/\/tvtecjundiai.com.br\/news\/?p=10362"},"modified":"2018-05-15T14:05:26","modified_gmt":"2018-05-15T17:05:26","slug":"seletiva-de-skate-no-sororoca-sera-neste-domingo-20","status":"publish","type":"post","link":"https:\/\/tvtecjundiai.com.br\/news\/2018\/05\/15\/seletiva-de-skate-no-sororoca-sera-neste-domingo-20\/","title":{"rendered":"Seletiva de skate no Sororoca ser\u00e1 neste domingo (20)"},"content":{"rendered":"<div id=\"attachment_10363\" style=\"width: 360px\" class=\"wp-caption alignright\"><a href=\"https:\/\/tvtecjundiai.com.br\/news\/wp-content\/uploads\/sites\/2\/2018\/05\/sororoca-2-1.jpg\"><img loading=\"lazy\" decoding=\"async\" aria-describedby=\"caption-attachment-10363\" class=\"wp-image-10363\" src=\"https:\/\/tvtecjundiai.com.br\/news\/wp-content\/uploads\/sites\/2\/2018\/05\/sororoca-2-1-300x200.jpg\" alt=\"\" width=\"350\" height=\"233\" srcset=\"https:\/\/tvtecjundiai.com.br\/news\/wp-content\/uploads\/sites\/2\/2018\/05\/sororoca-2-1-300x200.jpg 300w, https:\/\/tvtecjundiai.com.br\/news\/wp-content\/uploads\/sites\/2\/2018\/05\/sororoca-2-1-768x512.jpg 768w, https:\/\/tvtecjundiai.com.br\/news\/wp-content\/uploads\/sites\/2\/2018\/05\/sororoca-2-1-1200x800.jpg 1200w, https:\/\/tvtecjundiai.com.br\/news\/wp-content\/uploads\/sites\/2\/2018\/05\/sororoca-2-1.jpg 1280w\" sizes=\"auto, (max-width: 350px) 100vw, 350px\" \/><\/a><p id=\"caption-attachment-10363\" class=\"wp-caption-text\">Evento marca primeira seletiva para a forma\u00e7\u00e3o do TIME Jundia\u00ed de street skate<\/p><\/div>\n<p>A Unidade de Gest\u00e3o de Esporte e Lazer (UGEL) realiza, no pr\u00f3ximo domingo (20), a partir das 9h, no Complexo Esportivo Jos\u00e9 Brenna, o Sororoca, a primeira seletiva para a forma\u00e7\u00e3o do TIME Jundia\u00ed de street skate. Os selecionados representar\u00e3o o Munic\u00edpio nos Jogos Abertos, que acontecem em julho.<\/p>\n<p>De acordo com a diretora do Departamento de Esporte de Rendimento, Rita Orsi, esta ser\u00e1 a primeira vez que a modalidade integra a competi\u00e7\u00e3o. \u201cA seletiva tem por objetivo, al\u00e9m de selecionar praticantes para a forma\u00e7\u00e3o dos representantes da cidade, incentivar a pr\u00e1tica da modalidade\u201d, comenta.<\/p>\n<p>Os interessados em participar devem comparecer ao Sororoca, das 9h \u00e0s 11h30, para se inscrever. O presidente da Associa\u00e7\u00e3o de Skate de Jundia\u00ed, Almir Rog\u00e9rio Trombini, explica que cada competidor tem um minuto de volta para expor todas as manobras. \u201cA classifica\u00e7\u00e3o ser\u00e1 feita com base no desempenho dos atletas, estilo, velocidade e complexidade nas manobras. Temos cerca de mil pessoas praticando a modalidade nas v\u00e1rias categorias e com qualidade para disputar provas representado a cidade\u201d, comenta.<\/p>\n<p>A inscri\u00e7\u00e3o \u00e9 gratuita e v\u00e1lida somente para menores de 20 anos.<\/p>\n<p><em>Fonte: Prefeitura de Jundia\u00ed<\/em><\/p>\n","protected":false},"excerpt":{"rendered":"<p>Inscri\u00e7\u00e3o \u00e9 gratuita e v\u00e1lida somente para menores de 20 anos<\/p>\n","protected":false},"author":10,"featured_media":10363,"comment_status":"closed","ping_status":"closed","sticky":false,"template":"","format":"standard","meta":{"footnotes":""},"categories":[2827],"tags":[5,120,121,2191,15],"class_list":["post-10362","post","type-post","status-publish","format-standard","has-post-thumbnail","hentry","category-esportes-e-lazer","tag-jundiai","tag-skate","tag-sororoca","tag-time-jundiai","tag-tvtec"],"_links":{"self":[{"href":"https:\/\/tvtecjundiai.com.br\/news\/wp-json\/wp\/v2\/posts\/10362","targetHints":{"allow":["GET"]}}],"collection":[{"href":"https:\/\/tvtecjundiai.com.br\/news\/wp-json\/wp\/v2\/posts"}],"about":[{"href":"https:\/\/tvtecjundiai.com.br\/news\/wp-json\/wp\/v2\/types\/post"}],"author":[{"embeddable":true,"href":"https:\/\/tvtecjundiai.com.br\/news\/wp-json\/wp\/v2\/users\/10"}],"replies":[{"embeddable":true,"href":"https:\/\/tvtecjundiai.com.br\/news\/wp-json\/wp\/v2\/comments?post=10362"}],"version-history":[{"count":3,"href":"https:\/\/tvtecjundiai.com.br\/news\/wp-json\/wp\/v2\/posts\/10362\/revisions"}],"predecessor-version":[{"id":10366,"href":"https:\/\/tvtecjundiai.com.br\/news\/wp-json\/wp\/v2\/posts\/10362\/revisions\/10366"}],"wp:featuredmedia":[{"embeddable":true,"href":"https:\/\/tvtecjundiai.com.br\/news\/wp-json\/wp\/v2\/media\/10363"}],"wp:attachment":[{"href":"https:\/\/tvtecjundiai.com.br\/news\/wp-json\/wp\/v2\/media?parent=10362"}],"wp:term":[{"taxonomy":"category","embeddable":true,"href":"https:\/\/tvtecjundiai.com.br\/news\/wp-json\/wp\/v2\/categories?post=10362"},{"taxonomy":"post_tag","embeddable":true,"href":"https:\/\/tvtecjundiai.com.br\/news\/wp-json\/wp\/v2\/tags?post=10362"}],"curies":[{"name":"wp","href":"https:\/\/api.w.org\/{rel}","templated":true}]}}