{"id":103621,"date":"2023-01-11T09:03:16","date_gmt":"2023-01-11T12:03:16","guid":{"rendered":"https:\/\/tvtecjundiai.com.br\/news\/?p=103621"},"modified":"2023-01-11T09:03:20","modified_gmt":"2023-01-11T12:03:20","slug":"revitalizacao-do-centro-e-tema-de-reuniao-no-paco-municipal","status":"publish","type":"post","link":"https:\/\/tvtecjundiai.com.br\/news\/2023\/01\/11\/revitalizacao-do-centro-e-tema-de-reuniao-no-paco-municipal\/","title":{"rendered":"Revitaliza\u00e7\u00e3o do Centro \u00e9 tema de reuni\u00e3o no Pa\u00e7o Municipal"},"content":{"rendered":"\n<p>O projeto de revitaliza\u00e7\u00e3o da regi\u00e3o central foi a pauta da reuni\u00e3o entre gestores realizada na manh\u00e3 desta ter\u00e7a-feira (10), na Sala de Situa\u00e7\u00e3o do Pa\u00e7o Municipal. Na oportunidade, foi apresentado o Plano de Bairro completo, foram discutidas as problem\u00e1ticas existentes, al\u00e9m das principais a\u00e7\u00f5es necess\u00e1rias para resolv\u00ea-las, al\u00e9m das entregas que j\u00e1 est\u00e3o em execu\u00e7\u00e3o. A reuni\u00e3o foi liderada pelo Gestor de Governo e Finan\u00e7as (UGGF), Jos\u00e9 Antonio Parimoschi. O vice-prefeito Gustavo Martinelli tamb\u00e9m participou da reuni\u00e3o.<\/p>\n\n\n\n<p>\u201cA ideia \u00e9 realizar uma constru\u00e7\u00e3o conjunta que beneficie o comerciante instalado na regi\u00e3o central, as pessoas que frequentam e traga a sensa\u00e7\u00e3o de pertencimento do espa\u00e7o \u00e0 popula\u00e7\u00e3o. Para isso existem planos desenvolvidos de forma intersetorial e devem ser aplicados a curto e m\u00e9dio prazo\u201d, comenta Parimoschi.<\/p>\n\n\n\n<figure class=\"wp-block-image\"><img decoding=\"async\" src=\"https:\/\/jundiai.sp.gov.br\/noticias\/wp-content\/uploads\/sites\/32\/2023\/01\/reuniao_revitalizacao-no-centro_m_-18.jpg\" alt=\"\" class=\"wp-image-309040\" \/><figcaption class=\"wp-element-caption\">Em encontro, gestores debateram desafios e a\u00e7\u00f5es para o projeto de revitaliza\u00e7\u00e3o do Centro<\/figcaption><\/figure>\n\n\n\n<p>Dentre as principais a\u00e7\u00f5es de curto prazo est\u00e1 a intensifica\u00e7\u00e3o dos trabalhos da Guarda Municipal, Assist\u00eancia Social e Promo\u00e7\u00e3o de Sa\u00fade. As a\u00e7\u00f5es ser\u00e3o somadas com as obras, j\u00e1 em andamento, do Centro das Artes, localizado na rua Bar\u00e3o de Jundia\u00ed.<\/p>\n\n\n\n<p>A revitaliza\u00e7\u00e3o do Centro compreende, ainda: requalifica\u00e7\u00e3o do cal\u00e7ad\u00e3o, nas pra\u00e7as Governador Pedro de Toledo e Marechal Floriano Peixoto, na Matriz, Tib\u00farcio Estevam Siqueira, no Largo S\u00e3o Bento, Rui Barbosa, pr\u00f3xima ao Gabinete, e Dom Pedro II, tamb\u00e9m conhecida como Pra\u00e7a das Rosas. Al\u00e9m disso, ser\u00e1 feita tamb\u00e9m a melhora na ilumina\u00e7\u00e3o e atualiza\u00e7\u00e3o da legisla\u00e7\u00e3o em conjunto com os comerciantes.<\/p>\n\n\n\n<p><strong><em>(Fonte\/Imagem: Prefeitura de Jundia\u00ed)<\/em><\/strong><\/p>\n","protected":false},"excerpt":{"rendered":"<p>Em encontro, gestores debateram desafios e a\u00e7\u00f5es para o projeto de revitaliza\u00e7\u00e3o do Centro.<\/p>\n","protected":false},"author":27,"featured_media":103622,"comment_status":"closed","ping_status":"0","sticky":false,"template":"","format":"standard","meta":{"footnotes":""},"categories":[8356],"tags":[],"class_list":["post-103621","post","type-post","status-publish","format-standard","has-post-thumbnail","hentry","category-jundiai"],"_links":{"self":[{"href":"https:\/\/tvtecjundiai.com.br\/news\/wp-json\/wp\/v2\/posts\/103621","targetHints":{"allow":["GET"]}}],"collection":[{"href":"https:\/\/tvtecjundiai.com.br\/news\/wp-json\/wp\/v2\/posts"}],"about":[{"href":"https:\/\/tvtecjundiai.com.br\/news\/wp-json\/wp\/v2\/types\/post"}],"author":[{"embeddable":true,"href":"https:\/\/tvtecjundiai.com.br\/news\/wp-json\/wp\/v2\/users\/27"}],"replies":[{"embeddable":true,"href":"https:\/\/tvtecjundiai.com.br\/news\/wp-json\/wp\/v2\/comments?post=103621"}],"version-history":[{"count":1,"href":"https:\/\/tvtecjundiai.com.br\/news\/wp-json\/wp\/v2\/posts\/103621\/revisions"}],"predecessor-version":[{"id":103623,"href":"https:\/\/tvtecjundiai.com.br\/news\/wp-json\/wp\/v2\/posts\/103621\/revisions\/103623"}],"wp:featuredmedia":[{"embeddable":true,"href":"https:\/\/tvtecjundiai.com.br\/news\/wp-json\/wp\/v2\/media\/103622"}],"wp:attachment":[{"href":"https:\/\/tvtecjundiai.com.br\/news\/wp-json\/wp\/v2\/media?parent=103621"}],"wp:term":[{"taxonomy":"category","embeddable":true,"href":"https:\/\/tvtecjundiai.com.br\/news\/wp-json\/wp\/v2\/categories?post=103621"},{"taxonomy":"post_tag","embeddable":true,"href":"https:\/\/tvtecjundiai.com.br\/news\/wp-json\/wp\/v2\/tags?post=103621"}],"curies":[{"name":"wp","href":"https:\/\/api.w.org\/{rel}","templated":true}]}}