{"id":103666,"date":"2023-01-13T09:19:38","date_gmt":"2023-01-13T12:19:38","guid":{"rendered":"https:\/\/tvtecjundiai.com.br\/news\/?p=103666"},"modified":"2023-01-13T09:19:46","modified_gmt":"2023-01-13T12:19:46","slug":"visitantes-da-festa-da-uva-poderao-contar-com-onibus-e-receberao-orientacao-de-transito","status":"publish","type":"post","link":"https:\/\/tvtecjundiai.com.br\/news\/2023\/01\/13\/visitantes-da-festa-da-uva-poderao-contar-com-onibus-e-receberao-orientacao-de-transito\/","title":{"rendered":"Visitantes da Festa da Uva poder\u00e3o contar com \u00f4nibus e receber\u00e3o orienta\u00e7\u00e3o de tr\u00e2nsito"},"content":{"rendered":"\n<p>Os visitantes que ir\u00e3o prestigiar a&nbsp;<a href=\"https:\/\/festadauva.jundiai.sp.gov.br\/\">38\u00aa Festa da Uva e 9\u00aa Expo Vinhos<\/a>, no Parque Comendador Ant\u00f4nio Carbonari \u2013 Parque da Uva -, at\u00e9 o dia 5 de fevereiro, poder\u00e3o contar com diversas linhas do servi\u00e7o de transporte coletivo. Al\u00e9m disso, para garantir o deslocamento de pessoas e seguran\u00e7a nas vias, os agentes de Tr\u00e2nsito da Unidade de Gest\u00e3o de Mobilidade e Transporte (UGMT) far\u00e3o monitoramento e orienta\u00e7\u00f5es, em per\u00edodo integral, durante o evento.<\/p>\n\n\n\n<p>O deslocamento do p\u00fablico ser\u00e1 realizado pelas linhas que j\u00e1 circulam pela Avenida Jundia\u00ed, conforme tabelas hor\u00e1rias em vig\u00eancia, no site:&nbsp;<a href=\"https:\/\/situ.jundiai.sp.gov.br\/\">situ.jundiai.sp.gov.br.<\/a><\/p>\n\n\n\n<figure class=\"wp-block-image\"><img decoding=\"async\" src=\"https:\/\/jundiai.sp.gov.br\/noticias\/wp-content\/uploads\/sites\/32\/2023\/01\/terminal-central-valor-da-passagem-do-onibus_fm_-74-1280x854.jpg\" alt=\"DESCRI\u00c7\u00c3O DA IMAGEM: \u00d4nibus amarelo segue na avenida Jundia\u00ed. Em sua lateral, a logomarca Mobilidade Total\" class=\"wp-image-309084\" \/><figcaption class=\"wp-element-caption\">Para chegar ao Parque da Uva, visitantes poder\u00e3o utilizar linhas que circulam pela Avenida Jundia\u00ed<\/figcaption><\/figure>\n\n\n\n<p><br>As linhas s\u00e3o:<\/p>\n\n\n\n<p><strong><em>524 \u2013 Terminal Central\/Malota<\/em><\/strong><\/p>\n\n\n\n<p><strong><em>526 \u2013 Terminal Central\/Vila Alvorada<\/em><\/strong><\/p>\n\n\n\n<p><strong><em>527 \u2013 Terminal Central\/Jardim Guanabara<\/em><\/strong><\/p>\n\n\n\n<p><strong><em>942 \u2013 Terminal Central\/Terminal Eloy Chaves<\/em><\/strong><\/p>\n\n\n\n<p>Para chegar ao Terminal Central, os usu\u00e1rios poder\u00e3o utilizar qualquer linha que fa\u00e7a conex\u00e3o a partir de outros terminais, como as linhas 913 (Terminal Vila Arens e Esta\u00e7\u00e3o Ferrovi\u00e1ria), 962 (Terminais Cecap e Hortol\u00e2ndia), 953 (Terminal Col\u00f4nia), 928 (Terminal Rami) ou 738\/721 (Rodovi\u00e1ria).<\/p>\n\n\n\n<p>Em todos os dias do evento, para oferecer servi\u00e7o de qualidade aos usu\u00e1rios, haver\u00e1 monitoramento e acompanhamento de equipes da UGMT e das empresas concession\u00e1rias para disponibilizar ve\u00edculos extras, caso necess\u00e1rio, de acordo com a demanda de passageiros.<\/p>\n\n\n\n<p><strong>Orienta\u00e7\u00e3o e Seguran\u00e7a no Tr\u00e2nsito<\/strong><\/p>\n\n\n\n<p>Com expectativa de grande p\u00fablico, a atua\u00e7\u00e3o de agentes de Tr\u00e2nsito tamb\u00e9m ser\u00e1 em tempo integral, durante todo o per\u00edodo da Festa.<\/p>\n\n\n\n<figure class=\"wp-block-image\"><img decoding=\"async\" src=\"https:\/\/jundiai.sp.gov.br\/noticias\/wp-content\/uploads\/sites\/32\/2023\/01\/agente-transito.jpg\" alt=\"DESCRI\u00c7\u00c3O DE IMAGEM: Agente de tr\u00e2nsito com uniforme verde luminoso, de costas, orienta o tr\u00e2nsito de ve\u00edculos na avenida Jundia\u00ed\" class=\"wp-image-309090\" \/><figcaption class=\"wp-element-caption\">Agentes de tr\u00e2nsito v\u00e3o orientar motoristas e auxiliar na travessia segura de pedestres, durante a Festa da Uva<\/figcaption><\/figure>\n\n\n\n<p>Para garantir a fluidez e seguran\u00e7a vi\u00e1ria, os agentes v\u00e3o orientar os motoristas com rela\u00e7\u00e3o aos acessos e estacionamentos, no entorno do Parque, al\u00e9m de auxiliar na travessia segura de pedestres, monitorando e agindo rapidamente em eventuais ocorr\u00eancias.<\/p>\n\n\n\n<p><strong>Servi\u00e7o:<\/strong><\/p>\n\n\n\n<p><strong>38\u00aa Festa da Uva e 9\u00aa Expo Vinhos de Jundia\u00ed 2023<\/strong><\/p>\n\n\n\n<p><strong>Quando:&nbsp;<\/strong>At\u00e9 o dia 05 de fevereiro<\/p>\n\n\n\n<p><strong>Hor\u00e1rios:<\/strong>&nbsp;Sextas-feiras: das 18h \u00e0s 22h; S\u00e1bados: das 10h \u00e0s 22h; Domingos: das 10h \u00e0s 21h.<\/p>\n\n\n\n<p><strong>Local:<\/strong>&nbsp;Parque Comendador Ant\u00f4nio Carbonari \u2013 Parque da Uva \u2013 Av. Jundia\u00ed s\/n<\/p>\n\n\n\n<p><strong>Entrada:<\/strong>&nbsp;gratuita<\/p>\n\n\n\n<p><strong>A\u00e7\u00e3o solid\u00e1ria<\/strong>: Doa\u00e7\u00e3o de 1 quilo de alimento n\u00e3o perec\u00edvel para o Fundo Social.<\/p>\n\n\n\n<p><strong><em>(Fonte\/Imagem: Prefeitura de Jundia\u00ed)<\/em><\/strong><\/p>\n","protected":false},"excerpt":{"rendered":"<p>Para chegar ao Parque da Uva, visitantes poder\u00e3o utilizar linhas que circulam pela Avenida Jundia\u00ed.<\/p>\n","protected":false},"author":27,"featured_media":103667,"comment_status":"closed","ping_status":"0","sticky":false,"template":"","format":"standard","meta":{"footnotes":""},"categories":[8356],"tags":[],"class_list":["post-103666","post","type-post","status-publish","format-standard","has-post-thumbnail","hentry","category-jundiai"],"_links":{"self":[{"href":"https:\/\/tvtecjundiai.com.br\/news\/wp-json\/wp\/v2\/posts\/103666","targetHints":{"allow":["GET"]}}],"collection":[{"href":"https:\/\/tvtecjundiai.com.br\/news\/wp-json\/wp\/v2\/posts"}],"about":[{"href":"https:\/\/tvtecjundiai.com.br\/news\/wp-json\/wp\/v2\/types\/post"}],"author":[{"embeddable":true,"href":"https:\/\/tvtecjundiai.com.br\/news\/wp-json\/wp\/v2\/users\/27"}],"replies":[{"embeddable":true,"href":"https:\/\/tvtecjundiai.com.br\/news\/wp-json\/wp\/v2\/comments?post=103666"}],"version-history":[{"count":1,"href":"https:\/\/tvtecjundiai.com.br\/news\/wp-json\/wp\/v2\/posts\/103666\/revisions"}],"predecessor-version":[{"id":103668,"href":"https:\/\/tvtecjundiai.com.br\/news\/wp-json\/wp\/v2\/posts\/103666\/revisions\/103668"}],"wp:featuredmedia":[{"embeddable":true,"href":"https:\/\/tvtecjundiai.com.br\/news\/wp-json\/wp\/v2\/media\/103667"}],"wp:attachment":[{"href":"https:\/\/tvtecjundiai.com.br\/news\/wp-json\/wp\/v2\/media?parent=103666"}],"wp:term":[{"taxonomy":"category","embeddable":true,"href":"https:\/\/tvtecjundiai.com.br\/news\/wp-json\/wp\/v2\/categories?post=103666"},{"taxonomy":"post_tag","embeddable":true,"href":"https:\/\/tvtecjundiai.com.br\/news\/wp-json\/wp\/v2\/tags?post=103666"}],"curies":[{"name":"wp","href":"https:\/\/api.w.org\/{rel}","templated":true}]}}