{"id":103675,"date":"2023-01-13T16:41:52","date_gmt":"2023-01-13T19:41:52","guid":{"rendered":"https:\/\/tvtecjundiai.com.br\/news\/?p=103675"},"modified":"2023-01-13T16:41:58","modified_gmt":"2023-01-13T19:41:58","slug":"secretaria-estadual-de-cultura-escolhe-jundiai-para-primeira-visita-oficial","status":"publish","type":"post","link":"https:\/\/tvtecjundiai.com.br\/news\/2023\/01\/13\/secretaria-estadual-de-cultura-escolhe-jundiai-para-primeira-visita-oficial\/","title":{"rendered":"Secret\u00e1ria estadual de Cultura escolhe Jundia\u00ed para primeira visita oficial"},"content":{"rendered":"\n<p>Jundia\u00ed foi o Munic\u00edpio escolhido pela nova secret\u00e1ria estadual de Cultura e Economia Criativa, Marilia Marton, para a realiza\u00e7\u00e3o de sua primeira visita fora da capital desde que foi empossada pelo Governo do Estado de S\u00e3o Paulo. Antes de sua participa\u00e7\u00e3o na abertura da&nbsp;<a rel=\"noreferrer noopener\" href=\"https:\/\/festadauva.jundiai.sp.gov.br\/\" target=\"_blank\">38\u00aa Festa da Uva e 9\u00aa Expo Vinhos<\/a>, na quinta-feira (12), a nova titular da pasta iniciou sua agenda pelo Espa\u00e7o Expressa (antigo Complexo Fepasa), onde foi recebida pelo gestor da Unidade de Gest\u00e3o de Cultura (UGC), Marcelo Peroni, e diretores.<\/p>\n\n\n\n<p>Durante a visita pelos diversos ambientes do Expressa \u2013 como o Museu Ferrovi\u00e1rio, a Sala Jundia\u00ed de espet\u00e1culos, o espa\u00e7o administrativo e a plataforma de desembarque em processo de revitaliza\u00e7\u00e3o -, Mar\u00edlia conheceu ainda detalhes sobre as frentes de trabalho da Prefeitura desde 2017 para a revitaliza\u00e7\u00e3o do local e do novo conceito de ocupa\u00e7\u00e3o ali implementado.<\/p>\n\n\n\n<figure class=\"wp-block-image\"><img decoding=\"async\" src=\"https:\/\/jundiai.sp.gov.br\/noticias\/wp-content\/uploads\/sites\/32\/2023\/01\/visita-da-secretaria-de-cultura-marilia-marton-ao-espaco-expressa_fm_-18-1280x854.jpg\" alt=\"\" class=\"wp-image-309234\" \/><figcaption class=\"wp-element-caption\">Durante a visita ao Museu, Marilia conferiu a instala\u00e7\u00e3o que simula a sala de espera de uma esta\u00e7\u00e3o ferrovi\u00e1ria do s\u00e9culo passado<\/figcaption><\/figure>\n\n\n\n<p>\u201c\u00c9 muito significativa a escolha da Marilia em visitar Jundia\u00ed, conhecer as frentes de trabalho pela preserva\u00e7\u00e3o do patrim\u00f4nio local e pelo incentivo e fomento aos trabalhadores de Cultura e Economia Criativa no Munic\u00edpio. Trata-se ainda de uma agenda conjunta importante para o alinhamento de trabalhos futuros, inclusive para a retomada das tratativas iniciadas com a pasta para a instala\u00e7\u00e3o aqui no Expressa da \u2018F\u00e1brica de Cultura 4.0\u2019, equipamento voltado \u00e0 produ\u00e7\u00e3o e valoriza\u00e7\u00e3o de Cultura\u201d, comentou Peroni.<\/p>\n\n\n\n<p>\u201cFiz quest\u00e3o de vir para Jundia\u00ed e passar no Espa\u00e7o Expressa, antigo Complexo Fepasa, e notar a preserva\u00e7\u00e3o desse equipamento hist\u00f3rico da cidade, que ser\u00e1 um polo cultural maior ainda. J\u00e1 a Festa da Uva \u00e9 um dos eventos mais tradicionais do estado de S\u00e3o Paulo e quando falamos de cultura, falamos de hist\u00f3ria, das nossas ra\u00edzes. E n\u00e3o h\u00e1 investimento maior na cultura do que conhecermos e recordarmos a nossa identidade. Perdemos isso ao longo do tempo e \u00e9 muito significativo ver os artistas representando as origens italianas e chegarmos at\u00e9 aqui, na 38\u00aa edi\u00e7\u00e3o desta festa linda, alegre, em uma cidade maravilhosa. Tudo isso \u00e9 fruto de muito trabalho e de uma boa lideran\u00e7a do prefeito do Munic\u00edpio\u201d, destacou a secret\u00e1ria.<\/p>\n\n\n\n<p><strong><em>(Fonte\/Imagem: Prefeitura de Jundia\u00ed)<\/em><\/strong><\/p>\n","protected":false},"excerpt":{"rendered":"<p>Trata-se ainda de uma agenda conjunta importante para o alinhamento de trabalhos futuros.<\/p>\n","protected":false},"author":27,"featured_media":103676,"comment_status":"closed","ping_status":"0","sticky":false,"template":"","format":"standard","meta":{"footnotes":""},"categories":[2833,8356],"tags":[],"class_list":["post-103675","post","type-post","status-publish","format-standard","has-post-thumbnail","hentry","category-cultura","category-jundiai"],"_links":{"self":[{"href":"https:\/\/tvtecjundiai.com.br\/news\/wp-json\/wp\/v2\/posts\/103675","targetHints":{"allow":["GET"]}}],"collection":[{"href":"https:\/\/tvtecjundiai.com.br\/news\/wp-json\/wp\/v2\/posts"}],"about":[{"href":"https:\/\/tvtecjundiai.com.br\/news\/wp-json\/wp\/v2\/types\/post"}],"author":[{"embeddable":true,"href":"https:\/\/tvtecjundiai.com.br\/news\/wp-json\/wp\/v2\/users\/27"}],"replies":[{"embeddable":true,"href":"https:\/\/tvtecjundiai.com.br\/news\/wp-json\/wp\/v2\/comments?post=103675"}],"version-history":[{"count":1,"href":"https:\/\/tvtecjundiai.com.br\/news\/wp-json\/wp\/v2\/posts\/103675\/revisions"}],"predecessor-version":[{"id":103677,"href":"https:\/\/tvtecjundiai.com.br\/news\/wp-json\/wp\/v2\/posts\/103675\/revisions\/103677"}],"wp:featuredmedia":[{"embeddable":true,"href":"https:\/\/tvtecjundiai.com.br\/news\/wp-json\/wp\/v2\/media\/103676"}],"wp:attachment":[{"href":"https:\/\/tvtecjundiai.com.br\/news\/wp-json\/wp\/v2\/media?parent=103675"}],"wp:term":[{"taxonomy":"category","embeddable":true,"href":"https:\/\/tvtecjundiai.com.br\/news\/wp-json\/wp\/v2\/categories?post=103675"},{"taxonomy":"post_tag","embeddable":true,"href":"https:\/\/tvtecjundiai.com.br\/news\/wp-json\/wp\/v2\/tags?post=103675"}],"curies":[{"name":"wp","href":"https:\/\/api.w.org\/{rel}","templated":true}]}}