{"id":103678,"date":"2023-01-13T16:44:35","date_gmt":"2023-01-13T19:44:35","guid":{"rendered":"https:\/\/tvtecjundiai.com.br\/news\/?p=103678"},"modified":"2023-01-13T16:44:42","modified_gmt":"2023-01-13T19:44:42","slug":"ferias-na-cultura-criancada-embarca-em-aventura-teatral-na-biblioteca","status":"publish","type":"post","link":"https:\/\/tvtecjundiai.com.br\/news\/2023\/01\/13\/ferias-na-cultura-criancada-embarca-em-aventura-teatral-na-biblioteca\/","title":{"rendered":"F\u00e9rias na Cultura: crian\u00e7ada \u2018embarca\u2019 em aventura teatral na Biblioteca"},"content":{"rendered":"\n<p>Dezenas de crian\u00e7as e seus cuidadores acompanharam, na tarde desta quinta-feira (12), a apresenta\u00e7\u00e3o do espet\u00e1culo teatral \u201cOs marinheiros\u201d, com a Cia. Grifo de Teatro, na Biblioteca Municipal Professor Nelson Foot. A atra\u00e7\u00e3o fez parte da programa\u00e7\u00e3o de&nbsp;<a href=\"https:\/\/cultura.jundiai.sp.gov.br\/eventos\/tag\/ferias-na-cultura-2023\/\" target=\"_blank\" rel=\"noreferrer noopener\">F\u00e9rias na Cultura<\/a>, iniciativa da Unidade de Gest\u00e3o de Cultura (UGC) pelo programa municipal Cidade das Crian\u00e7as para o per\u00edodo de f\u00e9rias escolares.<\/p>\n\n\n\n<p>\u201cEsta programa\u00e7\u00e3o de \u2018F\u00e9rias na Cultura\u2019 segue ao longo do m\u00eas, com atra\u00e7\u00f5es das mais diversas linguagens art\u00edsticas em quatro dos nossos equipamentos culturais. S\u00e3o atra\u00e7\u00f5es pensadas para que as crian\u00e7as e jovens possam passar por experi\u00eancias diferentes com seus cuidadores e amigos, ocupando esses espa\u00e7os n\u00e3o s\u00f3 durante a programa\u00e7\u00e3o, mas tamb\u00e9m ao longo do ano\u201d, comentou o gestor da UGC, Marcelo Peroni.<\/p>\n\n\n\n<p><a href=\"https:\/\/www.flickr.com\/photos\/prefeituradejundiai\/albums\/72177720304983334\" target=\"_blank\" rel=\"noreferrer noopener\">CONFIRA AS FOTOS DA PROGRAMA\u00c7\u00c3O<\/a><\/p>\n\n\n\n<figure class=\"wp-block-image\"><img decoding=\"async\" src=\"https:\/\/jundiai.sp.gov.br\/noticias\/wp-content\/uploads\/sites\/32\/2023\/01\/ferias-na-cultura-espetaculo-os-marinheiros-cia-grife_fm_-92-1280x854.jpg\" alt=\"\" class=\"wp-image-309213\" \/><figcaption class=\"wp-element-caption\">\u201cOs marinheiros\u201d conta as aventuras da busca do tesouro do capit\u00e3o Bonan\u00e7a<\/figcaption><\/figure>\n\n\n\n<p>Irati Silva, moradora do Rio Acima, aproveitou para levar o filho Jefferson (oito anos), J\u00e9ssica (tr\u00eas anos) e a sobrinha Isabella (11), que mora na capital e est\u00e1 passando uns dias das f\u00e9rias com os primos. \u201cSoubemos da programa\u00e7\u00e3o e o dia come\u00e7ou cedo para aproveitar. Pela manh\u00e3, fomos ao Parque da Cidade e passamos na F\u00e1brica das Inf\u00e2ncias Japy antes de vir para a Biblioteca. Temos que aproveitar essas programa\u00e7\u00f5es, pois elas criam mem\u00f3rias para as crian\u00e7as. O Jefferson se lembra de vir desde pequeno aqui na Biblioteca e, para a J\u00e9ssica, que tem autismo, experi\u00eancias e contatos s\u00e3o interessantes\u201d, comentou Irati.<\/p>\n\n\n\n<p>Inspirada na pe\u00e7a \u201cPluft, o fantasminha\u201d, de Maria Clara Machado, \u201cOs marinheiros\u201d trouxe a saga de Sebasti\u00e3o (interpretado por Luan Silva), Juli\u00e3o (Matheus Ferreira) e Jo\u00e3o (Renan Venart) \u00e0 procura da heran\u00e7a do capit\u00e3o Bonan\u00e7a para sua neta, a pobre menina Maribel, enquanto driblam os percal\u00e7os causados pelo pirata Perna de Pau.<\/p>\n\n\n\n<p>A pe\u00e7a foi apresentada nos corredores da Biblioteca, em frente a um navio de madeira montado no local. A bibliotec\u00e1ria Michele Bueno explica que a instala\u00e7\u00e3o, al\u00e9m de conversar com o enredo da pe\u00e7a, ficar\u00e1 dispon\u00edvel para que a crian\u00e7ada brinque durante as f\u00e9rias. \u201cO cen\u00e1rio conversou muito bem com o enredo desta pe\u00e7a, mas ficar\u00e1 montado para outras atividades, como conta\u00e7\u00f5es de hist\u00f3rias ou para o uso livre em brincadeiras, como por exemplo, para que as crian\u00e7as brinquem de Peter Pan, fada Sininho e Capit\u00e3o Gancho\u201d.<\/p>\n\n\n\n<figure class=\"wp-block-image\"><img decoding=\"async\" src=\"https:\/\/jundiai.sp.gov.br\/noticias\/wp-content\/uploads\/sites\/32\/2023\/01\/ferias-na-cultura-espetaculo-os-marinheiros-cia-grife_fm_-105-1280x854.jpg\" alt=\"\" class=\"wp-image-309214\" \/><figcaption class=\"wp-element-caption\">Irati, J\u00e9ssica, Isabella e Jefferson encerraram o dia de atividades culturais tirando foto com o elenco da Cia. Grifo de Teatro<\/figcaption><\/figure>\n\n\n\n<p><strong>Mais \u201cF\u00e9rias na Cultura\u201d<br><\/strong>Nesta sexta (13), a programa\u00e7\u00e3o traz a&nbsp;<a href=\"https:\/\/cultura.jundiai.sp.gov.br\/agenda-cultural\/ferias-na-cultura-oficina-natureza-que-inspira\/\" target=\"_blank\" rel=\"noreferrer noopener\">oficina \u201cNatureza que inspira\u201d<\/a>, com Juliana Fernandes, \u00e0s 14h, na F\u00e1brica das Inf\u00e2ncias Japy, e a&nbsp;<a href=\"https:\/\/cultura.jundiai.sp.gov.br\/agenda-cultural\/ferias-na-cultura-contacao-de-historia-com-oficina-brasilidades\/\" target=\"_blank\" rel=\"noreferrer noopener\">conta\u00e7\u00e3o de hist\u00f3ria com oficina \u201cBrasilidades\u201d<\/a>, com a Cia. Rabo de Cutia, \u00e0s 16h, na Biblioteca.<\/p>\n\n\n\n<p>J\u00e1 no s\u00e1bado (14), na F\u00e1brica tem a&nbsp;<a href=\"https:\/\/cultura.jundiai.sp.gov.br\/agenda-cultural\/ferias-na-cultura-historias-contadas-com-origamis\/\" target=\"_blank\" rel=\"noreferrer noopener\">conta\u00e7\u00e3o de hist\u00f3rias com Origamis<\/a>, com Irene Matsue Tanabe, \u00e0s 10h30, e, na Biblioteca, a&nbsp;<a href=\"https:\/\/cultura.jundiai.sp.gov.br\/agenda-cultural\/ferias-na-cultura\/\" target=\"_blank\" rel=\"noreferrer noopener\">interven\u00e7\u00e3o \u201cL\u00ea no Ninho com brincadeiras musicais\u201d<\/a>&nbsp;para crian\u00e7as at\u00e9 quatro anos, previamente inscritas, a partir das 11h.<\/p>\n\n\n\n<p>E no domingo (15), na F\u00e1brica, \u00e0s 10h30, tem a&nbsp;<a href=\"https:\/\/cultura.jundiai.sp.gov.br\/agenda-cultural\/ferias-na-cultura-alem-do-muro-cultura-entretenimento-e-jogos-de-tabuleiro\/\" target=\"_blank\" rel=\"noreferrer noopener\">interven\u00e7\u00e3o \u201cAl\u00e9m do Muro: Cultura, entretenimento e jogos de tabuleiro\u201d<\/a>, a partir das 10h30.<\/p>\n\n\n\n<p>E no domingo (15) ainda, \u00e0s 16h, come\u00e7a a programa\u00e7\u00e3o \u201cDo Poly para as crian\u00e7as\u201d, no Teatro Polytheama. O&nbsp;<a href=\"https:\/\/cultura.jundiai.sp.gov.br\/agenda-cultural\/ferias-na-cultura-circus-a-nova-tournee\/\" target=\"_blank\" rel=\"noreferrer noopener\">espet\u00e1culo da estreia ser\u00e1 \u201cCircus \u2013 A Nova Tourn\u00e9e\u201d, da Cia. Circo de Bonecos<\/a>. Numa tenda de circo montada sobre o palco, Claudio Saltini e Teka Queiroz manipulam bonecos feitos por Marco Lima, e, sem truques ou efeitos especiais, lhes d\u00e3o vida, numa apresenta\u00e7\u00e3o carism\u00e1tica de alto n\u00edvel.<\/p>\n\n\n\n<p>Para assistir ao espet\u00e1culo, vencedor do Pr\u00eamio APCA 2000 na categoria Melhor Espet\u00e1culo de Anima\u00e7\u00e3o, os&nbsp;<a href=\"https:\/\/bileto.sympla.com.br\/event\/79714\/d\/177082\/s\/1196568\" target=\"_blank\" rel=\"noreferrer noopener\">ingressos gratuitos poder\u00e3o ser retirados a partir das 10h30 do s\u00e1bado (14), pela plataforma Sympla<\/a>&nbsp;e na bilheteria do teatro. Cada interessado pode retirar at\u00e9 dois ingressos.<\/p>\n\n\n\n<p><a href=\"https:\/\/cultura.jundiai.sp.gov.br\/eventos\/tag\/ferias-na-cultura-2023\/\" target=\"_blank\" rel=\"noreferrer noopener\">A programa\u00e7\u00e3o completa e os detalhes de todas as atra\u00e7\u00f5es podem ser conferidos no site da Cultura<\/a>.<\/p>\n\n\n\n<figure class=\"wp-block-image\"><img decoding=\"async\" src=\"https:\/\/jundiai.sp.gov.br\/noticias\/wp-content\/uploads\/sites\/32\/2023\/01\/ferias-na-cultura-espetaculo-os-marinheiros-cia-grife_fm_-58-1280x854.jpg\" alt=\"\" class=\"wp-image-309216\" \/><figcaption class=\"wp-element-caption\">Programa\u00e7\u00e3o de \u201cF\u00e9rias na Cultura\u201d segue at\u00e9 o final do m\u00eas, com atra\u00e7\u00f5es gratuitas em quatro equipamentos culturais da cidade<\/figcaption><\/figure>\n\n\n\n<p><strong><em>(Fonte\/Imagem: Prefeitura de Jundia\u00ed)<\/em><\/strong><\/p>\n","protected":false},"excerpt":{"rendered":"<p>Programa\u00e7\u00e3o de \u201cF\u00e9rias na Cultura\u201d segue at\u00e9 o final do m\u00eas, com atra\u00e7\u00f5es gratuitas em quatro equipamentos culturais da cidade.<\/p>\n","protected":false},"author":27,"featured_media":103679,"comment_status":"closed","ping_status":"0","sticky":false,"template":"","format":"standard","meta":{"footnotes":""},"categories":[2833,8356],"tags":[],"class_list":["post-103678","post","type-post","status-publish","format-standard","has-post-thumbnail","hentry","category-cultura","category-jundiai"],"_links":{"self":[{"href":"https:\/\/tvtecjundiai.com.br\/news\/wp-json\/wp\/v2\/posts\/103678","targetHints":{"allow":["GET"]}}],"collection":[{"href":"https:\/\/tvtecjundiai.com.br\/news\/wp-json\/wp\/v2\/posts"}],"about":[{"href":"https:\/\/tvtecjundiai.com.br\/news\/wp-json\/wp\/v2\/types\/post"}],"author":[{"embeddable":true,"href":"https:\/\/tvtecjundiai.com.br\/news\/wp-json\/wp\/v2\/users\/27"}],"replies":[{"embeddable":true,"href":"https:\/\/tvtecjundiai.com.br\/news\/wp-json\/wp\/v2\/comments?post=103678"}],"version-history":[{"count":1,"href":"https:\/\/tvtecjundiai.com.br\/news\/wp-json\/wp\/v2\/posts\/103678\/revisions"}],"predecessor-version":[{"id":103680,"href":"https:\/\/tvtecjundiai.com.br\/news\/wp-json\/wp\/v2\/posts\/103678\/revisions\/103680"}],"wp:featuredmedia":[{"embeddable":true,"href":"https:\/\/tvtecjundiai.com.br\/news\/wp-json\/wp\/v2\/media\/103679"}],"wp:attachment":[{"href":"https:\/\/tvtecjundiai.com.br\/news\/wp-json\/wp\/v2\/media?parent=103678"}],"wp:term":[{"taxonomy":"category","embeddable":true,"href":"https:\/\/tvtecjundiai.com.br\/news\/wp-json\/wp\/v2\/categories?post=103678"},{"taxonomy":"post_tag","embeddable":true,"href":"https:\/\/tvtecjundiai.com.br\/news\/wp-json\/wp\/v2\/tags?post=103678"}],"curies":[{"name":"wp","href":"https:\/\/api.w.org\/{rel}","templated":true}]}}