{"id":103727,"date":"2023-01-16T13:52:20","date_gmt":"2023-01-16T16:52:20","guid":{"rendered":"https:\/\/tvtecjundiai.com.br\/news\/?p=103727"},"modified":"2023-01-16T13:52:26","modified_gmt":"2023-01-16T16:52:26","slug":"programacao-de-ferias-na-cultura-segue-esta-semana-com-atracoes-gratuitas-para-a-criancada","status":"publish","type":"post","link":"https:\/\/tvtecjundiai.com.br\/news\/2023\/01\/16\/programacao-de-ferias-na-cultura-segue-esta-semana-com-atracoes-gratuitas-para-a-criancada\/","title":{"rendered":"Programa\u00e7\u00e3o de \u2018F\u00e9rias na Cultura\u2019 segue esta semana com atra\u00e7\u00f5es gratuitas para a crian\u00e7ada"},"content":{"rendered":"\n<p>A programa\u00e7\u00e3o gratuita de \u201cF\u00e9rias na Cultura\u201d segue esta semana, com atra\u00e7\u00f5es na F\u00e1brica das Inf\u00e2ncias Japy, na Biblioteca Municipal Professor Nelson Foot e na Biblioteca da Pracinha da Cultura do Vista Alegre (Antigo CEU das Artes) e no Teatro Polytheama.<\/p>\n\n\n\n<p><a href=\"https:\/\/www.flickr.com\/photos\/prefeituradejundiai\/albums\/72177720304983334\" target=\"_blank\" rel=\"noreferrer noopener\">CONFIRA AS FOTOS DAS \u2018F\u00c9RIAS NA CULTURA\u2019<\/a><\/p>\n\n\n\n<p>Voltadas para o p\u00fablico em geral, com foco nas crian\u00e7as e adolescentes de at\u00e9 12 anos, as atra\u00e7\u00f5es integram o programa municipal Cidade das Crian\u00e7as, com realiza\u00e7\u00e3o da Unidade de Gest\u00e3o de Cultura (UGC). Confira os detalhes da programa\u00e7\u00e3o desta semana:<\/p>\n\n\n\n<p><strong>Biblioteca<\/strong><br>Na Biblioteca Municipal, a programa\u00e7\u00e3o desta semana traz: nesta segunda (16), \u00e0s 16h, a conta\u00e7\u00e3o \u201cUm barco de hist\u00f3rias\u201d, com Luiza Bitencourt e Gabriel Pereira, que realizam, \u00e0s 17h, a oficina de barquinhos de papel. Na ter\u00e7a (17), \u00e0s 16h, \u00e9 a vez da oficina de leitura \u201cLendo o mundo: livro imagem\u201d, com Eliane Diana e M\u00e1rcio Martelli. Na quarta (18), \u00e0s 16h, tem a conta\u00e7\u00e3o de hist\u00f3ria com oficina \u201cUm quarto de hist\u00f3rias: contos de fadas\u201d, com a Cia. Giro no Biombo.<\/p>\n\n\n\n<p>Na quinta (19), tamb\u00e9m \u00e0s 16h, \u00e9 a vez da conta\u00e7\u00e3o de hist\u00f3ria com oficina de brincadeiras \u201cOs tesouros do vov\u00f4\u201d, com a Cia. Inspirarte. Na sexta (20), \u00e0s 16h, a programa\u00e7\u00e3o traz Luiza Bitencourt e Gabriel Pereira na conta\u00e7\u00e3o de hist\u00f3rias \u201cContos Mirabolantes\u201d, e \u00e0s 17h a oficina do Ponto ao Conto de constru\u00e7\u00e3o de fantoches, com Edivaldo Zanotti e Luiza Bitencourt.<\/p>\n\n\n\n<p>E no s\u00e1bado (21), \u00e0s 10h, tem o primeiro encontro do Curso livre: manual pr\u00e1tico para leitura, com Gustavo Salmazo, e \u00e0s 11h a conta\u00e7\u00e3o de hist\u00f3ria \u201cResgatando o fio das velhas hist\u00f3rias\u201d, com a Cia. Rabo de Cutia. A Biblioteca fica na avenida Dr. Cavalcanti, 396 \u2013 Complexo Argos. Mais informa\u00e7\u00f5es pelo telefone 4527-2110.<\/p>\n\n\n\n<p><a href=\"https:\/\/cultura.jundiai.sp.gov.br\/eventos\/tag\/ferias-na-cultura-2023\/\" target=\"_blank\" rel=\"noreferrer noopener\">CONFIRA OS DETALHES DA PROGRAMA\u00c7\u00c3O<\/a><\/p>\n\n\n\n<figure class=\"wp-block-image\"><img decoding=\"async\" src=\"https:\/\/jundiai.sp.gov.br\/noticias\/wp-content\/uploads\/sites\/32\/2023\/01\/ferias_na_cultura-1-1280x853.jpg\" alt=\"\" class=\"wp-image-309298\" \/><figcaption class=\"wp-element-caption\">Na Biblioteca, s\u00f3 esta semana, tem uma dezena de atra\u00e7\u00f5es previstas<\/figcaption><\/figure>\n\n\n\n<p><strong>Pracinha do Vista Alegre<\/strong><br>J\u00e1 na Biblioteca da Pracinha, esta semana tem a conta\u00e7\u00e3o de hist\u00f3rias \u201cUm quarto de hist\u00f3rias: contos de fadas\u201d, com a Cia. Giro no Biombo, na ter\u00e7a (17), \u00e0s 17h; e a interven\u00e7\u00e3o L\u00ea no Ninho com brincadeiras musicadas, com Luiz Bitencourt e Gabriel Pereira, na quinta-feira (19), \u00e0s 16h, para crian\u00e7as de 06 meses a 04 anos.<\/p>\n\n\n\n<p>A Pracinha fica na rua Cabo Edvaldo Quirino Santana, 46-110 \u2013 Vista Alegre. Mais informa\u00e7\u00f5es pelo telefone 4521-6193.<\/p>\n\n\n\n<p><strong>F\u00e1brica das Inf\u00e2ncias<\/strong><br>Na F\u00e1brica das Inf\u00e2ncias Japy, Daniele Ceratti traz a oficina \u201cM\u00e3os na terra: bolas de Sementes\u201d, na quinta (19), \u00e0s 14h. J\u00e1 o Coletivo #PretaEu realiza, na sexta (20), \u00e0s 14h, a conta\u00e7\u00e3o de hist\u00f3rias e confec\u00e7\u00e3o de bonecas Abayomi.<\/p>\n\n\n\n<p>No fim de semana, sempre a partir das 10h30, no s\u00e1bado (21) tem a apresenta\u00e7\u00e3o de dan\u00e7a \u201cSu\u00edtes Cl\u00e1ssicas\u201d, com coreografias de Ballet Cl\u00e1ssico de Repert\u00f3rio e suas varia\u00e7\u00f5es, Coreografias Neocl\u00e1ssicas e Contempor\u00e2neas; e no domingo (22), a conta\u00e7\u00e3o de hist\u00f3rias \u201cO tesouro do vov\u00f4\u201d, que conta as aventuras de Bruno, Nanda e Duda s\u00e3o primos que vivem uma deliciosa aventura em busca da senha do wi-fi da casa do av\u00f4.<\/p>\n\n\n\n<p>A F\u00e1brica fica na rua Lacerda Franco, 175 \u2013 Vila Arens. Mais informa\u00e7\u00f5es pelo telefone 4521-0971.<\/p>\n\n\n\n<figure class=\"wp-block-image\"><img decoding=\"async\" src=\"https:\/\/jundiai.sp.gov.br\/noticias\/wp-content\/uploads\/sites\/32\/2023\/01\/ferias_na_cultura-3-1280x853.jpg\" alt=\"\" class=\"wp-image-309299\" \/><figcaption class=\"wp-element-caption\">Atra\u00e7\u00f5es da Pracinha s\u00e3o realizadas pela Biblioteca no audit\u00f3rio do espa\u00e7o<\/figcaption><\/figure>\n\n\n\n<p><strong>Teatro Polytheama<\/strong><br>Pela programa\u00e7\u00e3o de \u201cF\u00e9rias na Cultura\u201d, o Teatro traz como programa\u00e7\u00e3o os espet\u00e1culos \u2018Do Poly para as crian\u00e7as\u2019, com entrada gratuita, sempre \u00e0s 16h.<\/p>\n\n\n\n<p>Neste s\u00e1bado (21), a Cia. P\u00e9 do Ouvido apresenta \u201cOs filhos de Iauaret\u00ea, a on\u00e7a-rei\u201d, espet\u00e1culo que conta a hist\u00f3ria de dois irm\u00e3os muito diferentes, filhos da on\u00e7a-rei Iauaret\u00ea e da jovem ind\u00edgena Kamaku\u00e3. Juru\u00e1 \u00e9 um excelente ca\u00e7ador que passa a destruir a mata para se sentir mais poderoso do que os outros. Iauaret\u00ea-Mirim \u00e9 um solit\u00e1rio canoeiro que vive buscando o sol e ca\u00e7ando as estrelas e, por isso, segue a jornada para se tornar paj\u00e9. Por meio dos caminhos opostos desses irm\u00e3os, a pe\u00e7a convida o p\u00fablico a refletir sobre o bem viver entre n\u00f3s e a Terra.<\/p>\n\n\n\n<p>J\u00e1 neste domingo (22) a Cia. Truks apresenta a pe\u00e7a \u201cSonhat\u00f3rio\u201d, que traz as aventuras de tr\u00eas supostos loucos do Sanat\u00f3rio Boa Cabe\u00e7a. \u00c0 hora do almo\u00e7o, por n\u00e3o ter o que comer ou que beber, os amigos resolvem brincar com os objetos que \u00e0 sua volta e partem para uma deliciosa viagem pela imagina\u00e7\u00e3o, que os levar\u00e1 para \u00e1ridos desertos, para o fundo do mar e para long\u00ednquos planetas. Questionando se de fato eram eles os loucos, os personagens trazem ao p\u00fablico um dos melhores rem\u00e9dios: a possibilidade da constru\u00e7\u00e3o de uma vida mais saud\u00e1vel, feita da sincera amizade, e de muito bom humor. E transformam o que seria um sanat\u00f3rio em um \u201csonhat\u00f3rio\u201d.<\/p>\n\n\n\n<figure class=\"wp-block-image\"><a href=\"https:\/\/jundiai.sp.gov.br\/noticias\/wp-content\/uploads\/sites\/32\/2023\/01\/iauarete1_2022_sawara-1200x787-1.jpg\"><img decoding=\"async\" src=\"https:\/\/jundiai.sp.gov.br\/noticias\/wp-content\/uploads\/sites\/32\/2023\/01\/iauarete1_2022_sawara-1200x787-1.jpg\" alt=\"\" class=\"wp-image-309294\" \/><\/a><figcaption class=\"wp-element-caption\">Espet\u00e1culos no Poilytheama este fim de semana s\u00e3o \u201cOs filhos de Iauaret\u00ea, a on\u00e7a-rei\u201d e \u201cSonhat\u00f3rio\u201d<\/figcaption><\/figure>\n\n\n\n<p>Os ingressos gratuitos para cada um dos espet\u00e1culos ficar\u00e3o dispon\u00edveis para retirada na bilheteria do teatro e&nbsp;<a href=\"https:\/\/www.sympla.com.br\/eventos?s=polytheama&amp;tab=eventos&amp;ordem=date\" target=\"_blank\" rel=\"noreferrer noopener\">pela internet, na plataforma Sympla<\/a>, \u00e0s 10h30 do dia anterior a cada apresenta\u00e7\u00e3o. Cada interessado poder\u00e1 retirar at\u00e9 dois ingressos.<\/p>\n\n\n\n<p>O Polytheama fica na rua Bar\u00e3o de Jundia\u00ed, 176 \u2013 Centro. Mais informa\u00e7\u00f5es pelo telefone 4586-2472.<\/p>\n\n\n\n<p><strong><em>(Fonte\/Imagem: Prefeitura de Jundia\u00ed\/divulga\u00e7\u00e3o)<\/em><\/strong><\/p>\n","protected":false},"excerpt":{"rendered":"<p>As atra\u00e7\u00f5es integram o programa municipal Cidade das Crian\u00e7as.<\/p>\n","protected":false},"author":27,"featured_media":103728,"comment_status":"closed","ping_status":"0","sticky":false,"template":"","format":"standard","meta":{"footnotes":""},"categories":[2833,8356],"tags":[],"class_list":["post-103727","post","type-post","status-publish","format-standard","has-post-thumbnail","hentry","category-cultura","category-jundiai"],"_links":{"self":[{"href":"https:\/\/tvtecjundiai.com.br\/news\/wp-json\/wp\/v2\/posts\/103727","targetHints":{"allow":["GET"]}}],"collection":[{"href":"https:\/\/tvtecjundiai.com.br\/news\/wp-json\/wp\/v2\/posts"}],"about":[{"href":"https:\/\/tvtecjundiai.com.br\/news\/wp-json\/wp\/v2\/types\/post"}],"author":[{"embeddable":true,"href":"https:\/\/tvtecjundiai.com.br\/news\/wp-json\/wp\/v2\/users\/27"}],"replies":[{"embeddable":true,"href":"https:\/\/tvtecjundiai.com.br\/news\/wp-json\/wp\/v2\/comments?post=103727"}],"version-history":[{"count":1,"href":"https:\/\/tvtecjundiai.com.br\/news\/wp-json\/wp\/v2\/posts\/103727\/revisions"}],"predecessor-version":[{"id":103729,"href":"https:\/\/tvtecjundiai.com.br\/news\/wp-json\/wp\/v2\/posts\/103727\/revisions\/103729"}],"wp:featuredmedia":[{"embeddable":true,"href":"https:\/\/tvtecjundiai.com.br\/news\/wp-json\/wp\/v2\/media\/103728"}],"wp:attachment":[{"href":"https:\/\/tvtecjundiai.com.br\/news\/wp-json\/wp\/v2\/media?parent=103727"}],"wp:term":[{"taxonomy":"category","embeddable":true,"href":"https:\/\/tvtecjundiai.com.br\/news\/wp-json\/wp\/v2\/categories?post=103727"},{"taxonomy":"post_tag","embeddable":true,"href":"https:\/\/tvtecjundiai.com.br\/news\/wp-json\/wp\/v2\/tags?post=103727"}],"curies":[{"name":"wp","href":"https:\/\/api.w.org\/{rel}","templated":true}]}}