{"id":103731,"date":"2023-01-16T14:08:47","date_gmt":"2023-01-16T17:08:47","guid":{"rendered":"https:\/\/tvtecjundiai.com.br\/news\/?p=103731"},"modified":"2023-01-16T14:08:54","modified_gmt":"2023-01-16T17:08:54","slug":"vacinacao-covid-19-jundiai-realiza-aplicacao-d2-infantil-e-demais-doses-para-12","status":"publish","type":"post","link":"https:\/\/tvtecjundiai.com.br\/news\/2023\/01\/16\/vacinacao-covid-19-jundiai-realiza-aplicacao-d2-infantil-e-demais-doses-para-12\/","title":{"rendered":"Vacina\u00e7\u00e3o COVID-19: Jundia\u00ed realiza aplica\u00e7\u00e3o D2 infantil e demais doses para 12+"},"content":{"rendered":"\n<p>A vacina\u00e7\u00e3o contra COVID-19, em Jundia\u00ed, ao longo desta semana, segue sendo realizada para todas as doses aos p\u00fablicos a partir dos 12 anos e somente em D2 para os p\u00fablicos entre 6 meses e menores de 12 anos. A Unidade de Gest\u00e3o de Promo\u00e7\u00e3o da Sa\u00fade (UGPS) aguarda a entrega de novos lotes de doses de vacinas Coronavac, Pfizer Pedi\u00e1trica e Pfizer Baby para retomar a aplica\u00e7\u00e3o contra a COVID-19 para as crian\u00e7as em primeira dose.<\/p>\n\n\n\n<p>As doses de Coronavac se encerraram na segunda-feira (9) e as doses de Pfizer Pedi\u00e1trica (5 a 11 anos) e Pfizer Baby (6 meses a menores de 3 anos) remanescentes s\u00e3o para aplica\u00e7\u00e3o em segunda dose para as crian\u00e7as que j\u00e1 receberam a primeira aplica\u00e7\u00e3o. A \u00faltima entrega de doses da vacina para aplica\u00e7\u00e3o em crian\u00e7as com 11 anos ou menos foi em novembro, para primeiras e segundas doses da Pfizer Pedi\u00e1trica. A UGPS est\u00e1 em contato com a Diretoria Regional de Sa\u00fade de Campinas (respons\u00e1vel pela dispensa\u00e7\u00e3o de doses para as cidades) para agilizar a libera\u00e7\u00e3o de mais doses.<\/p>\n\n\n\n<figure class=\"wp-block-image\"><img decoding=\"async\" src=\"https:\/\/jundiai.sp.gov.br\/noticias\/wp-content\/uploads\/sites\/32\/2022\/03\/vacinacao-covid-19-infantil-ubs-vl-hortolandia_c_-61.jpg\" alt=\"\" class=\"wp-image-287784\" \/><figcaption class=\"wp-element-caption\">Vacina\u00e7\u00e3o contra COVID-19 para as crian\u00e7as com 11 anos ou menos \u00e9 realizada em segunda dose<\/figcaption><\/figure>\n\n\n\n<p>A Pfizer Pedi\u00e1trica \u2013 dispon\u00edvel apenas para segunda dose para crian\u00e7as de 5 a 11 anos \u2013 \u00e9 aplicada \u00e0s segundas-feiras na UBS Agapeama, \u00e0s quartas-feiras na Cl\u00ednica da Fam\u00edlia Hortol\u00e2ndia e \u00e0s sextas-feiras na UBS Tamoio e na Cl\u00ednica da Fam\u00edlia I Novo Horizonte.<\/p>\n\n\n\n<p>J\u00e1 as crian\u00e7as de 6 meses a 2 anos, com comorbidade ou defici\u00eancia, para receber a vacina Pfizer Baby, vers\u00e3o pedi\u00e1trica do imunizante, podem procurar \u00e0s segundas-feiras a Cl\u00ednica da Fam\u00edlia I Novo Horizonte, \u00e0s ter\u00e7as-feiras a UBS Agapeama, \u00e0s quartas-feiras a UBS Tamoio e \u00e0s quintas-feiras e sextas-feiras na Cl\u00ednica da Fam\u00edlia Hortol\u00e2ndia.<\/p>\n\n\n\n<p><strong>Demais vacinas<br><\/strong>Os demais imunizantes contra COVID-19 seguem dispon\u00edveis nas Unidades B\u00e1sicas de Sa\u00fade (UBSs) e nas Cl\u00ednicas da Fam\u00edlia. O hor\u00e1rio de aplica\u00e7\u00e3o e as doses aplicadas em cada equipamento podem ser conferidos no calend\u00e1rio no site da Prefeitura.<\/p>\n\n\n\n<p><strong><em>(Fonte\/Imagem: Prefeitura de Jundia\u00ed)<\/em><\/strong><\/p>\n","protected":false},"excerpt":{"rendered":"<p>O hor\u00e1rio de aplica\u00e7\u00e3o e as doses aplicadas em cada equipamento podem ser conferidos no calend\u00e1rio no site da Prefeitura.<\/p>\n","protected":false},"author":27,"featured_media":103732,"comment_status":"closed","ping_status":"0","sticky":false,"template":"","format":"standard","meta":{"footnotes":""},"categories":[8356,2839],"tags":[],"class_list":["post-103731","post","type-post","status-publish","format-standard","has-post-thumbnail","hentry","category-jundiai","category-saude"],"_links":{"self":[{"href":"https:\/\/tvtecjundiai.com.br\/news\/wp-json\/wp\/v2\/posts\/103731","targetHints":{"allow":["GET"]}}],"collection":[{"href":"https:\/\/tvtecjundiai.com.br\/news\/wp-json\/wp\/v2\/posts"}],"about":[{"href":"https:\/\/tvtecjundiai.com.br\/news\/wp-json\/wp\/v2\/types\/post"}],"author":[{"embeddable":true,"href":"https:\/\/tvtecjundiai.com.br\/news\/wp-json\/wp\/v2\/users\/27"}],"replies":[{"embeddable":true,"href":"https:\/\/tvtecjundiai.com.br\/news\/wp-json\/wp\/v2\/comments?post=103731"}],"version-history":[{"count":1,"href":"https:\/\/tvtecjundiai.com.br\/news\/wp-json\/wp\/v2\/posts\/103731\/revisions"}],"predecessor-version":[{"id":103733,"href":"https:\/\/tvtecjundiai.com.br\/news\/wp-json\/wp\/v2\/posts\/103731\/revisions\/103733"}],"wp:featuredmedia":[{"embeddable":true,"href":"https:\/\/tvtecjundiai.com.br\/news\/wp-json\/wp\/v2\/media\/103732"}],"wp:attachment":[{"href":"https:\/\/tvtecjundiai.com.br\/news\/wp-json\/wp\/v2\/media?parent=103731"}],"wp:term":[{"taxonomy":"category","embeddable":true,"href":"https:\/\/tvtecjundiai.com.br\/news\/wp-json\/wp\/v2\/categories?post=103731"},{"taxonomy":"post_tag","embeddable":true,"href":"https:\/\/tvtecjundiai.com.br\/news\/wp-json\/wp\/v2\/tags?post=103731"}],"curies":[{"name":"wp","href":"https:\/\/api.w.org\/{rel}","templated":true}]}}