{"id":103734,"date":"2023-01-16T17:14:00","date_gmt":"2023-01-16T20:14:00","guid":{"rendered":"https:\/\/tvtecjundiai.com.br\/news\/?p=103734"},"modified":"2023-01-16T17:14:07","modified_gmt":"2023-01-16T20:14:07","slug":"janeiro-branco-cuidar-da-saude-mental-e-desenvolver-inteligencia-emocional-e-novas-habilidades","status":"publish","type":"post","link":"https:\/\/tvtecjundiai.com.br\/news\/2023\/01\/16\/janeiro-branco-cuidar-da-saude-mental-e-desenvolver-inteligencia-emocional-e-novas-habilidades\/","title":{"rendered":"Janeiro Branco: cuidar da sa\u00fade mental \u00e9 desenvolver intelig\u00eancia emocional e novas habilidades"},"content":{"rendered":"\n<p>Criada em 2014, a campanha \u201cJaneiro Branco\u201d tem como objetivo alertar para os cuidados com a sa\u00fade mental da popula\u00e7\u00e3o. Diante de tantos casos, nunca foi t\u00e3o urgente falar sobre o assunto. Depress\u00e3o, ansiedade, fobia, transtorno obsessivo-compulsivo, transtorno bipolar e transtorno de personalidade borderline s\u00e3o algumas das disfun\u00e7\u00f5es que integram o universo da especialidade. O desemprego, desafios familiares e dificuldades financeiras assolam uma sociedade cada vez mais doente e necessitada de acolhimento, principalmente no enfrentamento da pandemia, que ap\u00f3s dois anos ainda deixa sequelas f\u00edsicas, mentais e sociais.<\/p>\n\n\n\n<p>Segundo dados recentes da Organiza\u00e7\u00e3o Mundial da Sa\u00fade (OMS), a ansiedade afeta 18,6 milh\u00f5es de brasileiros e os transtornos mentais s\u00e3o respons\u00e1veis por mais de um ter\u00e7o do n\u00famero de pessoas incapacitadas nas Am\u00e9ricas. Buscando informar com responsabilidade, oferecer aux\u00edlio e firmar seu compromisso com a sa\u00fade da popula\u00e7\u00e3o, o Hospital de Caridade S\u00e3o Vicente de Paulo (HSV) orienta sobre o cuidado com a mente.<\/p>\n\n\n\n<figure class=\"wp-block-image size-large\"><img loading=\"lazy\" decoding=\"async\" width=\"1200\" height=\"786\" src=\"https:\/\/tvtecjundiai.com.br\/news\/wp-content\/uploads\/sites\/2\/2023\/01\/Terapia-e-para-todos-1200x786.jpg\" alt=\"\" class=\"wp-image-103735\" srcset=\"https:\/\/tvtecjundiai.com.br\/news\/wp-content\/uploads\/sites\/2\/2023\/01\/Terapia-e-para-todos-1200x786.jpg 1200w, https:\/\/tvtecjundiai.com.br\/news\/wp-content\/uploads\/sites\/2\/2023\/01\/Terapia-e-para-todos-300x196.jpg 300w, https:\/\/tvtecjundiai.com.br\/news\/wp-content\/uploads\/sites\/2\/2023\/01\/Terapia-e-para-todos-768x503.jpg 768w, https:\/\/tvtecjundiai.com.br\/news\/wp-content\/uploads\/sites\/2\/2023\/01\/Terapia-e-para-todos.jpg 1266w\" sizes=\"auto, (max-width: 1200px) 100vw, 1200px\" \/><figcaption class=\"wp-element-caption\"><strong>O cuidado com a sa\u00fade mental \u00e9 fundamental\u00a0\u00a0\u00a0<\/strong><\/figcaption><\/figure>\n\n\n\n<p><strong>Terapia do autoconhecimento<\/strong><\/p>\n\n\n\n<p>A psic\u00f3loga da cl\u00ednica do colaborador no HSV, Renata Becker, conta que seu maior desejo dentro de sua profiss\u00e3o \u00e9 trabalhar de forma preventiva. \u201cMuitas pessoas s\u00f3 iniciam ou procuram o atendimento psicol\u00f3gico quando enfrentam uma situa\u00e7\u00e3o desafiadora ou identificam mudan\u00e7as negativas no comportamento f\u00edsico e emocional. Na verdade, a terapia \u00e9 um recurso muito mais abrangente e nos oferece benef\u00edcios no cotidiano. Estar na terapia \u00e9 desenvolver o autoconhecimento, a intelig\u00eancia emocional, novas habilidades e, para isso, n\u00e3o \u00e9 necess\u00e1rio que o paciente tenha algum transtorno. A terapia \u00e9 ben\u00e9fica para todos os momentos da vida\u201d.<\/p>\n\n\n\n<p>A profissional explica ainda que o mais indicado seria que esse suporte fosse oferecido desde a inf\u00e2ncia. Com diferentes realidades sociais e econ\u00f4micas em jogo, o maior desafio \u00e9 o acesso ao servi\u00e7o. \u201c\u00c9 importante para que a crian\u00e7a aprenda a se expressar e n\u00e3o reprimir emo\u00e7\u00f5es, pois tudo que \u00e9 reprimido \u00e9 potencializado, saber administrar seus sentimentos e colocar isso para fora de maneira adequada. Claro que todo esse acompanhamento acaba refletindo na vida do paciente ao longo dos anos e dando muito mais estabilidade para a fase adulta\u201d.<\/p>\n\n\n\n<p><strong>Identificando o transtorno<\/strong><\/p>\n\n\n\n<p>Segundo a psic\u00f3loga hospitalar, Lorranie Suzan Soares Resende, o principal fator que auxilia na identifica\u00e7\u00e3o de sintomas relacionados a algum sofrimento ps\u00edquico \u00e9 o v\u00ednculo e um olhar atento para o familiar. Na exist\u00eancia de uma rela\u00e7\u00e3o de proximidade e cuidado, \u00e9 poss\u00edvel perceber quando o familiar passa a apresentar altera\u00e7\u00f5es no modo como ele se comporta e se expressa no cotidiano, se seu autocuidado est\u00e1 preservado, se os h\u00e1bitos de alimenta\u00e7\u00e3o e sono est\u00e3o sofrendo modifica\u00e7\u00f5es inesperadas ou n\u00e3o volunt\u00e1rias, bem como, na maneira como o familiar se manifesta emocionalmente.<\/p>\n\n\n\n<p>\u201cOutro aspecto fundamental trata-se da fam\u00edlia estar atenta \u00e0s express\u00f5es emocionais e comportamentais de familiares que, por alguma ocasi\u00e3o, passaram por situa\u00e7\u00f5es de muito estresse, viv\u00eancias dolorosas e\/ou possivelmente traum\u00e1ticas. H\u00e1 diferentes tipos de sofrimento ps\u00edquico e eles poder\u00e3o se apresentar de maneiras distintas, atrav\u00e9s de sintomas diversos e em n\u00edveis d\u00edspares de interfer\u00eancia no cotidiano profissional, social, familiar e relacional\u201d, disse a profissional.<\/p>\n\n\n\n<p>A psic\u00f3loga Renata completa que o diferencial do que \u00e9 caracterizado como natural ou n\u00e3o \u00e9 a intensidade e a durabilidade dos sintomas tanto agr\u00e1veis, quanto desagrad\u00e1veis. \u201cOs transtornos contam com sintomas diferentes, mas no geral se a tristeza, a euforia, a felicidade, a falta de animo, choro constante, mania de consumo, entre outros sentimentos perdurarem por dias, semanas ou meses, o caso deve ser observado com aten\u00e7\u00e3o. Tudo pode desencadear um transtorno, considerando at\u00e9 quest\u00f5es de estresse, hist\u00f3rico familiar, entre outros fatores\u201d.<\/p>\n\n\n\n<p>\u00c9 fato de que a batalha \u00e9 travada pelo paciente, mas os familiares e amigos possuem papel fundamental para o enfrentamento da doen\u00e7a. A for\u00e7a vem de palavras, de estimulo e de companheirismo no momento da dificuldade. \u201cSe voc\u00ea estiver lidando com algu\u00e9m que esteja apresentando sinais de sofrimento ps\u00edquico, orientamos e ressaltamos a import\u00e2ncia de ofertar sua presen\u00e7a de maneira cuidadosa, dispon\u00edvel, acolhedora e sem julgamentos, como forma de abertura para oferecer escuta e amparo\u201d, disse Lorranie.<\/p>\n\n\n\n<p><strong>No Hospital S\u00e3o Vicente<\/strong><\/p>\n\n\n\n<p>No Hospital de Caridade S\u00e3o Vicente de Paulo (HSV), as equipes da psicologia e psiquiatria, dentro de servi\u00e7os separados, realizam o atendimento de pacientes, colaboradores e acompanhantes. Os profissionais atuam na cl\u00ednica do colaborador, nas unidades de interna\u00e7\u00e3o e na ala de Sa\u00fade Mental.<\/p>\n\n\n\n<p>\u201cN\u00f3s atendemos pacientes de todas as idades, mas a maior parte s\u00e3o adultos jovens, que fazem parte da popula\u00e7\u00e3o economicamente ativa, o que condiz com as estat\u00edsticas. Estes pacientes s\u00e3o primeiramente avaliados no Pronto Socorro e, se necess\u00e1rio, encaminhados para interna\u00e7\u00e3o. Oferecemos atendimento multidisciplinar, com equipe de psiquiatras, enfermagem, psicologia e assist\u00eancia social, em um ambiente acolhedor e humanizado. Sao feitos atendimentos psicoter\u00e1picos individuais, oficinas de terapia ocupacional, oficinas l\u00fadicas e de arte terapia, al\u00e9m de introdu\u00e7\u00e3o ou ajuste medicamentoso. O tempo de interna\u00e7\u00e3o varia de acordo com a patologia e dura em m\u00e9dia 10 dias\u201d, explica o m\u00e9dico psiquiatra, Dr. Guilherme Breschi.<\/p>\n\n\n\n<p>Com 10 leitos dispon\u00edveis, a unidade \u00e9 voltada para pacientes em sofrimento ps\u00edquico agudo. As crises mais comuns atendidas no local s\u00e3o tentativas de suic\u00eddio, pacientes portadores de esquizofrenia e de transtorno afetivo bipolar. Diferente de um passado cheio de dor, preconceito e falta de conhecimento sobre o assunto, o acompanhamento profissional atualmente \u00e9 baseado na humaniza\u00e7\u00e3o.&nbsp;<\/p>\n\n\n\n<p>\u201c\u00c9 importante evidenciar nosso comprometimento em oferecer esse suporte, que tamb\u00e9m envolve toda a rede de sa\u00fade do munic\u00edpio. Nossa nova enfermaria foi entregue no \u00faltimo m\u00eas, com uma estrutura \u00fanica, que tem potencial de ser um servi\u00e7o de refer\u00eancia no Brasil, indo de encontro \u00e0s atuais pol\u00edticas de sa\u00fade mental, sendo um dos componentes da Rede de Aten\u00e7\u00e3o Psico Social (RAPS), que tamb\u00e9m incluem os Centros de Aten\u00e7\u00e3o Psicossociais (CAPS), para onde os pacientes s\u00e3o encaminhados ap\u00f3s a interna\u00e7\u00e3o\u201d, conta Breschi.<\/p>\n\n\n\n<p>O especialista ainda completa. \u201cApesar de estar diminuindo, ainda existe muito preconceito em rela\u00e7\u00e3o aos transtornos mentais e sofrimento ps\u00edquico em geral, mas com o aumento expressivo dos casos nos \u00faltimos anos, torna-se imperativo colocar o tema em pauta nas mais diferentes esferas da sociedade e acolher com empatia o indiv\u00edduo que sofre\u201d.<\/p>\n\n\n\n<figure class=\"wp-block-image size-large\"><img loading=\"lazy\" decoding=\"async\" width=\"1200\" height=\"677\" src=\"https:\/\/tvtecjundiai.com.br\/news\/wp-content\/uploads\/sites\/2\/2023\/01\/Local-recebe-pacientes-para-tratamento-de-transtornos-mentais-1-1200x677.jpg\" alt=\"\" class=\"wp-image-103737\" srcset=\"https:\/\/tvtecjundiai.com.br\/news\/wp-content\/uploads\/sites\/2\/2023\/01\/Local-recebe-pacientes-para-tratamento-de-transtornos-mentais-1-1200x677.jpg 1200w, https:\/\/tvtecjundiai.com.br\/news\/wp-content\/uploads\/sites\/2\/2023\/01\/Local-recebe-pacientes-para-tratamento-de-transtornos-mentais-1-300x169.jpg 300w, https:\/\/tvtecjundiai.com.br\/news\/wp-content\/uploads\/sites\/2\/2023\/01\/Local-recebe-pacientes-para-tratamento-de-transtornos-mentais-1-768x433.jpg 768w, https:\/\/tvtecjundiai.com.br\/news\/wp-content\/uploads\/sites\/2\/2023\/01\/Local-recebe-pacientes-para-tratamento-de-transtornos-mentais-1.jpg 1280w\" sizes=\"auto, (max-width: 1200px) 100vw, 1200px\" \/><figcaption class=\"wp-element-caption\"><strong>Nova unidade de interna\u00e7\u00e3o foi inaugurada no \u00faltimo m\u00eas<\/strong><\/figcaption><\/figure>\n\n\n\n<p><strong><em>(Fonte\/Imagem: Assessoria Hospital S\u00e3o Vicente)<\/em><\/strong><\/p>\n","protected":false},"excerpt":{"rendered":"<p>No HSV, as equipes da psicologia e psiquiatria,realizam o atendimento de pacientes, colaboradores e acompanhantes.<\/p>\n","protected":false},"author":27,"featured_media":103738,"comment_status":"closed","ping_status":"0","sticky":false,"template":"","format":"standard","meta":{"footnotes":""},"categories":[8356,2839,8355],"tags":[],"class_list":["post-103734","post","type-post","status-publish","format-standard","has-post-thumbnail","hentry","category-jundiai","category-saude","category-saude-3"],"_links":{"self":[{"href":"https:\/\/tvtecjundiai.com.br\/news\/wp-json\/wp\/v2\/posts\/103734","targetHints":{"allow":["GET"]}}],"collection":[{"href":"https:\/\/tvtecjundiai.com.br\/news\/wp-json\/wp\/v2\/posts"}],"about":[{"href":"https:\/\/tvtecjundiai.com.br\/news\/wp-json\/wp\/v2\/types\/post"}],"author":[{"embeddable":true,"href":"https:\/\/tvtecjundiai.com.br\/news\/wp-json\/wp\/v2\/users\/27"}],"replies":[{"embeddable":true,"href":"https:\/\/tvtecjundiai.com.br\/news\/wp-json\/wp\/v2\/comments?post=103734"}],"version-history":[{"count":1,"href":"https:\/\/tvtecjundiai.com.br\/news\/wp-json\/wp\/v2\/posts\/103734\/revisions"}],"predecessor-version":[{"id":103739,"href":"https:\/\/tvtecjundiai.com.br\/news\/wp-json\/wp\/v2\/posts\/103734\/revisions\/103739"}],"wp:featuredmedia":[{"embeddable":true,"href":"https:\/\/tvtecjundiai.com.br\/news\/wp-json\/wp\/v2\/media\/103738"}],"wp:attachment":[{"href":"https:\/\/tvtecjundiai.com.br\/news\/wp-json\/wp\/v2\/media?parent=103734"}],"wp:term":[{"taxonomy":"category","embeddable":true,"href":"https:\/\/tvtecjundiai.com.br\/news\/wp-json\/wp\/v2\/categories?post=103734"},{"taxonomy":"post_tag","embeddable":true,"href":"https:\/\/tvtecjundiai.com.br\/news\/wp-json\/wp\/v2\/tags?post=103734"}],"curies":[{"name":"wp","href":"https:\/\/api.w.org\/{rel}","templated":true}]}}