{"id":103740,"date":"2023-01-16T19:25:22","date_gmt":"2023-01-16T22:25:22","guid":{"rendered":"https:\/\/tvtecjundiai.com.br\/news\/?p=103740"},"modified":"2023-01-16T19:25:28","modified_gmt":"2023-01-16T22:25:28","slug":"dona-nuria-paoletti-morre-aos-91-anos","status":"publish","type":"post","link":"https:\/\/tvtecjundiai.com.br\/news\/2023\/01\/16\/dona-nuria-paoletti-morre-aos-91-anos\/","title":{"rendered":"Dona N\u00faria Paoletti morre aos 91 anos"},"content":{"rendered":"\n<p>Aos 91 anos, faleceu no final da tarde desta segunda-feira (16), Dona N\u00faria Paoletti. Enferma h\u00e1 v\u00e1rios anos, faleceu em seu s\u00edtio, no bairro da Col\u00f4nia. Nascida em 7 de julho de 1931, no munic\u00edpio de Andradas (MG), Dona N\u00faria era filha de agricultores e, ainda crian\u00e7a, mudou-se com a fam\u00edlia para a cidade de S\u00e3o Paulo, onde conheceu seu marido, o empres\u00e1rio Alfredo Paoletti, falecido em 2020.<\/p>\n\n\n\n<p>Mudou-se para Jundia\u00ed em 1963, quando o marido iniciava as atividades da empresa Frigoletti. No munic\u00edpio, Dona N\u00faria sempre participou ativamente da sociedade jundiaiense, tendo sido presidente da Feira da Amizade (em 1972) e tamb\u00e9m presidente da Associa\u00e7\u00e3o das Mulheres Rotarianas, entre tantos outros cargos assumidos em entidades assistenciais do munic\u00edpio.<\/p>\n\n\n\n<p>Durante boa parte de sua vida participou regularmente de eventos cat\u00f3licos, especialmente na igreja da Col\u00f4nia, onde atuou intensamente.<\/p>\n\n\n\n<p>Sempre ao lado do marido, em 1989, ajudou na viabiliza\u00e7\u00e3o da Festa Italiana di Jundia\u00ed, evento da comunidade da Col\u00f4nia que segue com absoluto sucesso at\u00e9 os dias de hoje.<\/p>\n\n\n\n<p>Na par\u00f3quia do Caxambu fez parte da comiss\u00e3o que coordenou a reforma e amplia\u00e7\u00e3o da Igreja Senhor Bom Jesus.<br>Em 2010, em reconhecimento ao trabalho benem\u00e9rito realizado em nossa cidade, recebeu o t\u00edtulo de Cidad\u00e3 Jundiaiense.<\/p>\n\n\n\n<p>Deixa um legado de humildade, ensinamentos e manifesta\u00e7\u00e3o de amor ao pr\u00f3ximo.<\/p>\n\n\n\n<p>O sepultamento ocorrer\u00e1 nesta ter\u00e7a (17), no cemit\u00e9rio Parque dos Ip\u00eas, em Jundia\u00ed, em hor\u00e1rio ainda a ser definido pela fam\u00edlia.<\/p>\n\n\n\n<p>(Fonte\/Imagem: Rosangela Marques)<\/p>\n","protected":false},"excerpt":{"rendered":"<p>O sepultamento ocorrer\u00e1 nesta ter\u00e7a (17), no cemit\u00e9rio Parque dos Ip\u00eas, em Jundia\u00ed, em hor\u00e1rio ainda a ser definido pela fam\u00edlia.<\/p>\n","protected":false},"author":27,"featured_media":103741,"comment_status":"closed","ping_status":"0","sticky":false,"template":"","format":"standard","meta":{"footnotes":""},"categories":[8356],"tags":[],"class_list":["post-103740","post","type-post","status-publish","format-standard","has-post-thumbnail","hentry","category-jundiai"],"_links":{"self":[{"href":"https:\/\/tvtecjundiai.com.br\/news\/wp-json\/wp\/v2\/posts\/103740","targetHints":{"allow":["GET"]}}],"collection":[{"href":"https:\/\/tvtecjundiai.com.br\/news\/wp-json\/wp\/v2\/posts"}],"about":[{"href":"https:\/\/tvtecjundiai.com.br\/news\/wp-json\/wp\/v2\/types\/post"}],"author":[{"embeddable":true,"href":"https:\/\/tvtecjundiai.com.br\/news\/wp-json\/wp\/v2\/users\/27"}],"replies":[{"embeddable":true,"href":"https:\/\/tvtecjundiai.com.br\/news\/wp-json\/wp\/v2\/comments?post=103740"}],"version-history":[{"count":1,"href":"https:\/\/tvtecjundiai.com.br\/news\/wp-json\/wp\/v2\/posts\/103740\/revisions"}],"predecessor-version":[{"id":103742,"href":"https:\/\/tvtecjundiai.com.br\/news\/wp-json\/wp\/v2\/posts\/103740\/revisions\/103742"}],"wp:featuredmedia":[{"embeddable":true,"href":"https:\/\/tvtecjundiai.com.br\/news\/wp-json\/wp\/v2\/media\/103741"}],"wp:attachment":[{"href":"https:\/\/tvtecjundiai.com.br\/news\/wp-json\/wp\/v2\/media?parent=103740"}],"wp:term":[{"taxonomy":"category","embeddable":true,"href":"https:\/\/tvtecjundiai.com.br\/news\/wp-json\/wp\/v2\/categories?post=103740"},{"taxonomy":"post_tag","embeddable":true,"href":"https:\/\/tvtecjundiai.com.br\/news\/wp-json\/wp\/v2\/tags?post=103740"}],"curies":[{"name":"wp","href":"https:\/\/api.w.org\/{rel}","templated":true}]}}