{"id":103746,"date":"2023-01-17T09:05:42","date_gmt":"2023-01-17T12:05:42","guid":{"rendered":"https:\/\/tvtecjundiai.com.br\/news\/?p=103746"},"modified":"2023-01-17T11:33:20","modified_gmt":"2023-01-17T14:33:20","slug":"pudim-vence-votacao-e-e-o-nome-do-novo-mascote-canino-da-casa-de-passagem","status":"publish","type":"post","link":"https:\/\/tvtecjundiai.com.br\/news\/2023\/01\/17\/pudim-vence-votacao-e-e-o-nome-do-novo-mascote-canino-da-casa-de-passagem\/","title":{"rendered":"&#8216;Pudim&#8217; vence vota\u00e7\u00e3o e \u00e9 o nome do novo mascote canino da Casa de Passagem"},"content":{"rendered":"\n<p>Com 312 votos, \u201cPudim\u201d foi o vencedor da enquete realizada nas redes sociais da Prefeitura de Jundia\u00ed para ser o nome do novo mascote da Casa da Passagem. O total representou cerca de 48,5% dos 643 votos v\u00e1lidos contabilizados na postagem, desde a \u00faltima quarta (11) at\u00e9 esta segunda-feira (16), seguido de \u201cBisteca\u201d, com 237 votos (cerca de 36,8%), e de \u201cPop\u201d, com 94 votos (cerca de 14,6%). Outros 26 votos, com nomes diferentes dos propostos pela enquete, n\u00e3o foram contabilizados para o resultado.<\/p>\n\n\n\n<p>O c\u00e3ozinho sem ra\u00e7a definida com mistura de Pit Bull que pertencia a um casal em situa\u00e7\u00e3o de rua recentemente chegou \u00e0 Casa de Passagem, servi\u00e7o de acolhimento de curta dura\u00e7\u00e3o e atendimento t\u00e9cnico voltado \u00e0 popula\u00e7\u00e3o em situa\u00e7\u00e3o de rua. O servi\u00e7o \u00e9 vinculado \u00e0 Unidade de Gest\u00e3o de Assist\u00eancia e Desenvolvimento Social (UGADS) da Prefeitura e operacionalizado pela Organiza\u00e7\u00e3o da Sociedade Civil (OSC) Servi\u00e7o de Obras Sociais (SOS). Foram as equipes dos servi\u00e7os que estipularam e filtraram os nomes que entraram na enquete.<\/p>\n\n\n\n<figure class=\"wp-block-image size-large\"><img loading=\"lazy\" decoding=\"async\" width=\"1200\" height=\"801\" src=\"https:\/\/tvtecjundiai.com.br\/news\/wp-content\/uploads\/sites\/2\/2023\/01\/casa-de-passagem-novo-mascote_fm_-8-1280x854-1-1200x801.jpg\" alt=\"\" class=\"wp-image-103747\" srcset=\"https:\/\/tvtecjundiai.com.br\/news\/wp-content\/uploads\/sites\/2\/2023\/01\/casa-de-passagem-novo-mascote_fm_-8-1280x854-1-1200x801.jpg 1200w, https:\/\/tvtecjundiai.com.br\/news\/wp-content\/uploads\/sites\/2\/2023\/01\/casa-de-passagem-novo-mascote_fm_-8-1280x854-1-300x200.jpg 300w, https:\/\/tvtecjundiai.com.br\/news\/wp-content\/uploads\/sites\/2\/2023\/01\/casa-de-passagem-novo-mascote_fm_-8-1280x854-1-768x512.jpg 768w, https:\/\/tvtecjundiai.com.br\/news\/wp-content\/uploads\/sites\/2\/2023\/01\/casa-de-passagem-novo-mascote_fm_-8-1280x854-1.jpg 1280w\" sizes=\"auto, (max-width: 1200px) 100vw, 1200px\" \/><figcaption class=\"wp-element-caption\">\u2018Pudim\u2019 \u00e9 o novo nome do mascote do servi\u00e7o<\/figcaption><\/figure>\n\n\n\n<p>\u201cA ades\u00e3o a esta vota\u00e7\u00e3o demonstra a sensibilidade dos jundiaienses. Agradecemos a todos que participaram e deixamos tamb\u00e9m um convite para quem quiser conhecer o Pudim e fazer doa\u00e7\u00e3o de ra\u00e7\u00e3o para a Casa de Passagem. Desde que inauguramos a nova sede do servi\u00e7o, h\u00e1 pouco mais de um ano, o espa\u00e7o j\u00e1 contava com um canil, onde ficam os animais de estima\u00e7\u00e3o de quem est\u00e1 acolhido pelo servi\u00e7o. Essas doa\u00e7\u00f5es podem contribuir e muito com alimenta\u00e7\u00e3o n\u00e3o s\u00f3 do novo mascote, mas tamb\u00e9m desses outros animais\u201d, comentou a gestora da UGADS, Maria Brant.<\/p>\n\n\n\n<p>A coordenadora-t\u00e9cnica do servi\u00e7o, Melina Nucci, agradeceu, em nomes de toda a equipe, pela contribui\u00e7\u00e3o de quem votou. \u201cDesde que ele chegou aqui \u00e0 Casa de Passagem, ele j\u00e1 tinha mais de dez nomes. Cada um o chamava como queria. E desde que foi lan\u00e7ada a vota\u00e7\u00e3o, fomos acompanhando com aten\u00e7\u00e3o e vimos que \u2018Pudim\u2019 seria o nome vitorioso. Ficamos muito felizes com o resultado e j\u00e1 estamos nos acostumando a ele. Foi algo muito positivo para n\u00f3s e tamb\u00e9m para os usu\u00e1rios do servi\u00e7o, que est\u00e3o mais felizes com o ambiente\u201d.<\/p>\n\n\n\n<p>A Casa de Passagem fica na avenida Aristeu Dagnoni, s\/n \u2013 Centro. Mais informa\u00e7\u00f5es pelo telefone (11) 98531-0136.<\/p>\n\n\n\n<p><strong><em>(Fonte\/Imagem: Prefeitura de Jundia\u00ed)<\/em><\/strong><\/p>\n","protected":false},"excerpt":{"rendered":"<p>Enquete foi realizada nas redes sociais da Prefeitura de Jundia\u00ed<\/p>\n","protected":false},"author":30,"featured_media":103747,"comment_status":"closed","ping_status":"0","sticky":false,"template":"","format":"standard","meta":{"footnotes":""},"categories":[8356,1],"tags":[],"class_list":["post-103746","post","type-post","status-publish","format-standard","has-post-thumbnail","hentry","category-jundiai","category-noticias"],"_links":{"self":[{"href":"https:\/\/tvtecjundiai.com.br\/news\/wp-json\/wp\/v2\/posts\/103746","targetHints":{"allow":["GET"]}}],"collection":[{"href":"https:\/\/tvtecjundiai.com.br\/news\/wp-json\/wp\/v2\/posts"}],"about":[{"href":"https:\/\/tvtecjundiai.com.br\/news\/wp-json\/wp\/v2\/types\/post"}],"author":[{"embeddable":true,"href":"https:\/\/tvtecjundiai.com.br\/news\/wp-json\/wp\/v2\/users\/30"}],"replies":[{"embeddable":true,"href":"https:\/\/tvtecjundiai.com.br\/news\/wp-json\/wp\/v2\/comments?post=103746"}],"version-history":[{"count":2,"href":"https:\/\/tvtecjundiai.com.br\/news\/wp-json\/wp\/v2\/posts\/103746\/revisions"}],"predecessor-version":[{"id":103757,"href":"https:\/\/tvtecjundiai.com.br\/news\/wp-json\/wp\/v2\/posts\/103746\/revisions\/103757"}],"wp:featuredmedia":[{"embeddable":true,"href":"https:\/\/tvtecjundiai.com.br\/news\/wp-json\/wp\/v2\/media\/103747"}],"wp:attachment":[{"href":"https:\/\/tvtecjundiai.com.br\/news\/wp-json\/wp\/v2\/media?parent=103746"}],"wp:term":[{"taxonomy":"category","embeddable":true,"href":"https:\/\/tvtecjundiai.com.br\/news\/wp-json\/wp\/v2\/categories?post=103746"},{"taxonomy":"post_tag","embeddable":true,"href":"https:\/\/tvtecjundiai.com.br\/news\/wp-json\/wp\/v2\/tags?post=103746"}],"curies":[{"name":"wp","href":"https:\/\/api.w.org\/{rel}","templated":true}]}}