{"id":103752,"date":"2023-01-17T11:05:35","date_gmt":"2023-01-17T14:05:35","guid":{"rendered":"https:\/\/tvtecjundiai.com.br\/news\/?p=103752"},"modified":"2023-01-17T11:05:38","modified_gmt":"2023-01-17T14:05:38","slug":"com-programacao-de-ferias-mundo-das-criancas-une-diversao-e-aprendizado","status":"publish","type":"post","link":"https:\/\/tvtecjundiai.com.br\/news\/2023\/01\/17\/com-programacao-de-ferias-mundo-das-criancas-une-diversao-e-aprendizado\/","title":{"rendered":"Com programa\u00e7\u00e3o de f\u00e9rias, Mundo das Crian\u00e7as une divers\u00e3o e aprendizado"},"content":{"rendered":"\n<p>Desde o in\u00edcio do m\u00eas, o Mundo das Crian\u00e7as est\u00e1 com uma programa\u00e7\u00e3o especial para as crian\u00e7as em f\u00e9rias escolares. Quem passar pelo Parque neste per\u00edodo ter\u00e1 ainda mais op\u00e7\u00f5es de divers\u00e3o e aprendizado em meio a natureza.<\/p>\n\n\n\n<p>Realizado em parceria com a Unidade de Gest\u00e3o de Educa\u00e7\u00e3o (UGE), o projeto \u201cF\u00e9rias no Mundo\u201d conta com diversas oficinas ministradas pelos educadores da rede municipal. A programa\u00e7\u00e3o se estende at\u00e9 20 de janeiro, de ter\u00e7a a sexta em dois per\u00edodos, das 8h \u00e0s 12h e das 13h30 \u00e0s 17h.<\/p>\n\n\n\n<p>Para Juliana, moradora de Jundia\u00ed e m\u00e3e do Lucas e da Alice, o Mundo das Crian\u00e7as \u00e9 o lugar perfeito, n\u00e3o somente nas f\u00e9rias. \u201cEu amo esse lugar, estamos sempre aqui. O Mundo \u00e9 o lugar favorito dos meus filhos. Tenho a impress\u00e3o de que uma crian\u00e7a sonhou com este lugar e, quando acordou, deu de cara com este lugar\u201d.<\/p>\n\n\n<div class=\"wp-block-image\">\n<figure class=\"aligncenter size-large is-resized\"><img loading=\"lazy\" decoding=\"async\" src=\"https:\/\/tvtecjundiai.com.br\/news\/wp-content\/uploads\/sites\/2\/2023\/01\/20230110_145343-1280x622-1-1200x583.jpg\" alt=\"\" class=\"wp-image-103753\" width=\"755\" height=\"367\" srcset=\"https:\/\/tvtecjundiai.com.br\/news\/wp-content\/uploads\/sites\/2\/2023\/01\/20230110_145343-1280x622-1-1200x583.jpg 1200w, https:\/\/tvtecjundiai.com.br\/news\/wp-content\/uploads\/sites\/2\/2023\/01\/20230110_145343-1280x622-1-300x146.jpg 300w, https:\/\/tvtecjundiai.com.br\/news\/wp-content\/uploads\/sites\/2\/2023\/01\/20230110_145343-1280x622-1-768x373.jpg 768w, https:\/\/tvtecjundiai.com.br\/news\/wp-content\/uploads\/sites\/2\/2023\/01\/20230110_145343-1280x622-1.jpg 1280w\" sizes=\"auto, (max-width: 755px) 100vw, 755px\" \/><figcaption class=\"wp-element-caption\">Para Juliana, moradora de Jundia\u00ed e m\u00e3e do Lucas e da Alice, o Mundo das Crian\u00e7as \u00e9 o lugar perfeito, n\u00e3o somente nas f\u00e9rias.<\/figcaption><\/figure>\n<\/div>\n\n\n<p>Entre as oficinas da programa\u00e7\u00e3o de f\u00e9rias est\u00e3o o \u201cP\u00e9 de Brincar\u201d, que re\u00fane as crian\u00e7as em brincadeiras, jogos e viv\u00eancias esportivas no Parque Paca; \u201cP\u00e9 de M\u00fasica\u201d, com cantigas de roda, m\u00fasicas recreativas e dan\u00e7a das cadeiras. J\u00e1 na \u00e1rea do Foguete Serelepe, a crian\u00e7ada poder\u00e1 participar do \u201cP\u00e9 de Livro\u201d, com leitura de hist\u00f3rias, e \u201cP\u00e9 de Natureza \u2013 Sala Verde\u201d, que busca proporcionar um contato mais pr\u00f3ximo da natureza.<\/p>\n\n\n\n<p>\u201cN\u00f3s gostamos muito de viajar e estamos sempre buscando parques, mas igual a esse n\u00e3o h\u00e1 em nenhum outro lugar, aqui ficamos \u00e0 vontade e as crian\u00e7as livres para brincar\u201d, conta Juliana, que nesta semana tamb\u00e9m aproveitou o recesso das aulas para levar o sobrinho Cristiano e a amiga Jaena para conhecer o Mundo.<\/p>\n\n\n\n<p>Al\u00e9m da programa\u00e7\u00e3o de f\u00e9rias, quem passar pelo Mundo das Crian\u00e7as n\u00e3o pode deixar de prestigiar a exposi\u00e7\u00e3o do Zoo Urbano. Com obras espalhadas por diversas \u00e1reas do parque, o projeto re\u00fane esculturas feitas com materiais reciclados. As obras ficar\u00e3o em exposi\u00e7\u00e3o at\u00e9 o final de mar\u00e7o.<\/p>\n\n\n<div class=\"wp-block-image\">\n<figure class=\"aligncenter size-large is-resized\"><img loading=\"lazy\" decoding=\"async\" src=\"https:\/\/tvtecjundiai.com.br\/news\/wp-content\/uploads\/sites\/2\/2023\/01\/dji_0588-1200x900.jpg\" alt=\"\" class=\"wp-image-103754\" width=\"761\" height=\"571\" srcset=\"https:\/\/tvtecjundiai.com.br\/news\/wp-content\/uploads\/sites\/2\/2023\/01\/dji_0588-1200x900.jpg 1200w, https:\/\/tvtecjundiai.com.br\/news\/wp-content\/uploads\/sites\/2\/2023\/01\/dji_0588-300x225.jpg 300w, https:\/\/tvtecjundiai.com.br\/news\/wp-content\/uploads\/sites\/2\/2023\/01\/dji_0588-768x576.jpg 768w, https:\/\/tvtecjundiai.com.br\/news\/wp-content\/uploads\/sites\/2\/2023\/01\/dji_0588.jpg 1280w\" sizes=\"auto, (max-width: 761px) 100vw, 761px\" \/><figcaption class=\"wp-element-caption\">Foto: Prefeitura de Jundia\u00ed<\/figcaption><\/figure>\n<\/div>\n\n\n<p><strong>Funcionamento<\/strong><\/p>\n\n\n\n<p>O Mundo das Crian\u00e7as funciona de ter\u00e7a a domingo, das 7h \u00e0s 17h. De ter\u00e7a a sexta a entrada \u00e9 liberada, j\u00e1 aos finais de semana e feriados \u00e9 necess\u00e1rio agendamento pr\u00e9vio, que deve ser realizado atrav\u00e9s do site\u00a0<a href=\"https:\/\/mundodascriancasjundiai.com.br\/o-parque\/\">www.mundodascriancasjundiai.com.br.<\/a>\u00a0N\u00e3o \u00e9 necess\u00e1rio agendamento para participar das oficinas que integram a programa\u00e7\u00e3o do \u201cF\u00e9rias do Mundo\u201d.<\/p>\n\n\n\n<p><em><strong>(Fonte: Assessoria DAE Jundia\u00ed\/Imagens: Assessoria DAE Jundia\u00ed e Prefeitura de Jundia\u00ed)<\/strong><\/em><\/p>\n","protected":false},"excerpt":{"rendered":"<p>Projeto \u201cF\u00e9rias no Mundo\u201d conta com diversas oficinas ministradas por educadores da rede municipal<\/p>\n","protected":false},"author":30,"featured_media":103754,"comment_status":"closed","ping_status":"0","sticky":false,"template":"","format":"standard","meta":{"footnotes":""},"categories":[8356,8354,1],"tags":[],"class_list":["post-103752","post","type-post","status-publish","format-standard","has-post-thumbnail","hentry","category-jundiai","category-lazer","category-noticias"],"_links":{"self":[{"href":"https:\/\/tvtecjundiai.com.br\/news\/wp-json\/wp\/v2\/posts\/103752","targetHints":{"allow":["GET"]}}],"collection":[{"href":"https:\/\/tvtecjundiai.com.br\/news\/wp-json\/wp\/v2\/posts"}],"about":[{"href":"https:\/\/tvtecjundiai.com.br\/news\/wp-json\/wp\/v2\/types\/post"}],"author":[{"embeddable":true,"href":"https:\/\/tvtecjundiai.com.br\/news\/wp-json\/wp\/v2\/users\/30"}],"replies":[{"embeddable":true,"href":"https:\/\/tvtecjundiai.com.br\/news\/wp-json\/wp\/v2\/comments?post=103752"}],"version-history":[{"count":1,"href":"https:\/\/tvtecjundiai.com.br\/news\/wp-json\/wp\/v2\/posts\/103752\/revisions"}],"predecessor-version":[{"id":103755,"href":"https:\/\/tvtecjundiai.com.br\/news\/wp-json\/wp\/v2\/posts\/103752\/revisions\/103755"}],"wp:featuredmedia":[{"embeddable":true,"href":"https:\/\/tvtecjundiai.com.br\/news\/wp-json\/wp\/v2\/media\/103754"}],"wp:attachment":[{"href":"https:\/\/tvtecjundiai.com.br\/news\/wp-json\/wp\/v2\/media?parent=103752"}],"wp:term":[{"taxonomy":"category","embeddable":true,"href":"https:\/\/tvtecjundiai.com.br\/news\/wp-json\/wp\/v2\/categories?post=103752"},{"taxonomy":"post_tag","embeddable":true,"href":"https:\/\/tvtecjundiai.com.br\/news\/wp-json\/wp\/v2\/tags?post=103752"}],"curies":[{"name":"wp","href":"https:\/\/api.w.org\/{rel}","templated":true}]}}