{"id":103764,"date":"2023-01-17T12:14:02","date_gmt":"2023-01-17T15:14:02","guid":{"rendered":"https:\/\/tvtecjundiai.com.br\/news\/?p=103764"},"modified":"2023-01-17T12:14:03","modified_gmt":"2023-01-17T15:14:03","slug":"parque-da-cidade-sera-sede-da-copa-sudeste-de-automodelismo-on-road","status":"publish","type":"post","link":"https:\/\/tvtecjundiai.com.br\/news\/2023\/01\/17\/parque-da-cidade-sera-sede-da-copa-sudeste-de-automodelismo-on-road\/","title":{"rendered":"Parque da Cidade ser\u00e1 sede da Copa Sudeste de Automodelismo On Road"},"content":{"rendered":"\n<p>A pista de automodelismo do Parque da Cidade ir\u00e1 sediar a Copa Sudeste de Automodelismo On Road. O evento ser\u00e1 realizado nos dias 20, 21 e 22 de janeiro, das 8h \u00e0s 15h, e reunir\u00e1 pilotos de automodelos da categoria 1:5.<\/p>\n\n\n\n<p>\u201c\u00c9 um campeonato regular da categoria, valendo o t\u00edtulo de campe\u00e3o ao final das etapas\u201d, explica o organizador do evento, Leonardo Sauin.<\/p>\n\n\n<div class=\"wp-block-image\">\n<figure class=\"aligncenter size-large is-resized\"><img loading=\"lazy\" decoding=\"async\" src=\"https:\/\/tvtecjundiai.com.br\/news\/wp-content\/uploads\/sites\/2\/2023\/01\/pista-pq-da-cidade-1200x900.jpg\" alt=\"\" class=\"wp-image-103765\" width=\"665\" height=\"499\" srcset=\"https:\/\/tvtecjundiai.com.br\/news\/wp-content\/uploads\/sites\/2\/2023\/01\/pista-pq-da-cidade-1200x900.jpg 1200w, https:\/\/tvtecjundiai.com.br\/news\/wp-content\/uploads\/sites\/2\/2023\/01\/pista-pq-da-cidade-300x225.jpg 300w, https:\/\/tvtecjundiai.com.br\/news\/wp-content\/uploads\/sites\/2\/2023\/01\/pista-pq-da-cidade-768x576.jpg 768w, https:\/\/tvtecjundiai.com.br\/news\/wp-content\/uploads\/sites\/2\/2023\/01\/pista-pq-da-cidade.jpg 1280w\" sizes=\"auto, (max-width: 665px) 100vw, 665px\" \/><\/figure>\n<\/div>\n\n\n<p>Essa \u00e9 a primeira edi\u00e7\u00e3o do evento em que pilotos de outros estados e pa\u00edses poder\u00e3o participar. \u201cNosso objetivo \u00e9 que mais pilotos entrem para a categoria, o que permite a socializa\u00e7\u00e3o e troca&nbsp;de experi\u00eancia, e auxilia na prepara\u00e7\u00e3o para os demais campeonatos que acontecem no Brasil e, especificamente, na pista do Parque da Cidade\u201d, completa Sauin.<\/p>\n\n\n\n<p>Para competir, os modelos devem ter motor a gasolina e seguir o regulamento de peso m\u00ednimo de 12kg, al\u00e9m de possu\u00edrem sistema de freio funcional.<\/p>\n\n\n\n<p>Os pilotos interessados em participar da competi\u00e7\u00e3o poder\u00e3o se inscrever at\u00e9 o dia 20 de janeiro, no local do evento. Para confirmar a inscri\u00e7\u00e3o \u00e9 cobrado uma taxa de R$100,00, que ser\u00e1 utilizada para custear a dire\u00e7\u00e3o de prova e sistema de cronometragem.<\/p>\n\n\n\n<p><em><strong>(Fonte: Assessoria DAE Jundia\u00ed\/Imagem: Na\u00e7\u00e3o RC)<\/strong><\/em><\/p>\n","protected":false},"excerpt":{"rendered":"<p>O evento ser\u00e1 realizado nos dias 20, 21 e 22 de janeiro, das 8h \u00e0s 15h<\/p>\n","protected":false},"author":30,"featured_media":103765,"comment_status":"closed","ping_status":"0","sticky":false,"template":"","format":"standard","meta":{"footnotes":""},"categories":[2827,8356,1],"tags":[],"class_list":["post-103764","post","type-post","status-publish","format-standard","has-post-thumbnail","hentry","category-esportes-e-lazer","category-jundiai","category-noticias"],"_links":{"self":[{"href":"https:\/\/tvtecjundiai.com.br\/news\/wp-json\/wp\/v2\/posts\/103764","targetHints":{"allow":["GET"]}}],"collection":[{"href":"https:\/\/tvtecjundiai.com.br\/news\/wp-json\/wp\/v2\/posts"}],"about":[{"href":"https:\/\/tvtecjundiai.com.br\/news\/wp-json\/wp\/v2\/types\/post"}],"author":[{"embeddable":true,"href":"https:\/\/tvtecjundiai.com.br\/news\/wp-json\/wp\/v2\/users\/30"}],"replies":[{"embeddable":true,"href":"https:\/\/tvtecjundiai.com.br\/news\/wp-json\/wp\/v2\/comments?post=103764"}],"version-history":[{"count":1,"href":"https:\/\/tvtecjundiai.com.br\/news\/wp-json\/wp\/v2\/posts\/103764\/revisions"}],"predecessor-version":[{"id":103766,"href":"https:\/\/tvtecjundiai.com.br\/news\/wp-json\/wp\/v2\/posts\/103764\/revisions\/103766"}],"wp:featuredmedia":[{"embeddable":true,"href":"https:\/\/tvtecjundiai.com.br\/news\/wp-json\/wp\/v2\/media\/103765"}],"wp:attachment":[{"href":"https:\/\/tvtecjundiai.com.br\/news\/wp-json\/wp\/v2\/media?parent=103764"}],"wp:term":[{"taxonomy":"category","embeddable":true,"href":"https:\/\/tvtecjundiai.com.br\/news\/wp-json\/wp\/v2\/categories?post=103764"},{"taxonomy":"post_tag","embeddable":true,"href":"https:\/\/tvtecjundiai.com.br\/news\/wp-json\/wp\/v2\/tags?post=103764"}],"curies":[{"name":"wp","href":"https:\/\/api.w.org\/{rel}","templated":true}]}}