{"id":103767,"date":"2023-01-17T13:49:27","date_gmt":"2023-01-17T16:49:27","guid":{"rendered":"https:\/\/tvtecjundiai.com.br\/news\/?p=103767"},"modified":"2023-01-17T14:24:00","modified_gmt":"2023-01-17T17:24:00","slug":"festa-da-uva-supera-expectativa-e-ultrapassa-os-50-mil-visitantes","status":"publish","type":"post","link":"https:\/\/tvtecjundiai.com.br\/news\/2023\/01\/17\/festa-da-uva-supera-expectativa-e-ultrapassa-os-50-mil-visitantes\/","title":{"rendered":"Festa da Uva supera expectativa e ultrapassa os 50 mil visitantes"},"content":{"rendered":"\n<p>O primeiro final de semana da 38\u00aa Festa da Uva e 9\u00aa Expo Vinhos superou as expectativas e foi um sucesso total de p\u00fablico. Ao todo, 50.152 visitantes passaram pelo parque entre quinta-feira (12) e domingo (15). O destaque ficou por conta da noite de s\u00e1bado (14), que foi o intervalo de tempo em que mais pessoas foram registradas por todo o Parque da Uva.<\/p>\n\n\n\n<p>Entre os locais mais visitados est\u00e3o o Espa\u00e7o Deguste \u2013 pra\u00e7a de alimenta\u00e7\u00e3o que oferece os tradicionais frango e polenta fritos -, o Espa\u00e7o Emp\u00f3rio, onde s\u00e3o encontrados os chopes artesanais e outras atra\u00e7\u00f5es gastron\u00f4micas, e a Vila do Vinho, em que est\u00e3o instaladas as vin\u00edcolas jundiaienses e o palco Uva Niagara. No domingo (15), destaque para o Espa\u00e7o Samba, Futebol e Cerveja, que ficou lotado durante as apresenta\u00e7\u00f5es musicais, al\u00e9m do Espa\u00e7o Cidade das Crian\u00e7as, em que a divers\u00e3o para os pequenos \u00e9 garantida.<\/p>\n\n\n\n<figure class=\"wp-block-image size-large\"><img loading=\"lazy\" decoding=\"async\" width=\"1200\" height=\"801\" src=\"https:\/\/tvtecjundiai.com.br\/news\/wp-content\/uploads\/sites\/2\/2023\/01\/52629736710_2433f01d4e_o-1280x854-1-1200x801.jpg\" alt=\"\" class=\"wp-image-103768\" srcset=\"https:\/\/tvtecjundiai.com.br\/news\/wp-content\/uploads\/sites\/2\/2023\/01\/52629736710_2433f01d4e_o-1280x854-1-1200x801.jpg 1200w, https:\/\/tvtecjundiai.com.br\/news\/wp-content\/uploads\/sites\/2\/2023\/01\/52629736710_2433f01d4e_o-1280x854-1-300x200.jpg 300w, https:\/\/tvtecjundiai.com.br\/news\/wp-content\/uploads\/sites\/2\/2023\/01\/52629736710_2433f01d4e_o-1280x854-1-768x512.jpg 768w, https:\/\/tvtecjundiai.com.br\/news\/wp-content\/uploads\/sites\/2\/2023\/01\/52629736710_2433f01d4e_o-1280x854-1.jpg 1280w\" sizes=\"auto, (max-width: 1200px) 100vw, 1200px\" \/><figcaption class=\"wp-element-caption\">P\u00fablico se re\u00fane para acompanhar as apresenta\u00e7\u00f5es musicais e a pisa da uva<\/figcaption><\/figure>\n\n\n\n<p>Foram vendidos 18.807 quilos de frutas, sendo 10.120 quilos apenas de uva Niagara e 3.793 quilos de outras frutas. \u201cA uva Niagara Rosada de Jundiahy realmente \u00e9 o carro chefe da festa, mas o evento oferece muitas op\u00e7\u00f5es para os visitantes. Esperamos aumentar ainda mais o p\u00fablico presente nos pr\u00f3ximos finais de semana\u201d, comenta o gestor da Unidade de Gest\u00e3o de Agroneg\u00f3cio, Abastecimento e Turismo, Eduardo Alvarez.<\/p>\n\n\n\n<p>A Festa da Uva abre novamente seus port\u00f5es na sexta-feira (20) \u00e0s 18h com entrada gratuita. A programa\u00e7\u00e3o completa do final de semana pode ser acessada no&nbsp;<a href=\"https:\/\/festadauva.jundiai.sp.gov.br\/\">site oficial da festa.<\/a>&nbsp;Os visitantes podem colaborar com o Fundo Social de Solidariedade de Jundia\u00ed fazendo a doa\u00e7\u00e3o de um quilo de alimento n\u00e3o perec\u00edvel na entrada no evento.<\/p>\n\n\n\n<figure class=\"wp-block-image size-large\"><img loading=\"lazy\" decoding=\"async\" width=\"1200\" height=\"800\" src=\"https:\/\/tvtecjundiai.com.br\/news\/wp-content\/uploads\/sites\/2\/2023\/01\/52629655104_f671919bc7_k-1280x853-1-1200x800.jpg\" alt=\"\" class=\"wp-image-103769\" srcset=\"https:\/\/tvtecjundiai.com.br\/news\/wp-content\/uploads\/sites\/2\/2023\/01\/52629655104_f671919bc7_k-1280x853-1-1200x800.jpg 1200w, https:\/\/tvtecjundiai.com.br\/news\/wp-content\/uploads\/sites\/2\/2023\/01\/52629655104_f671919bc7_k-1280x853-1-300x200.jpg 300w, https:\/\/tvtecjundiai.com.br\/news\/wp-content\/uploads\/sites\/2\/2023\/01\/52629655104_f671919bc7_k-1280x853-1-768x512.jpg 768w, https:\/\/tvtecjundiai.com.br\/news\/wp-content\/uploads\/sites\/2\/2023\/01\/52629655104_f671919bc7_k-1280x853-1.jpg 1280w\" sizes=\"auto, (max-width: 1200px) 100vw, 1200px\" \/><figcaption class=\"wp-element-caption\">A Casa do Colono \u00e9 uma das atra\u00e7\u00f5es da 38\u00aa Festa da Uva de Jundia\u00ed<\/figcaption><\/figure>\n\n\n\n<p><em><strong>(Fonte\/Imagens: Prefeitura de Jundia\u00ed)<\/strong><\/em><\/p>\n","protected":false},"excerpt":{"rendered":"<p>O primeiro final de semana da festa foi um sucesso total de p\u00fablico<\/p>\n","protected":false},"author":30,"featured_media":103768,"comment_status":"closed","ping_status":"0","sticky":false,"template":"","format":"standard","meta":{"footnotes":""},"categories":[2833,29,8356,8354,1],"tags":[],"class_list":["post-103767","post","type-post","status-publish","format-standard","has-post-thumbnail","hentry","category-cultura","category-destaque","category-jundiai","category-lazer","category-noticias"],"_links":{"self":[{"href":"https:\/\/tvtecjundiai.com.br\/news\/wp-json\/wp\/v2\/posts\/103767","targetHints":{"allow":["GET"]}}],"collection":[{"href":"https:\/\/tvtecjundiai.com.br\/news\/wp-json\/wp\/v2\/posts"}],"about":[{"href":"https:\/\/tvtecjundiai.com.br\/news\/wp-json\/wp\/v2\/types\/post"}],"author":[{"embeddable":true,"href":"https:\/\/tvtecjundiai.com.br\/news\/wp-json\/wp\/v2\/users\/30"}],"replies":[{"embeddable":true,"href":"https:\/\/tvtecjundiai.com.br\/news\/wp-json\/wp\/v2\/comments?post=103767"}],"version-history":[{"count":2,"href":"https:\/\/tvtecjundiai.com.br\/news\/wp-json\/wp\/v2\/posts\/103767\/revisions"}],"predecessor-version":[{"id":103781,"href":"https:\/\/tvtecjundiai.com.br\/news\/wp-json\/wp\/v2\/posts\/103767\/revisions\/103781"}],"wp:featuredmedia":[{"embeddable":true,"href":"https:\/\/tvtecjundiai.com.br\/news\/wp-json\/wp\/v2\/media\/103768"}],"wp:attachment":[{"href":"https:\/\/tvtecjundiai.com.br\/news\/wp-json\/wp\/v2\/media?parent=103767"}],"wp:term":[{"taxonomy":"category","embeddable":true,"href":"https:\/\/tvtecjundiai.com.br\/news\/wp-json\/wp\/v2\/categories?post=103767"},{"taxonomy":"post_tag","embeddable":true,"href":"https:\/\/tvtecjundiai.com.br\/news\/wp-json\/wp\/v2\/tags?post=103767"}],"curies":[{"name":"wp","href":"https:\/\/api.w.org\/{rel}","templated":true}]}}