{"id":103776,"date":"2023-01-17T14:17:27","date_gmt":"2023-01-17T17:17:27","guid":{"rendered":"https:\/\/tvtecjundiai.com.br\/news\/?p=103776"},"modified":"2023-01-17T14:28:38","modified_gmt":"2023-01-17T17:28:38","slug":"luiz-fernando-participa-do-podtrampo-e-conhece-as-dependencias-do-galpao-criativo","status":"publish","type":"post","link":"https:\/\/tvtecjundiai.com.br\/news\/2023\/01\/17\/luiz-fernando-participa-do-podtrampo-e-conhece-as-dependencias-do-galpao-criativo\/","title":{"rendered":"Luiz Fernando participa do PodTrampo e visita Galp\u00e3o Criativo"},"content":{"rendered":"\n<p>O prefeito Luiz Fernando Machado participou nesta ter\u00e7a-feira (17) do PodTrampo, podcast da Funda\u00e7\u00e3o Escola TVTEC (FTVTEC). No primeiro epis\u00f3dio do ano a abordagem foi sobre os investimentos e projetos municipais que ser\u00e3o colocados em pr\u00e1tica ao longo do ano.<\/p>\n\n\n\n<p>Sob o comando da jornalista Tayana Konrath e com participa\u00e7\u00e3o da superintendente da TVTEC, M\u00f4nica Gropelo, o prefeito enfatizou a import\u00e2ncia de levar o nome de Jundia\u00ed para fora do pa\u00eds. \u201cTemos que nos mostrar ao mundo, n\u00e3o apenas o conceito de ampliar o munic\u00edpio, mas transform\u00e1-lo em celeiro de investimentos internacionais. H\u00e1 pa\u00edses protagonistas, como o Brasil e com a internacionaliza\u00e7\u00e3o queremos mostrar que Jundia\u00ed \u00e9 capaz de investir em empresas e gerar empregos.\u201d<\/p>\n\n\n<div class=\"wp-block-image\">\n<figure class=\"aligncenter size-large is-resized\"><img loading=\"lazy\" decoding=\"async\" src=\"https:\/\/tvtecjundiai.com.br\/news\/wp-content\/uploads\/sites\/2\/2023\/01\/WhatsApp-Image-2023-01-17-at-13.51.46-1200x800.jpeg\" alt=\"\" class=\"wp-image-103777\" width=\"698\" height=\"465\" srcset=\"https:\/\/tvtecjundiai.com.br\/news\/wp-content\/uploads\/sites\/2\/2023\/01\/WhatsApp-Image-2023-01-17-at-13.51.46-1200x800.jpeg 1200w, https:\/\/tvtecjundiai.com.br\/news\/wp-content\/uploads\/sites\/2\/2023\/01\/WhatsApp-Image-2023-01-17-at-13.51.46-300x200.jpeg 300w, https:\/\/tvtecjundiai.com.br\/news\/wp-content\/uploads\/sites\/2\/2023\/01\/WhatsApp-Image-2023-01-17-at-13.51.46-768x512.jpeg 768w, https:\/\/tvtecjundiai.com.br\/news\/wp-content\/uploads\/sites\/2\/2023\/01\/WhatsApp-Image-2023-01-17-at-13.51.46.jpeg 1280w\" sizes=\"auto, (max-width: 698px) 100vw, 698px\" \/><\/figure>\n<\/div>\n\n\n<p><\/p>\n\n\n\n<p>\u00c9 preciso, segundo o prefeito, mostrar Jundia\u00ed ao mundo, mas n\u00e3o de forma desenfreada. A preocupa\u00e7\u00e3o n\u00e3o \u00e9 transformar Jundia\u00ed em uma cidade grande, mas em uma grande cidade, incluindo os investimentos na \u00e1rea de primeira inf\u00e2ncia. \u201cA partir de investimentos com olhar voltados \u00e0 crian\u00e7a, desde o nascimento, nutri\u00e7\u00e3o dentro das escolas. Crian\u00e7a pra mim sempre foi um presente, mas o investimento tem que ser agora.\u201d<\/p>\n\n\n\n<p>Retomada de v\u00e1rias atividades, incluindo a Festa da Uva, com investimentos da cultura, valoriza\u00e7\u00e3o do produtor de vinho, al\u00e9m do investimento na \u00e1rea de sa\u00fade foram citados durante o bate-papo. A meta \u00e9, segundo ele, investir ainda mais no acolhimento das pessoas, inclusive quem trabalha no setor p\u00fablico.<\/p>\n\n\n\n<p>\u201cO servi\u00e7o p\u00fablico merece todo o investimento e forma\u00e7\u00e3o da equipe deve ser de qualidade. Somos um coletivo com bons profissionais e isto a TVTEC tem feito tamb\u00e9m, quer dizer, investindo em pessoas.\u201d<\/p>\n\n\n\n<p><strong>Galp\u00e3o criativo<\/strong><\/p>\n\n\n\n<p>Durante a visita \u00e0s depend\u00eancias da TVTEC, o prefeito aproveitou para conhecer o Galp\u00e3o Criativo que ser\u00e1 entregue no pr\u00f3ximo dia 21, junto com o T\u00f4 Dentro, mostra que contar\u00e1 com a participa\u00e7\u00e3o de dezenas de profissionais ligados \u00e0 economia criativa.<\/p>\n\n\n\n<p>\u201cEm 2017 o prefeito nos deu uma tarefa. Coloque pessoas, vida e oportunidades dentro da TV e depois de cinco anos conseguimos cumprir a tarefa com satisfa\u00e7\u00e3o e felicidade, em especial n\u00e3o fechar espa\u00e7os p\u00fablicos\u201d, diz M\u00f4nica Gropelo, ao lembrar dos projetos j\u00e1 colocados em pr\u00e1tica, incluindo a entrega do Galp\u00e3o Criativo.<\/p>\n\n\n<div class=\"wp-block-image\">\n<figure class=\"aligncenter size-large is-resized\"><img loading=\"lazy\" decoding=\"async\" src=\"https:\/\/tvtecjundiai.com.br\/news\/wp-content\/uploads\/sites\/2\/2023\/01\/WhatsApp-Image-2023-01-17-at-13.51.46-1-1200x800.jpeg\" alt=\"\" class=\"wp-image-103778\" width=\"714\" height=\"476\" srcset=\"https:\/\/tvtecjundiai.com.br\/news\/wp-content\/uploads\/sites\/2\/2023\/01\/WhatsApp-Image-2023-01-17-at-13.51.46-1-1200x800.jpeg 1200w, https:\/\/tvtecjundiai.com.br\/news\/wp-content\/uploads\/sites\/2\/2023\/01\/WhatsApp-Image-2023-01-17-at-13.51.46-1-300x200.jpeg 300w, https:\/\/tvtecjundiai.com.br\/news\/wp-content\/uploads\/sites\/2\/2023\/01\/WhatsApp-Image-2023-01-17-at-13.51.46-1-768x512.jpeg 768w, https:\/\/tvtecjundiai.com.br\/news\/wp-content\/uploads\/sites\/2\/2023\/01\/WhatsApp-Image-2023-01-17-at-13.51.46-1.jpeg 1280w\" sizes=\"auto, (max-width: 714px) 100vw, 714px\" \/><\/figure>\n<\/div>\n\n\n<p><\/p>\n\n\n\n<p>M\u00f4nica lembrou da import\u00e2ncia de entregar de espa\u00e7o p\u00fablico para a popula\u00e7\u00e3o. Entrega que fazer parte de s\u00e9rie de atividades e metas de governo. \u201cEstamos entregando metas sobre&nbsp; gera\u00e7\u00e3o de renda. Esta entrega sempre foi a forma\u00e7\u00e3o e aprendizagem unindo Aos quatro pilares propostos, com a escola, os conte\u00fados, a economia criativa e a rede de inovadores\u201d, lembra.<\/p>\n\n\n\n<p>O prefeito Luiz Fernando Machado j\u00e1 ficou satisfeito com o que viu e promete estar na abertura do evento. \u201cNo s\u00e1bado vamos estar aqui para reunir as pessoas com foco na economia criativa.\u201d<\/p>\n\n\n\n<p>Lembrando que o Galp\u00e3o Criativo ser\u00e1 entregue dia 21, das 10h \u00e0s 19h, com entrada gratuita, contando com a participa\u00e7\u00e3o de profissionais ligados a economia criativa, al\u00e9m de servi\u00e7os, \u00e1rea de gastronomia e extensa programa\u00e7\u00e3o cultural. Mais informa\u00e7\u00f5es no Instagram <a href=\"https:\/\/www.instagram.com\/galpaocriativojundiai\/\" data-type=\"URL\" data-id=\"https:\/\/www.instagram.com\/galpaocriativojundiai\/\">@galpaocriativojundiai<\/a>.<\/p>\n\n\n\n<p><em><strong>(Fonte\/Imagens: TVTEC Jundia\u00ed)<\/strong><\/em><\/p>\n","protected":false},"excerpt":{"rendered":"<p>O prefeito aproveitou para conhecer o Galp\u00e3o Criativo que ser\u00e1 entregue no dia 21<\/p>\n","protected":false},"author":30,"featured_media":103778,"comment_status":"closed","ping_status":"0","sticky":false,"template":"","format":"standard","meta":{"footnotes":""},"categories":[29,8356,1],"tags":[],"class_list":["post-103776","post","type-post","status-publish","format-standard","has-post-thumbnail","hentry","category-destaque","category-jundiai","category-noticias"],"_links":{"self":[{"href":"https:\/\/tvtecjundiai.com.br\/news\/wp-json\/wp\/v2\/posts\/103776","targetHints":{"allow":["GET"]}}],"collection":[{"href":"https:\/\/tvtecjundiai.com.br\/news\/wp-json\/wp\/v2\/posts"}],"about":[{"href":"https:\/\/tvtecjundiai.com.br\/news\/wp-json\/wp\/v2\/types\/post"}],"author":[{"embeddable":true,"href":"https:\/\/tvtecjundiai.com.br\/news\/wp-json\/wp\/v2\/users\/30"}],"replies":[{"embeddable":true,"href":"https:\/\/tvtecjundiai.com.br\/news\/wp-json\/wp\/v2\/comments?post=103776"}],"version-history":[{"count":6,"href":"https:\/\/tvtecjundiai.com.br\/news\/wp-json\/wp\/v2\/posts\/103776\/revisions"}],"predecessor-version":[{"id":103785,"href":"https:\/\/tvtecjundiai.com.br\/news\/wp-json\/wp\/v2\/posts\/103776\/revisions\/103785"}],"wp:featuredmedia":[{"embeddable":true,"href":"https:\/\/tvtecjundiai.com.br\/news\/wp-json\/wp\/v2\/media\/103778"}],"wp:attachment":[{"href":"https:\/\/tvtecjundiai.com.br\/news\/wp-json\/wp\/v2\/media?parent=103776"}],"wp:term":[{"taxonomy":"category","embeddable":true,"href":"https:\/\/tvtecjundiai.com.br\/news\/wp-json\/wp\/v2\/categories?post=103776"},{"taxonomy":"post_tag","embeddable":true,"href":"https:\/\/tvtecjundiai.com.br\/news\/wp-json\/wp\/v2\/tags?post=103776"}],"curies":[{"name":"wp","href":"https:\/\/api.w.org\/{rel}","templated":true}]}}