{"id":103812,"date":"2023-01-18T14:32:19","date_gmt":"2023-01-18T17:32:19","guid":{"rendered":"https:\/\/tvtecjundiai.com.br\/news\/?p=103812"},"modified":"2023-01-18T14:32:21","modified_gmt":"2023-01-18T17:32:21","slug":"exposicao-palavras-em-coisas-fica-na-pinacoteca-ate-12-de-fevereiro","status":"publish","type":"post","link":"https:\/\/tvtecjundiai.com.br\/news\/2023\/01\/18\/exposicao-palavras-em-coisas-fica-na-pinacoteca-ate-12-de-fevereiro\/","title":{"rendered":"Exposi\u00e7\u00e3o &#8216;Palavras em Coisas&#8217; fica na Pinacoteca at\u00e9 12 de fevereiro"},"content":{"rendered":"\n<p>At\u00e9 o dia 12 de fevereiro o p\u00fablico poder\u00e1 visitar a exposi\u00e7\u00e3o \u201c Palavras em Coisas\u201d, que re\u00fane as obras das artistas Anna Souza e Camila Brand\u00e3o, na Pinacoteca Di\u00f3genes Duarte Paes, pela Unidade de Gest\u00e3o de Cultura (UGC), a partir da mostra selecionada pelo edital Expo Artes 2022.<\/p>\n\n\n\n<p>Com entrada gratuita, \u201cPalavras em Coisas\u201d \u00e9 uma exposi\u00e7\u00e3o que mobiliza a sobreposi\u00e7\u00e3o de sentidos dentro das m\u00faltiplas linguagens das artes visuais, flexionando as manifesta\u00e7\u00f5es semi\u00f3ticas da lingu\u00edstica e construindo plasticamente um universo de possibilidades.<\/p>\n\n\n<div class=\"wp-block-image\">\n<figure class=\"aligncenter size-large is-resized\"><img loading=\"lazy\" decoding=\"async\" src=\"https:\/\/tvtecjundiai.com.br\/news\/wp-content\/uploads\/sites\/2\/2023\/01\/expo3-1200x900.jpg\" alt=\"\" class=\"wp-image-103813\" width=\"663\" height=\"497\" srcset=\"https:\/\/tvtecjundiai.com.br\/news\/wp-content\/uploads\/sites\/2\/2023\/01\/expo3-1200x900.jpg 1200w, https:\/\/tvtecjundiai.com.br\/news\/wp-content\/uploads\/sites\/2\/2023\/01\/expo3-300x225.jpg 300w, https:\/\/tvtecjundiai.com.br\/news\/wp-content\/uploads\/sites\/2\/2023\/01\/expo3-768x576.jpg 768w, https:\/\/tvtecjundiai.com.br\/news\/wp-content\/uploads\/sites\/2\/2023\/01\/expo3.jpg 1280w\" sizes=\"auto, (max-width: 663px) 100vw, 663px\" \/><figcaption class=\"wp-element-caption\"><strong>Obras<\/strong>\u00a0<strong>em exposi\u00e7\u00e3o<\/strong>\u00a0podem ser vistas at\u00e9 12 de fevereiro<\/figcaption><\/figure>\n<\/div>\n\n\n<p>Livremente inspirada na pesquisa art\u00edstico-acad\u00eamica de D\u00e9cio Pignatari, poeta concretista nascido em Jundia\u00ed no ano de 1927, o projeto \u00e9 um experimento visual acerca das t\u00e9cnicas e formatos da poesia concreta.&nbsp;<\/p>\n\n\n\n<p>Segundo as artistas, o poeta cria e recria a linguagem atrav\u00e9s do som e da forma das palavras. Dessa maneira, a poesia \u2013 como fonte imag\u00e9tica inesgot\u00e1vel \u2013 seria uma express\u00e3o art\u00edstica muito mais pr\u00f3xima das artes visuais e da m\u00fasica do que da prosa. Forma, textura, cor, cheiros, sons, propuls\u00f5es vivas do imagin\u00e1rio po\u00e9tico.&nbsp;E as coisas? Tudo o que existe ou possa existir, de natureza corp\u00f3rea ou incorp\u00f3rea.<\/p>\n\n\n\n<p>\u00c9 por meio dessa justaposi\u00e7\u00e3o de percep\u00e7\u00f5es concretas e simb\u00f3licas que tudo aqui se desenvolve enquanto experimento sensorial. Cultivar as \u201cPalavras em Coisas\u201d \u00e9 ser capaz de explorar ritmos, significados, cores e texturas que o mundo lingu\u00edstico e art\u00edstico pode nos dar.<\/p>\n\n\n<div class=\"wp-block-image\">\n<figure class=\"aligncenter size-large is-resized\"><img loading=\"lazy\" decoding=\"async\" src=\"https:\/\/tvtecjundiai.com.br\/news\/wp-content\/uploads\/sites\/2\/2023\/01\/expo1-1-1200x900.jpg\" alt=\"\" class=\"wp-image-103814\" width=\"671\" height=\"504\" srcset=\"https:\/\/tvtecjundiai.com.br\/news\/wp-content\/uploads\/sites\/2\/2023\/01\/expo1-1-1200x900.jpg 1200w, https:\/\/tvtecjundiai.com.br\/news\/wp-content\/uploads\/sites\/2\/2023\/01\/expo1-1-300x225.jpg 300w, https:\/\/tvtecjundiai.com.br\/news\/wp-content\/uploads\/sites\/2\/2023\/01\/expo1-1-768x576.jpg 768w, https:\/\/tvtecjundiai.com.br\/news\/wp-content\/uploads\/sites\/2\/2023\/01\/expo1-1.jpg 1280w\" sizes=\"auto, (max-width: 671px) 100vw, 671px\" \/><\/figure>\n<\/div>\n\n\n<p><strong>As artistas<\/strong><\/p>\n\n\n\n<p><strong>Anna Souza<\/strong>, 26 anos, multiartista natural de Jundia\u00ed. Formada em R\u00e1dio e TV pela UNESP, atua em diversas frentes art\u00edsticas: artes visuais, dan\u00e7a e atua\u00e7\u00e3o.<\/p>\n\n\n\n<p><strong>Camila Brand\u00e3o<\/strong>, 25 anos, atriz, cantora, diretora e artista visual. Formou-se em audiovisual e cursa Filosofia na Universidade de S\u00e3o Paulo. Dentre suas \u00e1reas de pesquisa est\u00e3o\u00a0videoarte, fotografia, poesia concreta e arte contempor\u00e2nea.<\/p>\n\n\n\n<p>A Pinacoteca est\u00e1 localizada na rua Bar\u00e3o de Jundia\u00ed, 109, Centro. O hor\u00e1rio de funcionamento \u00e9 de ter\u00e7a a domingo e feriados, das 10h \u00e0s 17h.<\/p>\n\n\n\n<p><strong><em>(Fonte\/Imagem: Prefeitura de Jundia\u00ed)<\/em><\/strong><\/p>\n","protected":false},"excerpt":{"rendered":"<p>A Pinacoteca est\u00e1 localizada na rua Bar\u00e3o de Jundia\u00ed, 109, Centro<\/p>\n","protected":false},"author":30,"featured_media":103814,"comment_status":"closed","ping_status":"0","sticky":false,"template":"","format":"standard","meta":{"footnotes":""},"categories":[2833,8356,1],"tags":[],"class_list":["post-103812","post","type-post","status-publish","format-standard","has-post-thumbnail","hentry","category-cultura","category-jundiai","category-noticias"],"_links":{"self":[{"href":"https:\/\/tvtecjundiai.com.br\/news\/wp-json\/wp\/v2\/posts\/103812","targetHints":{"allow":["GET"]}}],"collection":[{"href":"https:\/\/tvtecjundiai.com.br\/news\/wp-json\/wp\/v2\/posts"}],"about":[{"href":"https:\/\/tvtecjundiai.com.br\/news\/wp-json\/wp\/v2\/types\/post"}],"author":[{"embeddable":true,"href":"https:\/\/tvtecjundiai.com.br\/news\/wp-json\/wp\/v2\/users\/30"}],"replies":[{"embeddable":true,"href":"https:\/\/tvtecjundiai.com.br\/news\/wp-json\/wp\/v2\/comments?post=103812"}],"version-history":[{"count":1,"href":"https:\/\/tvtecjundiai.com.br\/news\/wp-json\/wp\/v2\/posts\/103812\/revisions"}],"predecessor-version":[{"id":103815,"href":"https:\/\/tvtecjundiai.com.br\/news\/wp-json\/wp\/v2\/posts\/103812\/revisions\/103815"}],"wp:featuredmedia":[{"embeddable":true,"href":"https:\/\/tvtecjundiai.com.br\/news\/wp-json\/wp\/v2\/media\/103814"}],"wp:attachment":[{"href":"https:\/\/tvtecjundiai.com.br\/news\/wp-json\/wp\/v2\/media?parent=103812"}],"wp:term":[{"taxonomy":"category","embeddable":true,"href":"https:\/\/tvtecjundiai.com.br\/news\/wp-json\/wp\/v2\/categories?post=103812"},{"taxonomy":"post_tag","embeddable":true,"href":"https:\/\/tvtecjundiai.com.br\/news\/wp-json\/wp\/v2\/tags?post=103812"}],"curies":[{"name":"wp","href":"https:\/\/api.w.org\/{rel}","templated":true}]}}