{"id":103821,"date":"2023-01-18T15:03:56","date_gmt":"2023-01-18T18:03:56","guid":{"rendered":"https:\/\/tvtecjundiai.com.br\/news\/?p=103821"},"modified":"2023-01-18T15:04:00","modified_gmt":"2023-01-18T18:04:00","slug":"oba-hortifruti-esta-com-vagas-de-emprego-abertas-em-jundiai-2","status":"publish","type":"post","link":"https:\/\/tvtecjundiai.com.br\/news\/2023\/01\/18\/oba-hortifruti-esta-com-vagas-de-emprego-abertas-em-jundiai-2\/","title":{"rendered":"Oba Hortifruti est\u00e1 com vagas de emprego abertas em Jundia\u00ed"},"content":{"rendered":"\n<p>A rede Oba Hortifruti est\u00e1 com oportunidades de emprego para a unidade do Anhangaba\u00fa, em Jundia\u00ed. As vagas s\u00e3o para auxiliar de cozinha, atendente do setor de vinhos, padeiro e repositor de mercadorias.<\/p>\n\n\n\n<p>Os interessados podem se inscrever pelo\u00a0<a href=\"https:\/\/web.jundiai.sp.gov.br\/PMJ\/emprega\/Vaga#\">portal Jundia\u00ed Empreendedora<\/a>, da Prefeitura de Jundia\u00ed.<\/p>\n\n\n<div class=\"wp-block-image\">\n<figure class=\"aligncenter size-full\"><img loading=\"lazy\" decoding=\"async\" width=\"600\" height=\"450\" src=\"https:\/\/tvtecjundiai.com.br\/news\/wp-content\/uploads\/sites\/2\/2023\/01\/1_t_oba1-270096.jpg\" alt=\"\" class=\"wp-image-103822\" srcset=\"https:\/\/tvtecjundiai.com.br\/news\/wp-content\/uploads\/sites\/2\/2023\/01\/1_t_oba1-270096.jpg 600w, https:\/\/tvtecjundiai.com.br\/news\/wp-content\/uploads\/sites\/2\/2023\/01\/1_t_oba1-270096-300x225.jpg 300w\" sizes=\"auto, (max-width: 600px) 100vw, 600px\" \/><\/figure>\n<\/div>\n\n\n<p><strong>Auxiliar de cozinha \u2013 1 vaga<\/strong><\/p>\n\n\n\n<p><em>Exig\u00eancias:\u00a0<\/em>Necess\u00e1rio disponibilidade para trabalhar em escala 6\u00d71, das 13h \u00e0s 21h20h; ensino fundamental completo; experi\u00eancia na fun\u00e7\u00e3o ser\u00e1 um diferencial.<\/p>\n\n\n\n<p><strong>Atendente do setor de vinhos \u2013 1 vaga<\/strong><\/p>\n\n\n\n<p><em>Exig\u00eancias:\u00a0<\/em>Necess\u00e1rio disponibilidade para trabalhar em escala 6\u00d71, das 13h40 \u00e0s 22h; ensino fundamental completo e experi\u00eancia anterior ser\u00e1 um diferencial.<\/p>\n\n\n\n<p><strong>Padeiro \u2013 1 vaga<\/strong><\/p>\n\n\n\n<p><em>Exig\u00eancias:\u00a0<\/em>Necess\u00e1rio disponibilidade para trabalhar em escala 6\u00d71, das 6h \u00e0s 14h20; ensino fundamental completo e experi\u00eancia na fun\u00e7\u00e3o.<\/p>\n\n\n\n<p><strong>Repositor de mercadorias \u2013 1 vaga <\/strong><\/p>\n\n\n\n<p><em>Exig\u00eancias:\u00a0<\/em>Necess\u00e1rio disponibilidade para trabalhar em escala 6\u00d71, das 13h40 \u00e0s 22h; ensino fundamental completo; experi\u00eancia anterior ser\u00e1 um diferencial.<\/p>\n\n\n\n<p><strong><em>(Fonte: TVTEC Jundia\u00ed\/Imagem: Divulga\u00e7\u00e3o)<\/em><\/strong><\/p>\n","protected":false},"excerpt":{"rendered":"<p>Os interessados podem se inscrever pelo portal Jundia\u00ed Empreendedora<\/p>\n","protected":false},"author":30,"featured_media":103822,"comment_status":"closed","ping_status":"0","sticky":false,"template":"","format":"standard","meta":{"footnotes":""},"categories":[5038,8363,8356,1],"tags":[],"class_list":["post-103821","post","type-post","status-publish","format-standard","has-post-thumbnail","hentry","category-emprego","category-emprego-2","category-jundiai","category-noticias"],"_links":{"self":[{"href":"https:\/\/tvtecjundiai.com.br\/news\/wp-json\/wp\/v2\/posts\/103821","targetHints":{"allow":["GET"]}}],"collection":[{"href":"https:\/\/tvtecjundiai.com.br\/news\/wp-json\/wp\/v2\/posts"}],"about":[{"href":"https:\/\/tvtecjundiai.com.br\/news\/wp-json\/wp\/v2\/types\/post"}],"author":[{"embeddable":true,"href":"https:\/\/tvtecjundiai.com.br\/news\/wp-json\/wp\/v2\/users\/30"}],"replies":[{"embeddable":true,"href":"https:\/\/tvtecjundiai.com.br\/news\/wp-json\/wp\/v2\/comments?post=103821"}],"version-history":[{"count":1,"href":"https:\/\/tvtecjundiai.com.br\/news\/wp-json\/wp\/v2\/posts\/103821\/revisions"}],"predecessor-version":[{"id":103823,"href":"https:\/\/tvtecjundiai.com.br\/news\/wp-json\/wp\/v2\/posts\/103821\/revisions\/103823"}],"wp:featuredmedia":[{"embeddable":true,"href":"https:\/\/tvtecjundiai.com.br\/news\/wp-json\/wp\/v2\/media\/103822"}],"wp:attachment":[{"href":"https:\/\/tvtecjundiai.com.br\/news\/wp-json\/wp\/v2\/media?parent=103821"}],"wp:term":[{"taxonomy":"category","embeddable":true,"href":"https:\/\/tvtecjundiai.com.br\/news\/wp-json\/wp\/v2\/categories?post=103821"},{"taxonomy":"post_tag","embeddable":true,"href":"https:\/\/tvtecjundiai.com.br\/news\/wp-json\/wp\/v2\/tags?post=103821"}],"curies":[{"name":"wp","href":"https:\/\/api.w.org\/{rel}","templated":true}]}}