{"id":103824,"date":"2023-01-18T15:46:58","date_gmt":"2023-01-18T18:46:58","guid":{"rendered":"https:\/\/tvtecjundiai.com.br\/news\/?p=103824"},"modified":"2023-01-18T15:47:03","modified_gmt":"2023-01-18T18:47:03","slug":"segundo-fim-de-semana-de-festa-da-uva-traz-mais-atracoes-artisticas-gratuitas-para-o-publico","status":"publish","type":"post","link":"https:\/\/tvtecjundiai.com.br\/news\/2023\/01\/18\/segundo-fim-de-semana-de-festa-da-uva-traz-mais-atracoes-artisticas-gratuitas-para-o-publico\/","title":{"rendered":"Segundo fim de semana de Festa da Uva traz mais atra\u00e7\u00f5es art\u00edsticas gratuitas para o p\u00fablico"},"content":{"rendered":"\n<p>Sucesso de p\u00fablico com mais de 50 mil visitantes no fim de semana de estreia, a&nbsp;<a href=\"https:\/\/festadauva.jundiai.sp.gov.br\/\" target=\"_blank\" rel=\"noreferrer noopener\">38\u00aa Festa da Uva e 9\u00aa Expo Vinhos de Jundia\u00ed<\/a>&nbsp;garante para este segundo fim de semana \u2013 sexta-feira (20), s\u00e1bado (21) e domingo (22) \u2013 mais uma s\u00e9rie de atra\u00e7\u00f5es musicais, interven\u00e7\u00f5es art\u00edsticas e brincadeiras l\u00fadicas do programa Cidade das Crian\u00e7as, a fim de agradar a todos os gostos e atrair ainda mais gente para o Parque Comendador Antonio Carbonari (Parque da Uva).<\/p>\n\n\n\n<p>A programa\u00e7\u00e3o come\u00e7a j\u00e1 nesta sexta-feira (20). No Palco Interno \u2013 Uva Niagara Rosada de Jundiahy, \u00e0s 18h30, tem o show musical de flashback \u201cVitrola anos 80\u201d, e \u00e0s 20h30, sob a reg\u00eancia de Daniel Francisc\u00e3o tem a apresenta\u00e7\u00e3o da Orquestra de Violeiros Terra da Uva.<\/p>\n\n\n\n<figure class=\"wp-block-image\"><img decoding=\"async\" src=\"https:\/\/jundiai.sp.gov.br\/noticias\/wp-content\/uploads\/sites\/32\/2023\/01\/parque_da_uva_palcos_festa_da_uva-2-1280x854.jpg\" alt=\"\" class=\"wp-image-309448\" \/><figcaption class=\"wp-element-caption\">Pisa da Uva \u00e9 realizada em frente ao Palco Uva Niagara Rosada de Jundiahy, ap\u00f3s a apresenta\u00e7\u00e3o do Grupo Folklor\u00edstico Stella Bianca<\/figcaption><\/figure>\n\n\n\n<p>J\u00e1 no Coreto do Rock \u2013 Uva M\u00e1ximo, \u00e0s 19h, o rapper Floco apresenta o show \u201cFloco Convida\u201d com a presen\u00e7a de seus amigos e convidados. No mesmo hor\u00e1rio, no Palco Espa\u00e7o das Crian\u00e7as \u2013 Uva Ribas, tem o show musical \u201cOsomdu\u00f4co\u201d. J\u00e1 \u00e0s 20h, tem a apresenta\u00e7\u00e3o \u201cCora\u00e7\u00e3o de Malandro\u201d, com a Comunidade de Samba, no Palco do Samba \u2013 Uva Bord\u00f4. E \u00e0s 20h30, no Palco Externo \u2013 Uva Isabel, est\u00e1 programado o show de m\u00fasica sertaneja com Marcelo Gut.<\/p>\n\n\n\n<p>J\u00e1 no s\u00e1bado (21), as atra\u00e7\u00f5es no Palco Interno \u2013 Uva Niagara Rosada de Jundiahy s\u00e3o: o show de dan\u00e7a \u201cEnergia Cigana\u201d, \u00e0s 11h; o show de Zouk e samba da gafieira com Diego Ramos; o show de Pop Rock com a banda Reprise In\u00e9dita, \u00e0s 12h30; a tradicional Pisa da Uva, a partir das 14h; o show de MPB com Shirley Esp\u00edndola Group Encontros; o show de nova MPB Clarina apresenta \u201cReza Terreira\u201d, \u00e0s 18h; o forr\u00f3 p\u00e9 de serra com Serelepe, \u00e0s 20h, para encerrar a noite.<\/p>\n\n\n\n<p>No Palco Externo \u2013 Uva Isabel, Tao do Rock se apresenta \u00e0s 17h30 e Tributo ao Queen \u00e0s 20h30. J\u00e1 no Palco do Samba \u2013 Uva Bord\u00f4, \u00e0s 15h, tem Celso J\u00fanior e show Samba de uma Figa; \u00e0s 17h30, a apresenta\u00e7\u00e3o do Bloco Carne com Queijo; e, \u00e0s 19h30, a performance de Le\u00f5es da Hortol\u00e2ndia.<\/p>\n\n\n\n<p>E no Coreto do Rock \u2013 Uva M\u00e1ximo, \u00e0s 11h tem Banda Oxidade, com Pop Rock e MPB; \u00e0s 13h, tem NDK \u2013 O Selenita, com Rock Alternativo; \u00e0s 15h, tem banda Rock\u2019n\u2019Road, com Rock Cl\u00e1ssico e Moderno; e \u00e0s 19h, S\u00e9rgio Gl\u00f3ria canta Renato Russo, em apresenta\u00e7\u00e3o cover de Legi\u00e3o Urbana.<\/p>\n\n\n\n<figure class=\"wp-block-image\"><img decoding=\"async\" src=\"https:\/\/jundiai.sp.gov.br\/noticias\/wp-content\/uploads\/sites\/32\/2023\/01\/parque_da_uva_palcos_festa_da_uva-1-1280x854.jpg\" alt=\"\" class=\"wp-image-309453\" \/><figcaption class=\"wp-element-caption\">No Palco Espa\u00e7o das Crian\u00e7as \u2013 Uva Ribas ficam concentradas as atra\u00e7\u00f5es e interven\u00e7\u00f5es para o p\u00fablico infantojuvenil<\/figcaption><\/figure>\n\n\n\n<p>No domingo (22), a programa\u00e7\u00e3o come\u00e7a \u00e0s 10h, com a sa\u00edda, do Pa\u00e7o Municipal em dire\u00e7\u00e3o ao Parque, com a Parada de Opalas. Os ve\u00edculos da parada ficar\u00e3o estacionados, at\u00e9 as 15h, no Palco Externo \u2013 Uva Isabel. No mesmo Palco, \u00e0s 17h30, tem o show de Pop Rock e Flash Back com Geisa Mel e Banda, e \u00e0s 19h30, a apresenta\u00e7\u00e3o de Blues, Jazz e Soul com Amy Winehouse Cover.<\/p>\n\n\n\n<p>No Palco Interno \u2013 Uva Niagara Rosada de Jundiahy, as atra\u00e7\u00f5es do dia s\u00e3o: apresenta\u00e7\u00e3o da Premiere Escola de Dan\u00e7a, \u00e0s 11h; apresenta\u00e7\u00e3o de Street Dance com Michael Trindade, \u00e0s 11h30; show de Pop Rock anos 80 com Reprise In\u00e9dita, \u00e0s 12h30; a tradicional Pisa da Uva, a partir das 14h; o leil\u00e3o das frutas premiadas, \u00e0s 16h; o show de m\u00fasica instrumental brasileira com Thiago Louren\u00e7o Trio; e o show de M\u00fasica Folk e MPB do trio A Corda Piaba, \u00e0s 19h30.<\/p>\n\n\n\n<p>J\u00e1 no Coreto do Rock \u2013 Uva M\u00e1ximo, \u00e0s 11h, tem o show hard core com a banda Irrevers\u00edvel; \u00e0s 13h, o show de Pop Rock com Ladies of Rock; e, \u00e0s 15h, o show de Blues, com M\u00e1rcio Maresia e Banda.<\/p>\n\n\n\n<p>E no Palco do Samba \u2013 Uva Bord\u00f4, as apresenta\u00e7\u00f5es do dia s\u00e3o: \u00e0s 15h, a performance da Escola de Samba Uni\u00e3o do Povo; \u00e0s 17h30 o Baile da Maravilha; e \u00e0s 19h30, a apresenta\u00e7\u00e3o da Agremia\u00e7\u00e3o Imp\u00e9rio da Maring\u00e1.<\/p>\n\n\n\n<figure class=\"wp-block-image\"><img decoding=\"async\" src=\"https:\/\/jundiai.sp.gov.br\/noticias\/wp-content\/uploads\/sites\/32\/2023\/01\/parque_da_uva_palcos_festa_da_uva-4-1280x854.jpg\" alt=\"\" class=\"wp-image-309455\" \/><figcaption class=\"wp-element-caption\">As atra\u00e7\u00f5es de samba e de escolas e blocos carnavalescos s\u00e3o apresentadas no Palco do Samba \u2013 Uva Bord\u00f4<\/figcaption><\/figure>\n\n\n\n<p>Nos tr\u00eas dias tamb\u00e9m est\u00e3o programadas interven\u00e7\u00f5es art\u00edsticas e brincadeiras l\u00fadicas, com diversos grupos art\u00edsticos locais, como a Cia. Inspirarte, o grupo Gatos Gordos, Amorah, coletivo #PretaEu, Japi Produ\u00e7\u00f5es, Respeit\u00e1vel P\u00fablico, Cia. Press\u00e3o Baixa, Cia. Catavento, Nay Firens, Trupe Trapaceiros, banda teatral Rick &amp; Kelly, Cia. Ca\u00e7a Vento de Artes, Cia. Um do Outro, Claquete Cia. Teatral, Cena4 Produ\u00e7\u00f5es, 4Banda e Cia. Tramp de Palha\u00e7os.<\/p>\n\n\n\n<p><a href=\"https:\/\/festadauva.jundiai.sp.gov.br\/\" target=\"_blank\" rel=\"noreferrer noopener\">Os detalhes da programa\u00e7\u00e3o podem ser conferidos no site da Festa<\/a>.<\/p>\n\n\n\n<p><strong>Mais Festa<\/strong><br>O Parque da Uva fica na avenida Jundia\u00ed, s\/n \u2013 Anhangaba\u00fa, e a 38\u00aa Festa da Uva e 9\u00aa Expo Vinhos segue nos dias 20, 21, 22, 27, 28 e 29 de janeiro e 03, 04 e 05 de fevereiro, \u00e0s sextas-feiras, das 18h \u00e0s 22h; aos s\u00e1bados, das 10h \u00e0s 22h; e aos domingos, das 10h \u00e0s 21h.<\/p>\n\n\n\n<p>A entrada \u00e9 gratuita, mas como sugest\u00e3o de ingresso solid\u00e1rio, s\u00e3o arrecadados alimentos n\u00e3o perec\u00edveis nas entradas do Parque para destina\u00e7\u00e3o ao Fundo Social de Solidariedade.<\/p>\n\n\n\n<figure class=\"wp-block-image\"><img decoding=\"async\" src=\"https:\/\/jundiai.sp.gov.br\/noticias\/wp-content\/uploads\/sites\/32\/2023\/01\/parque_da_uva_palcos_festa_da_uva-3-1280x854.jpg\" alt=\"\" class=\"wp-image-309458\" \/><figcaption class=\"wp-element-caption\">J\u00e1 o Rock tem vez na programa\u00e7\u00e3o do Coreto do Rock \u2013 Uva M\u00e1ximo<\/figcaption><\/figure>\n\n\n\n<p><strong><em>(Fonte\/Imagem: Prefeitura de Jundia\u00ed)<\/em><\/strong><\/p>\n","protected":false},"excerpt":{"rendered":"<p>Evento garante entre sexta-feira (20), e domingo (22), uma mais uma s\u00e9rie de atra\u00e7\u00f5es no Parque da Uva.<\/p>\n","protected":false},"author":27,"featured_media":103825,"comment_status":"closed","ping_status":"0","sticky":false,"template":"","format":"standard","meta":{"footnotes":""},"categories":[8356],"tags":[],"class_list":["post-103824","post","type-post","status-publish","format-standard","has-post-thumbnail","hentry","category-jundiai"],"_links":{"self":[{"href":"https:\/\/tvtecjundiai.com.br\/news\/wp-json\/wp\/v2\/posts\/103824","targetHints":{"allow":["GET"]}}],"collection":[{"href":"https:\/\/tvtecjundiai.com.br\/news\/wp-json\/wp\/v2\/posts"}],"about":[{"href":"https:\/\/tvtecjundiai.com.br\/news\/wp-json\/wp\/v2\/types\/post"}],"author":[{"embeddable":true,"href":"https:\/\/tvtecjundiai.com.br\/news\/wp-json\/wp\/v2\/users\/27"}],"replies":[{"embeddable":true,"href":"https:\/\/tvtecjundiai.com.br\/news\/wp-json\/wp\/v2\/comments?post=103824"}],"version-history":[{"count":1,"href":"https:\/\/tvtecjundiai.com.br\/news\/wp-json\/wp\/v2\/posts\/103824\/revisions"}],"predecessor-version":[{"id":103826,"href":"https:\/\/tvtecjundiai.com.br\/news\/wp-json\/wp\/v2\/posts\/103824\/revisions\/103826"}],"wp:featuredmedia":[{"embeddable":true,"href":"https:\/\/tvtecjundiai.com.br\/news\/wp-json\/wp\/v2\/media\/103825"}],"wp:attachment":[{"href":"https:\/\/tvtecjundiai.com.br\/news\/wp-json\/wp\/v2\/media?parent=103824"}],"wp:term":[{"taxonomy":"category","embeddable":true,"href":"https:\/\/tvtecjundiai.com.br\/news\/wp-json\/wp\/v2\/categories?post=103824"},{"taxonomy":"post_tag","embeddable":true,"href":"https:\/\/tvtecjundiai.com.br\/news\/wp-json\/wp\/v2\/tags?post=103824"}],"curies":[{"name":"wp","href":"https:\/\/api.w.org\/{rel}","templated":true}]}}