{"id":103828,"date":"2023-01-18T16:05:27","date_gmt":"2023-01-18T19:05:27","guid":{"rendered":"https:\/\/tvtecjundiai.com.br\/news\/?p=103828"},"modified":"2023-01-18T16:05:33","modified_gmt":"2023-01-18T19:05:33","slug":"dae-participa-de-ciclo-de-palestras-promovido-pela-associacao-dos-engenheiros","status":"publish","type":"post","link":"https:\/\/tvtecjundiai.com.br\/news\/2023\/01\/18\/dae-participa-de-ciclo-de-palestras-promovido-pela-associacao-dos-engenheiros\/","title":{"rendered":"DAE participa de ciclo de palestras promovido pela Associa\u00e7\u00e3o dos Engenheiros"},"content":{"rendered":"\n<p>A DAE Jundia\u00ed vai integrar a programa\u00e7\u00e3o do Ciclo de Aprimoramento Profissional promovido pela Associa\u00e7\u00e3o dos Engenheiros de Jundia\u00ed (AEJ). O encontro \u00e9 gratuito e ser\u00e1 realizado entre os dias 25 de janeiro e 3 de fevereiro, de forma presencial e com transmiss\u00e3o on-line. A empresa ser\u00e1 representada pelo gerente de Obras de \u00c1gua, Osmar Raphael, pelo diretor de Mananciais, Martim Ribeiro, e pelo diretor superintendente de Engenharia, Valter Maia.<\/p>\n\n\n\n<figure class=\"wp-block-gallery has-nested-images columns-default is-cropped wp-block-gallery-1 is-layout-flex wp-block-gallery-is-layout-flex\">\n<figure class=\"wp-block-image size-large\"><img loading=\"lazy\" decoding=\"async\" width=\"1200\" height=\"801\" data-id=\"103830\" src=\"https:\/\/tvtecjundiai.com.br\/news\/wp-content\/uploads\/sites\/2\/2023\/01\/palestra_aej-1-1-1200x801.jpg\" alt=\"\" class=\"wp-image-103830\" srcset=\"https:\/\/tvtecjundiai.com.br\/news\/wp-content\/uploads\/sites\/2\/2023\/01\/palestra_aej-1-1-1200x801.jpg 1200w, https:\/\/tvtecjundiai.com.br\/news\/wp-content\/uploads\/sites\/2\/2023\/01\/palestra_aej-1-1-300x200.jpg 300w, https:\/\/tvtecjundiai.com.br\/news\/wp-content\/uploads\/sites\/2\/2023\/01\/palestra_aej-1-1-768x512.jpg 768w, https:\/\/tvtecjundiai.com.br\/news\/wp-content\/uploads\/sites\/2\/2023\/01\/palestra_aej-1-1.jpg 1280w\" sizes=\"auto, (max-width: 1200px) 100vw, 1200px\" \/><figcaption class=\"wp-element-caption\">Gerente de Obras de \u00c1gua, Osmar Raphael<\/figcaption><\/figure>\n\n\n\n<figure class=\"wp-block-image size-large\"><img loading=\"lazy\" decoding=\"async\" width=\"1200\" height=\"801\" data-id=\"103829\" src=\"https:\/\/tvtecjundiai.com.br\/news\/wp-content\/uploads\/sites\/2\/2023\/01\/palestra_aej-2-1200x801.jpg\" alt=\"\" class=\"wp-image-103829\" srcset=\"https:\/\/tvtecjundiai.com.br\/news\/wp-content\/uploads\/sites\/2\/2023\/01\/palestra_aej-2-1200x801.jpg 1200w, https:\/\/tvtecjundiai.com.br\/news\/wp-content\/uploads\/sites\/2\/2023\/01\/palestra_aej-2-300x200.jpg 300w, https:\/\/tvtecjundiai.com.br\/news\/wp-content\/uploads\/sites\/2\/2023\/01\/palestra_aej-2-768x512.jpg 768w, https:\/\/tvtecjundiai.com.br\/news\/wp-content\/uploads\/sites\/2\/2023\/01\/palestra_aej-2.jpg 1280w\" sizes=\"auto, (max-width: 1200px) 100vw, 1200px\" \/><figcaption class=\"wp-element-caption\">Diretor de Mananciais, Martim Ribeiro<br><\/figcaption><\/figure>\n<\/figure>\n\n\n\n<p>Osmar, Martim e Maia v\u00e3o falar sobre aprova\u00e7\u00e3o de projetos de \u00e1gua e esgoto em \u00e1rea de manancial, na sexta-feira (3), \u00e0s 18 horas. \u201cNosso objetivo \u00e9 realizar uma apresenta\u00e7\u00e3o geral sobre a DAE e conscientizar os profissionais de engenharia quanto aos procedimentos, protocolos e servi\u00e7os realizados pela empresa\u201d, explica Osmar.<\/p>\n\n\n\n<p>Com foco nas particularidades e preocupa\u00e7\u00f5es da \u00e1rea de mananciais, a palestra tamb\u00e9m deve apresentar os aspectos institucionais e administrativos da \u00e1rea. \u201cFalaremos sobre os mananciais de abastecimento e a qualidade desta \u00e1gua. Em um segundo momento, com foco na parte administrativa, ser\u00e1 poss\u00edvel mostrar o passo a passo do processo de aprova\u00e7\u00e3o de um empreendimento e sua tramita\u00e7\u00e3o\u201d, detalha Martim.<\/p>\n\n\n\n<figure class=\"wp-block-image\"><a href=\"https:\/\/jundiai.sp.gov.br\/noticias\/wp-content\/uploads\/sites\/32\/2023\/01\/represa.jpg\"><img decoding=\"async\" src=\"https:\/\/jundiai.sp.gov.br\/noticias\/wp-content\/uploads\/sites\/32\/2023\/01\/represa-1280x720.jpg\" alt=\"\" class=\"wp-image-309477\" \/><\/a><figcaption class=\"wp-element-caption\">Osmar, Martim e Maia v\u00e3o falar sobre aprova\u00e7\u00e3o de projetos de \u00e1gua e esgoto em \u00e1rea de manancial.<\/figcaption><\/figure>\n\n\n\n<p>As palestras do Ciclo de Aprimoramento Profissional ter\u00e3o in\u00edcio sempre \u00e0s 18 horas e ser\u00e3o ministradas no formato h\u00edbrido (presencial e on-line). As inscri\u00e7\u00f5es j\u00e1 est\u00e3o abertas e devem ser feitas antecipadamente pelo link\u00a0<a href=\"https:\/\/bit.ly\/aej-ciclo23\">https:\/\/bit.ly\/aej-ciclo23<\/a>. Mais informa\u00e7\u00f5es podem ser obtidas pelo telefone (11) 4586-3744 ou pelo e-mail\u00a0<a href=\"mailto:falecom@aej.org.br\">falecom@aej.org.br<\/a>.<\/p>\n\n\n\n<p><strong><em>(Fonte\/Imagem: Assessoria DAE Jundia\u00ed)<\/em><\/strong><\/p>\n","protected":false},"excerpt":{"rendered":"<p>O encontro \u00e9 gratuito e ser\u00e1 realizado entre os dias 25 de janeiro e 3 de fevereiro.<\/p>\n","protected":false},"author":27,"featured_media":103831,"comment_status":"closed","ping_status":"0","sticky":false,"template":"","format":"standard","meta":{"footnotes":""},"categories":[8356],"tags":[],"class_list":["post-103828","post","type-post","status-publish","format-standard","has-post-thumbnail","hentry","category-jundiai"],"_links":{"self":[{"href":"https:\/\/tvtecjundiai.com.br\/news\/wp-json\/wp\/v2\/posts\/103828","targetHints":{"allow":["GET"]}}],"collection":[{"href":"https:\/\/tvtecjundiai.com.br\/news\/wp-json\/wp\/v2\/posts"}],"about":[{"href":"https:\/\/tvtecjundiai.com.br\/news\/wp-json\/wp\/v2\/types\/post"}],"author":[{"embeddable":true,"href":"https:\/\/tvtecjundiai.com.br\/news\/wp-json\/wp\/v2\/users\/27"}],"replies":[{"embeddable":true,"href":"https:\/\/tvtecjundiai.com.br\/news\/wp-json\/wp\/v2\/comments?post=103828"}],"version-history":[{"count":1,"href":"https:\/\/tvtecjundiai.com.br\/news\/wp-json\/wp\/v2\/posts\/103828\/revisions"}],"predecessor-version":[{"id":103833,"href":"https:\/\/tvtecjundiai.com.br\/news\/wp-json\/wp\/v2\/posts\/103828\/revisions\/103833"}],"wp:featuredmedia":[{"embeddable":true,"href":"https:\/\/tvtecjundiai.com.br\/news\/wp-json\/wp\/v2\/media\/103831"}],"wp:attachment":[{"href":"https:\/\/tvtecjundiai.com.br\/news\/wp-json\/wp\/v2\/media?parent=103828"}],"wp:term":[{"taxonomy":"category","embeddable":true,"href":"https:\/\/tvtecjundiai.com.br\/news\/wp-json\/wp\/v2\/categories?post=103828"},{"taxonomy":"post_tag","embeddable":true,"href":"https:\/\/tvtecjundiai.com.br\/news\/wp-json\/wp\/v2\/tags?post=103828"}],"curies":[{"name":"wp","href":"https:\/\/api.w.org\/{rel}","templated":true}]}}