{"id":103836,"date":"2023-01-19T08:46:09","date_gmt":"2023-01-19T11:46:09","guid":{"rendered":"https:\/\/tvtecjundiai.com.br\/news\/?p=103836"},"modified":"2023-01-19T08:46:10","modified_gmt":"2023-01-19T11:46:10","slug":"mundo-das-criancas-oficinas-da-educacao-terminam-sexta-feira-20","status":"publish","type":"post","link":"https:\/\/tvtecjundiai.com.br\/news\/2023\/01\/19\/mundo-das-criancas-oficinas-da-educacao-terminam-sexta-feira-20\/","title":{"rendered":"Mundo das Crian\u00e7as: oficinas da Educa\u00e7\u00e3o terminam sexta-feira (20)"},"content":{"rendered":"\n<p>F\u00e9rias, divers\u00e3o e aprendizado. Esses s\u00e3o os principais elementos que norteiam as oficinas promovidas pela Unidade de Gest\u00e3o de Educa\u00e7\u00e3o (UGE), que acontecem no Mundo das Crian\u00e7as at\u00e9 a pr\u00f3xima sexta-feira (20). As atividades acontecem das 8h \u00e0s 12h30 e das 13h30 \u00e0s 16h.<\/p>\n\n\n\n<p>A pequena D\u00e9bora Melo Souza, de sete anos, participou da oficina P\u00e9 de Natureza. A proposta era captar elementos naturais para construir algum brinquedo. D\u00e9bora construiu uma boneca, que foi batizada como Sofia. \u201cFiz uma boneca com pinhas, barbante e gravetos. \u00c9 uma atividade muito divertida e gostei muito de participar\u201d, contou.<\/p>\n\n\n<div class=\"wp-block-image\">\n<figure class=\"aligncenter size-large is-resized\"><img loading=\"lazy\" decoding=\"async\" src=\"https:\/\/tvtecjundiai.com.br\/news\/wp-content\/uploads\/sites\/2\/2023\/01\/ferias-mundo-das-criancas_fm_-72-1280x854-1-1200x801.jpg\" alt=\"\" class=\"wp-image-103837\" width=\"643\" height=\"428\" srcset=\"https:\/\/tvtecjundiai.com.br\/news\/wp-content\/uploads\/sites\/2\/2023\/01\/ferias-mundo-das-criancas_fm_-72-1280x854-1-1200x801.jpg 1200w, https:\/\/tvtecjundiai.com.br\/news\/wp-content\/uploads\/sites\/2\/2023\/01\/ferias-mundo-das-criancas_fm_-72-1280x854-1-300x200.jpg 300w, https:\/\/tvtecjundiai.com.br\/news\/wp-content\/uploads\/sites\/2\/2023\/01\/ferias-mundo-das-criancas_fm_-72-1280x854-1-768x512.jpg 768w, https:\/\/tvtecjundiai.com.br\/news\/wp-content\/uploads\/sites\/2\/2023\/01\/ferias-mundo-das-criancas_fm_-72-1280x854-1.jpg 1280w\" sizes=\"auto, (max-width: 643px) 100vw, 643px\" \/><figcaption class=\"wp-element-caption\">D\u00e9bora brincou com elementos naturais pela primeira vez e achou a atividade muito divertida<\/figcaption><\/figure>\n<\/div>\n\n\n<p>Al\u00e9m do P\u00e9 de Natureza, as outras oficinas propostas s\u00e3o o P\u00e9 de Brincar, P\u00e9 de M\u00fasica e P\u00e9 de Livro. Todas essas a\u00e7\u00f5es fazem parte do P\u00e9 de Inf\u00e2ncia, programa relacionado ao Urban95.<\/p>\n\n\n\n<p>\u201cTodas as atividades est\u00e3o em conson\u00e2ncia com os conceitos desenvolvidos pelo Programa Escola Inovadora. A ideia \u00e9 trazer est\u00edmulos de brincar, de sons, de leitura e da brincadeira com elementos naturais, para que as crian\u00e7as possam aprender enquanto se divertem\u201d, comenta a supervisora de educa\u00e7\u00e3o, Fabiana Rinco Pedroso.<\/p>\n\n\n\n<figure class=\"wp-block-gallery has-nested-images columns-default is-cropped wp-block-gallery-1 is-layout-flex wp-block-gallery-is-layout-flex\">\n<figure class=\"wp-block-image size-large\"><img loading=\"lazy\" decoding=\"async\" width=\"1200\" height=\"801\" data-id=\"103838\" src=\"https:\/\/tvtecjundiai.com.br\/news\/wp-content\/uploads\/sites\/2\/2023\/01\/ferias-mundo-das-criancas_fm_-18-1280x854-1-1200x801.jpg\" alt=\"\" class=\"wp-image-103838\" srcset=\"https:\/\/tvtecjundiai.com.br\/news\/wp-content\/uploads\/sites\/2\/2023\/01\/ferias-mundo-das-criancas_fm_-18-1280x854-1-1200x801.jpg 1200w, https:\/\/tvtecjundiai.com.br\/news\/wp-content\/uploads\/sites\/2\/2023\/01\/ferias-mundo-das-criancas_fm_-18-1280x854-1-300x200.jpg 300w, https:\/\/tvtecjundiai.com.br\/news\/wp-content\/uploads\/sites\/2\/2023\/01\/ferias-mundo-das-criancas_fm_-18-1280x854-1-768x512.jpg 768w, https:\/\/tvtecjundiai.com.br\/news\/wp-content\/uploads\/sites\/2\/2023\/01\/ferias-mundo-das-criancas_fm_-18-1280x854-1.jpg 1280w\" sizes=\"auto, (max-width: 1200px) 100vw, 1200px\" \/><figcaption class=\"wp-element-caption\">P\u00e9 de M\u00fasica mexeu com as crian\u00e7as por meio dos sons<\/figcaption><\/figure>\n\n\n\n<figure class=\"wp-block-image size-large\"><img loading=\"lazy\" decoding=\"async\" width=\"1200\" height=\"801\" data-id=\"103839\" src=\"https:\/\/tvtecjundiai.com.br\/news\/wp-content\/uploads\/sites\/2\/2023\/01\/ferias-mundo-das-criancas_fm_-83-1280x854-1-1200x801.jpg\" alt=\"\" class=\"wp-image-103839\" srcset=\"https:\/\/tvtecjundiai.com.br\/news\/wp-content\/uploads\/sites\/2\/2023\/01\/ferias-mundo-das-criancas_fm_-83-1280x854-1-1200x801.jpg 1200w, https:\/\/tvtecjundiai.com.br\/news\/wp-content\/uploads\/sites\/2\/2023\/01\/ferias-mundo-das-criancas_fm_-83-1280x854-1-300x200.jpg 300w, https:\/\/tvtecjundiai.com.br\/news\/wp-content\/uploads\/sites\/2\/2023\/01\/ferias-mundo-das-criancas_fm_-83-1280x854-1-768x512.jpg 768w, https:\/\/tvtecjundiai.com.br\/news\/wp-content\/uploads\/sites\/2\/2023\/01\/ferias-mundo-das-criancas_fm_-83-1280x854-1.jpg 1280w\" sizes=\"auto, (max-width: 1200px) 100vw, 1200px\" \/><figcaption class=\"wp-element-caption\">Atividades acontecem at\u00e9 sexta-feira (20)<\/figcaption><\/figure>\n<\/figure>\n\n\n\n<p>O Mundo das Crian\u00e7as est\u00e1 localizado na Rodovia Jo\u00e3o Cereser, Pista Sul \u2013 Km 64+400 \u2013 Pinheirinho.<\/p>\n\n\n\n<p><em><strong>(Fonte\/Imagens: Prefeitura de Jundia\u00ed)<\/strong><\/em><\/p>\n","protected":false},"excerpt":{"rendered":"<p>As atividades acontecem das 8h \u00e0s 12h30 e das 13h30 \u00e0s 16h<\/p>\n","protected":false},"author":30,"featured_media":103838,"comment_status":"closed","ping_status":"0","sticky":false,"template":"","format":"standard","meta":{"footnotes":""},"categories":[8356,8354,1],"tags":[],"class_list":["post-103836","post","type-post","status-publish","format-standard","has-post-thumbnail","hentry","category-jundiai","category-lazer","category-noticias"],"_links":{"self":[{"href":"https:\/\/tvtecjundiai.com.br\/news\/wp-json\/wp\/v2\/posts\/103836","targetHints":{"allow":["GET"]}}],"collection":[{"href":"https:\/\/tvtecjundiai.com.br\/news\/wp-json\/wp\/v2\/posts"}],"about":[{"href":"https:\/\/tvtecjundiai.com.br\/news\/wp-json\/wp\/v2\/types\/post"}],"author":[{"embeddable":true,"href":"https:\/\/tvtecjundiai.com.br\/news\/wp-json\/wp\/v2\/users\/30"}],"replies":[{"embeddable":true,"href":"https:\/\/tvtecjundiai.com.br\/news\/wp-json\/wp\/v2\/comments?post=103836"}],"version-history":[{"count":1,"href":"https:\/\/tvtecjundiai.com.br\/news\/wp-json\/wp\/v2\/posts\/103836\/revisions"}],"predecessor-version":[{"id":103840,"href":"https:\/\/tvtecjundiai.com.br\/news\/wp-json\/wp\/v2\/posts\/103836\/revisions\/103840"}],"wp:featuredmedia":[{"embeddable":true,"href":"https:\/\/tvtecjundiai.com.br\/news\/wp-json\/wp\/v2\/media\/103838"}],"wp:attachment":[{"href":"https:\/\/tvtecjundiai.com.br\/news\/wp-json\/wp\/v2\/media?parent=103836"}],"wp:term":[{"taxonomy":"category","embeddable":true,"href":"https:\/\/tvtecjundiai.com.br\/news\/wp-json\/wp\/v2\/categories?post=103836"},{"taxonomy":"post_tag","embeddable":true,"href":"https:\/\/tvtecjundiai.com.br\/news\/wp-json\/wp\/v2\/tags?post=103836"}],"curies":[{"name":"wp","href":"https:\/\/api.w.org\/{rel}","templated":true}]}}