{"id":103846,"date":"2023-01-19T09:04:00","date_gmt":"2023-01-19T12:04:00","guid":{"rendered":"https:\/\/tvtecjundiai.com.br\/news\/?p=103846"},"modified":"2023-01-19T09:04:01","modified_gmt":"2023-01-19T12:04:01","slug":"entidades-recebem-doacao-de-frutas-legumes-e-verduras-da-festa-da-uva-por-meio-do-fundo-social","status":"publish","type":"post","link":"https:\/\/tvtecjundiai.com.br\/news\/2023\/01\/19\/entidades-recebem-doacao-de-frutas-legumes-e-verduras-da-festa-da-uva-por-meio-do-fundo-social\/","title":{"rendered":"Entidades recebem doa\u00e7\u00e3o de frutas, legumes e verduras da Festa da Uva por meio do Fundo Social"},"content":{"rendered":"\n<p>Uma parceria da Unidade de Gest\u00e3o de Agroneg\u00f3cio, Abastecimento e Turismo (UGAAT) com o Fundo Social de Solidariedade (Funss) promove a doa\u00e7\u00e3o de frutas, verduras e legumes usados na decora\u00e7\u00e3o da Festa da Uva durante o final de semana para entidades beneficentes cadastradas. A a\u00e7\u00e3o acontecer\u00e1 todas as segundas-feiras e ser\u00e1 respons\u00e1vel por contribuir com alimentos saud\u00e1veis e em boas condi\u00e7\u00f5es de consumo, refor\u00e7ando os atendimentos dessas institui\u00e7\u00f5es assistidas.<\/p>\n\n\n\n<p>\u201cEsta \u00e9 mais uma iniciativa que consolida a integra\u00e7\u00e3o entre as Unidades de Gest\u00e3o da Prefeitura de Jundia\u00ed em benef\u00edcio do bem comum. O Fundo Social fez a intermedia\u00e7\u00e3o entre a organiza\u00e7\u00e3o da Festa e as institui\u00e7\u00f5es cadastradas, que realizam a\u00e7\u00f5es assistenciais junto \u00e0s pessoas que vivem em vulnerabilidade\u201d, comenta Francine Picardi, diretora do Fundo Social de Solidariedade de Jundia\u00ed.<\/p>\n\n\n\n<p>Os produtos s\u00e3o selecionados e separados em lotes por servidores da UGAAT para serem enviados ao Funss. \u201cA Festa da Uva tamb\u00e9m \u00e9 o maior evento de cunho social da cidade. Al\u00e9m das entidades que arrecadam fundos para seu trabalho, todas as frutas e legumes utilizados na decora\u00e7\u00e3o acabam beneficiando institui\u00e7\u00f5es atrav\u00e9s do Fundo Social\u201d, afirma o gestor da Unidade de Gest\u00e3o de Agroneg\u00f3cio, Abastecimento e Turismo, Eduardo Alvarez.<\/p>\n\n\n<div class=\"wp-block-image\">\n<figure class=\"aligncenter size-large is-resized\"><img loading=\"lazy\" decoding=\"async\" src=\"https:\/\/tvtecjundiai.com.br\/news\/wp-content\/uploads\/sites\/2\/2023\/01\/dpf2368-1280x854-1-1200x801.jpg\" alt=\"\" class=\"wp-image-103847\" width=\"707\" height=\"471\" srcset=\"https:\/\/tvtecjundiai.com.br\/news\/wp-content\/uploads\/sites\/2\/2023\/01\/dpf2368-1280x854-1-1200x801.jpg 1200w, https:\/\/tvtecjundiai.com.br\/news\/wp-content\/uploads\/sites\/2\/2023\/01\/dpf2368-1280x854-1-300x200.jpg 300w, https:\/\/tvtecjundiai.com.br\/news\/wp-content\/uploads\/sites\/2\/2023\/01\/dpf2368-1280x854-1-768x512.jpg 768w, https:\/\/tvtecjundiai.com.br\/news\/wp-content\/uploads\/sites\/2\/2023\/01\/dpf2368-1280x854-1.jpg 1280w\" sizes=\"auto, (max-width: 707px) 100vw, 707px\" \/><figcaption class=\"wp-element-caption\">Alimentos expostos durante a festa s\u00e3o doados para entidades cadastradas no Funss<\/figcaption><\/figure>\n<\/div>\n\n\n<p>\u201cMuitos destes assistidos s\u00f3 ter\u00e3o a oportunidade de provar e saborear este tipo de alimento em situa\u00e7\u00f5es como esta, onde a generosidade dos organizadores supera a barreira do preconceito. A import\u00e2ncia est\u00e1 justamente no fato de que nossos assistidos tem sua autoestima elevada ao saberem que n\u00e3o medimos esfor\u00e7os para que sejam bem recebidos e atendidos\u201d, relata Nilson Roberto Begiato, gerente da entidade Servi\u00e7o de Obras Sociais (SOS). Segundo ele, a entidade serve, aproximadamente, 70 refei\u00e7\u00f5es por dia.<\/p>\n\n\n\n<p>Outra a\u00e7\u00e3o realizada, esta aos domingos, \u00e9 o leil\u00e3o das frutas premiadas. Ap\u00f3s a venda dos lotes montados, a Associa\u00e7\u00e3o Agr\u00edcola de Jundia\u00ed reverte o valor arrecadado para a compra de materiais para os cursos gratuitos do Funss.<\/p>\n\n\n\n<p><em><strong>(Fonte\/Imagem: Prefeitura de Jundia\u00ed)<\/strong><\/em><\/p>\n","protected":false},"excerpt":{"rendered":"<p>A a\u00e7\u00e3o acontecer\u00e1 todas as segundas-feiras<\/p>\n","protected":false},"author":30,"featured_media":103847,"comment_status":"closed","ping_status":"0","sticky":false,"template":"","format":"standard","meta":{"footnotes":""},"categories":[8392,8356,1],"tags":[],"class_list":["post-103846","post","type-post","status-publish","format-standard","has-post-thumbnail","hentry","category-assistencia-social","category-jundiai","category-noticias"],"_links":{"self":[{"href":"https:\/\/tvtecjundiai.com.br\/news\/wp-json\/wp\/v2\/posts\/103846","targetHints":{"allow":["GET"]}}],"collection":[{"href":"https:\/\/tvtecjundiai.com.br\/news\/wp-json\/wp\/v2\/posts"}],"about":[{"href":"https:\/\/tvtecjundiai.com.br\/news\/wp-json\/wp\/v2\/types\/post"}],"author":[{"embeddable":true,"href":"https:\/\/tvtecjundiai.com.br\/news\/wp-json\/wp\/v2\/users\/30"}],"replies":[{"embeddable":true,"href":"https:\/\/tvtecjundiai.com.br\/news\/wp-json\/wp\/v2\/comments?post=103846"}],"version-history":[{"count":1,"href":"https:\/\/tvtecjundiai.com.br\/news\/wp-json\/wp\/v2\/posts\/103846\/revisions"}],"predecessor-version":[{"id":103848,"href":"https:\/\/tvtecjundiai.com.br\/news\/wp-json\/wp\/v2\/posts\/103846\/revisions\/103848"}],"wp:featuredmedia":[{"embeddable":true,"href":"https:\/\/tvtecjundiai.com.br\/news\/wp-json\/wp\/v2\/media\/103847"}],"wp:attachment":[{"href":"https:\/\/tvtecjundiai.com.br\/news\/wp-json\/wp\/v2\/media?parent=103846"}],"wp:term":[{"taxonomy":"category","embeddable":true,"href":"https:\/\/tvtecjundiai.com.br\/news\/wp-json\/wp\/v2\/categories?post=103846"},{"taxonomy":"post_tag","embeddable":true,"href":"https:\/\/tvtecjundiai.com.br\/news\/wp-json\/wp\/v2\/tags?post=103846"}],"curies":[{"name":"wp","href":"https:\/\/api.w.org\/{rel}","templated":true}]}}