{"id":103849,"date":"2023-01-19T09:28:05","date_gmt":"2023-01-19T12:28:05","guid":{"rendered":"https:\/\/tvtecjundiai.com.br\/news\/?p=103849"},"modified":"2023-01-19T09:28:22","modified_gmt":"2023-01-19T12:28:22","slug":"guardinha-de-jundiai-esta-com-inscricoes-abertas-para-jovens","status":"publish","type":"post","link":"https:\/\/tvtecjundiai.com.br\/news\/2023\/01\/19\/guardinha-de-jundiai-esta-com-inscricoes-abertas-para-jovens\/","title":{"rendered":"Guardinha de Jundia\u00ed est\u00e1 com inscri\u00e7\u00f5es abertas para jovens"},"content":{"rendered":"\n<p>A Guardinha (Associa\u00e7\u00e3o de Educa\u00e7\u00e3o do Homem de Amanh\u00e3) de Jundia\u00ed estar\u00e1 recebendo inscri\u00e7\u00f5es de adolescentes interessados em ingressar no mercado de trabalho\u00a0<strong>at\u00e9 o dia 31 de dezembro de 2023.<\/strong>\u00a0As vagas dispon\u00edveis s\u00e3o para jovens nascidos em 2003, 2004, 2005 e 2006, moradores de Jundia\u00ed, Itupeva ou Cabre\u00fava. \u00c9 necess\u00e1rio ensino m\u00e9dio incompleto, conclu\u00eddo ou superior.<\/p>\n\n\n\n<p>O cadastro deve ser feito pelo link\u00a0<a href=\"http:\/\/guardinhajundiai.com.br\/instituicao\/inscricoes-2\/\">http:\/\/guardinhajundiai.com.br\/instituicao\/inscricoes-2\/<\/a>, basta clicar em \u201cInscri\u00e7\u00f5es\u201d, no final da p\u00e1gina. Depois, \u00e9 necess\u00e1rio preencher o formul\u00e1rio de inscri\u00e7\u00e3o.<\/p>\n\n\n<div class=\"wp-block-image\">\n<figure class=\"aligncenter size-full is-resized\"><img loading=\"lazy\" decoding=\"async\" src=\"https:\/\/tvtecjundiai.com.br\/news\/wp-content\/uploads\/sites\/2\/2023\/01\/SAM_0365-min-560x420-2-768x490-1.png\" alt=\"\" class=\"wp-image-103850\" width=\"610\" height=\"389\" srcset=\"https:\/\/tvtecjundiai.com.br\/news\/wp-content\/uploads\/sites\/2\/2023\/01\/SAM_0365-min-560x420-2-768x490-1.png 768w, https:\/\/tvtecjundiai.com.br\/news\/wp-content\/uploads\/sites\/2\/2023\/01\/SAM_0365-min-560x420-2-768x490-1-300x191.png 300w\" sizes=\"auto, (max-width: 610px) 100vw, 610px\" \/><\/figure>\n<\/div>\n\n\n<p>Com base nas informa\u00e7\u00f5es de cadastro conclu\u00eddo, a Equipe T\u00e9cnica da Guardinha realizar\u00e1 uma triagem socioecon\u00f4mica e escolar. Todos os meses, ser\u00e1 divulgada uma lista com os nomes dos adolescentes aprovados nosso Facebook, Instagram e site da institui\u00e7\u00e3o. Ap\u00f3s an\u00e1lise socioecon\u00f4mica e escolar, o adolescente poder\u00e1 ser chamado para participar do projeto em at\u00e9 um ano, ou de acordo com a demanda das vagas nas empresas.<\/p>\n\n\n\n<p>Os adolescentes aprovados na triagem participar\u00e3o do Treinamento Conviv\u00eancia Cidad\u00e3, com dura\u00e7\u00e3o de 30 horas, para terem no\u00e7\u00f5es b\u00e1sicas para ingressar no mundo do trabalho. No final do Treinamento, os jovens receber\u00e3o certificado.<\/p>\n\n\n\n<p>O adolescente que cumprir com os requisitos do Treinamento Conviv\u00eancia Cidad\u00e3, ter\u00e1 oportunidade de participar do Processo Seletivo do Programa de Aprendizagem, desde que haja vaga nas empresas parceiras.<\/p>\n\n\n\n<p>Para fazer a inscri\u00e7\u00e3o, \u00e9 preciso ter em m\u00e3os:<\/p>\n\n\n\n<ul class=\"wp-block-list\">\n<li>RG e CPF do adolescente e dos respons\u00e1veis<\/li>\n\n\n\n<li>Comprovante de endere\u00e7o atual<\/li>\n\n\n\n<li>Comprovantes de renda de todas as pessoas que moram com o adolescente<\/li>\n\n\n\n<li>Termo de guarda, se for o caso<\/li>\n<\/ul>\n\n\n\n<p><em><strong>(Fonte: TVTEC Jundia\u00ed\/Imagem: Guardinha de Jundia\u00ed)<\/strong><\/em><\/p>\n","protected":false},"excerpt":{"rendered":"<p>As vagas dispon\u00edveis s\u00e3o para pessoas nascidas em 2003, 2004, 2005 e 2006<\/p>\n","protected":false},"author":30,"featured_media":103850,"comment_status":"closed","ping_status":"0","sticky":false,"template":"","format":"standard","meta":{"footnotes":""},"categories":[5038,8363,8356,1],"tags":[],"class_list":["post-103849","post","type-post","status-publish","format-standard","has-post-thumbnail","hentry","category-emprego","category-emprego-2","category-jundiai","category-noticias"],"_links":{"self":[{"href":"https:\/\/tvtecjundiai.com.br\/news\/wp-json\/wp\/v2\/posts\/103849","targetHints":{"allow":["GET"]}}],"collection":[{"href":"https:\/\/tvtecjundiai.com.br\/news\/wp-json\/wp\/v2\/posts"}],"about":[{"href":"https:\/\/tvtecjundiai.com.br\/news\/wp-json\/wp\/v2\/types\/post"}],"author":[{"embeddable":true,"href":"https:\/\/tvtecjundiai.com.br\/news\/wp-json\/wp\/v2\/users\/30"}],"replies":[{"embeddable":true,"href":"https:\/\/tvtecjundiai.com.br\/news\/wp-json\/wp\/v2\/comments?post=103849"}],"version-history":[{"count":2,"href":"https:\/\/tvtecjundiai.com.br\/news\/wp-json\/wp\/v2\/posts\/103849\/revisions"}],"predecessor-version":[{"id":103852,"href":"https:\/\/tvtecjundiai.com.br\/news\/wp-json\/wp\/v2\/posts\/103849\/revisions\/103852"}],"wp:featuredmedia":[{"embeddable":true,"href":"https:\/\/tvtecjundiai.com.br\/news\/wp-json\/wp\/v2\/media\/103850"}],"wp:attachment":[{"href":"https:\/\/tvtecjundiai.com.br\/news\/wp-json\/wp\/v2\/media?parent=103849"}],"wp:term":[{"taxonomy":"category","embeddable":true,"href":"https:\/\/tvtecjundiai.com.br\/news\/wp-json\/wp\/v2\/categories?post=103849"},{"taxonomy":"post_tag","embeddable":true,"href":"https:\/\/tvtecjundiai.com.br\/news\/wp-json\/wp\/v2\/tags?post=103849"}],"curies":[{"name":"wp","href":"https:\/\/api.w.org\/{rel}","templated":true}]}}