{"id":103862,"date":"2023-01-19T13:59:26","date_gmt":"2023-01-19T16:59:26","guid":{"rendered":"https:\/\/tvtecjundiai.com.br\/news\/?p=103862"},"modified":"2023-01-19T13:59:28","modified_gmt":"2023-01-19T16:59:28","slug":"varejao-do-anhangabau-muda-de-local-nos-finais-de-semana-da-festa-da-uva","status":"publish","type":"post","link":"https:\/\/tvtecjundiai.com.br\/news\/2023\/01\/19\/varejao-do-anhangabau-muda-de-local-nos-finais-de-semana-da-festa-da-uva\/","title":{"rendered":"Varej\u00e3o do Anhangaba\u00fa muda de local nos finais de semana da Festa da Uva"},"content":{"rendered":"\n<p>A Unidade de Gest\u00e3o de Agroneg\u00f3cio, Abastecimento e Turismo informa que, em decorr\u00eancia da 38\u00aa Festa da Uva e 9\u00aa Expo Vinhos, o Varej\u00e3o do Anhangaba\u00fa, que acontece aos s\u00e1bados no bols\u00e3o do estacionamento do Parque da Uva, sofrer\u00e1 uma altera\u00e7\u00e3o de local e acontecer\u00e1 na rua Engenheiro Jos\u00e9 Maria da Silva Velho (do outro lado da Avenida, ao lado do estacionamento da Festa da Uva) durante os pr\u00f3ximos tr\u00eas finais de semana.<\/p>\n\n\n\n<p>A altera\u00e7\u00e3o acontece nos dias 21 e 28 de janeiro e 4 de fevereiro, enquanto o bols\u00e3o estar\u00e1 sendo utilizado como \u00e1rea de seguran\u00e7a para o evento. O Varej\u00e3o do Anhangaba\u00fa acontece das 7h \u00e0s 11h e oferece frutas, verduras, legumes, ovos, frangos, latic\u00ednios, temperos, past\u00e9is, caldo de cana, sucos naturais e derivados do milho.<\/p>\n\n\n<div class=\"wp-block-image\">\n<figure class=\"aligncenter size-large is-resized\"><img loading=\"lazy\" decoding=\"async\" src=\"https:\/\/tvtecjundiai.com.br\/news\/wp-content\/uploads\/sites\/2\/2023\/01\/feira-livre_vila-liberdade-87-1200x782.jpg\" alt=\"\" class=\"wp-image-103863\" width=\"703\" height=\"458\" srcset=\"https:\/\/tvtecjundiai.com.br\/news\/wp-content\/uploads\/sites\/2\/2023\/01\/feira-livre_vila-liberdade-87-1200x782.jpg 1200w, https:\/\/tvtecjundiai.com.br\/news\/wp-content\/uploads\/sites\/2\/2023\/01\/feira-livre_vila-liberdade-87-300x195.jpg 300w, https:\/\/tvtecjundiai.com.br\/news\/wp-content\/uploads\/sites\/2\/2023\/01\/feira-livre_vila-liberdade-87-768x500.jpg 768w, https:\/\/tvtecjundiai.com.br\/news\/wp-content\/uploads\/sites\/2\/2023\/01\/feira-livre_vila-liberdade-87.jpg 1260w\" sizes=\"auto, (max-width: 703px) 100vw, 703px\" \/><figcaption class=\"wp-element-caption\">Com exce\u00e7\u00e3o do Varej\u00e3o do Anhangaba\u00fa, demais feiras e varej\u00f5es funcionam normalmente<\/figcaption><\/figure>\n<\/div>\n\n\n<p><em><strong>(Fonte\/Imagem: Prefeitura de Jundia\u00ed)<\/strong><\/em><\/p>\n","protected":false},"excerpt":{"rendered":"<p>A altera\u00e7\u00e3o acontece nos dias 21 e 28 de janeiro e 4 de fevereiro<\/p>\n","protected":false},"author":30,"featured_media":103863,"comment_status":"closed","ping_status":"0","sticky":false,"template":"","format":"standard","meta":{"footnotes":""},"categories":[2834,8356,1],"tags":[],"class_list":["post-103862","post","type-post","status-publish","format-standard","has-post-thumbnail","hentry","category-cidades","category-jundiai","category-noticias"],"_links":{"self":[{"href":"https:\/\/tvtecjundiai.com.br\/news\/wp-json\/wp\/v2\/posts\/103862","targetHints":{"allow":["GET"]}}],"collection":[{"href":"https:\/\/tvtecjundiai.com.br\/news\/wp-json\/wp\/v2\/posts"}],"about":[{"href":"https:\/\/tvtecjundiai.com.br\/news\/wp-json\/wp\/v2\/types\/post"}],"author":[{"embeddable":true,"href":"https:\/\/tvtecjundiai.com.br\/news\/wp-json\/wp\/v2\/users\/30"}],"replies":[{"embeddable":true,"href":"https:\/\/tvtecjundiai.com.br\/news\/wp-json\/wp\/v2\/comments?post=103862"}],"version-history":[{"count":1,"href":"https:\/\/tvtecjundiai.com.br\/news\/wp-json\/wp\/v2\/posts\/103862\/revisions"}],"predecessor-version":[{"id":103864,"href":"https:\/\/tvtecjundiai.com.br\/news\/wp-json\/wp\/v2\/posts\/103862\/revisions\/103864"}],"wp:featuredmedia":[{"embeddable":true,"href":"https:\/\/tvtecjundiai.com.br\/news\/wp-json\/wp\/v2\/media\/103863"}],"wp:attachment":[{"href":"https:\/\/tvtecjundiai.com.br\/news\/wp-json\/wp\/v2\/media?parent=103862"}],"wp:term":[{"taxonomy":"category","embeddable":true,"href":"https:\/\/tvtecjundiai.com.br\/news\/wp-json\/wp\/v2\/categories?post=103862"},{"taxonomy":"post_tag","embeddable":true,"href":"https:\/\/tvtecjundiai.com.br\/news\/wp-json\/wp\/v2\/tags?post=103862"}],"curies":[{"name":"wp","href":"https:\/\/api.w.org\/{rel}","templated":true}]}}