{"id":103869,"date":"2023-01-19T14:10:48","date_gmt":"2023-01-19T17:10:48","guid":{"rendered":"https:\/\/tvtecjundiai.com.br\/news\/?p=103869"},"modified":"2023-01-19T14:10:53","modified_gmt":"2023-01-19T17:10:53","slug":"festa-da-uva-vilas-italiana-e-do-vinho-dao-as-boas-vindas-aos-visitantes","status":"publish","type":"post","link":"https:\/\/tvtecjundiai.com.br\/news\/2023\/01\/19\/festa-da-uva-vilas-italiana-e-do-vinho-dao-as-boas-vindas-aos-visitantes\/","title":{"rendered":"Festa da Uva: Vilas Italiana e do Vinho d\u00e3o as boas-vindas aos visitantes"},"content":{"rendered":"\n<p>Ao som de can\u00e7\u00f5es italianas cl\u00e1ssicas, como \u201cQuel mazzolin di Fiori\u201d e \u201cM\u00e9rica, M\u00e9rica\u201d, as boas-vindas aos visitantes da&nbsp;<a href=\"https:\/\/festadauva.jundiai.sp.gov.br\/\" target=\"_blank\" rel=\"noreferrer noopener\">38\u00aa Festa da Uva e 9\u00aa Expo Vinhos de Jundia\u00ed<\/a>&nbsp;ficam por conta do receptivo art\u00edstico com atores na Vila Italiana.<\/p>\n\n\n\n<p>J\u00e1 uma marca da Festa, o espa\u00e7o fica no pavilh\u00e3o principal do Parque Comendador Antonio Carbonari (Parque da Uva), em percurso montado para o p\u00fablico na sequ\u00eancia da exposi\u00e7\u00e3o de uvas e frutas premiadas, composto pela Casa do Colono, vinhedo, oficina de trabalho e capela, com a interpreta\u00e7\u00e3o de mais de 40 atores da regi\u00e3o contratados, com figurino e em cenografia de \u00e9poca.<\/p>\n\n\n\n<figure class=\"wp-block-image size-large\"><img loading=\"lazy\" decoding=\"async\" width=\"1200\" height=\"800\" src=\"https:\/\/tvtecjundiai.com.br\/news\/wp-content\/uploads\/sites\/2\/2023\/01\/receptivo_festa_da_uva-2-1280x853-1-1200x800.jpg\" alt=\"\" class=\"wp-image-103870\" srcset=\"https:\/\/tvtecjundiai.com.br\/news\/wp-content\/uploads\/sites\/2\/2023\/01\/receptivo_festa_da_uva-2-1280x853-1-1200x800.jpg 1200w, https:\/\/tvtecjundiai.com.br\/news\/wp-content\/uploads\/sites\/2\/2023\/01\/receptivo_festa_da_uva-2-1280x853-1-300x200.jpg 300w, https:\/\/tvtecjundiai.com.br\/news\/wp-content\/uploads\/sites\/2\/2023\/01\/receptivo_festa_da_uva-2-1280x853-1-768x512.jpg 768w, https:\/\/tvtecjundiai.com.br\/news\/wp-content\/uploads\/sites\/2\/2023\/01\/receptivo_festa_da_uva-2-1280x853-1.jpg 1280w\" sizes=\"auto, (max-width: 1200px) 100vw, 1200px\" \/><figcaption class=\"wp-element-caption\">Na Vila Italiana, atores do receptivo levam os visitantes \u00e0 realidade dos imigrantes rec\u00e9m-chegados \u00e0 Terra da Uva<\/figcaption><\/figure>\n\n\n\n<p>\u201cA Vila Italiana \u00e9 uma das marcas do novo formato da Festa, que privilegia as tradicionais locais. \u00c9 uma ocasi\u00e3o para que o visitante entre em contato \u2013 ou retome um contato afetivo \u2013 com a rotina desses imigrantes rec\u00e9m-chegados \u00e0 Jundia\u00ed que, em tempos, se tornaria a Terra da Uva, como suas tradi\u00e7\u00f5es orais, seus h\u00e1bitos alimentares, sua rotina de trabalho e outros costumes\u201d, comentou o gestor de Cultura, Marcelo Peroni.<\/p>\n\n\n\n<p><strong>Novidade<\/strong><br>Este ano, al\u00e9m da Vila Italiana, o pavilh\u00e3o principal ganhou ainda, em frente ao palco Uva Niagara Rosada de Jundiahy, o espa\u00e7o Vila do Vinho. Al\u00e9m das barracas das adegas da cidade, o espa\u00e7o conta ainda com uma nova instala\u00e7\u00e3o art\u00edstica: um Navio a vapor.<\/p>\n\n\n\n<p>Tamb\u00e9m com a presen\u00e7a de atores do receptivo, o navio reproduz as condi\u00e7\u00f5es do meio de transporte utilizado pelos imigrantes para chegar ao continente americano, ap\u00f3s uma viagem que podia durar semanas, a depender do per\u00edodo e das condi\u00e7\u00f5es clim\u00e1ticas.<\/p>\n\n\n\n<figure class=\"wp-block-image size-large\"><img loading=\"lazy\" decoding=\"async\" width=\"1200\" height=\"801\" src=\"https:\/\/tvtecjundiai.com.br\/news\/wp-content\/uploads\/sites\/2\/2023\/01\/receptivo_festa_da_uva-1-1280x854-1-1200x801.jpg\" alt=\"\" class=\"wp-image-103871\" srcset=\"https:\/\/tvtecjundiai.com.br\/news\/wp-content\/uploads\/sites\/2\/2023\/01\/receptivo_festa_da_uva-1-1280x854-1-1200x801.jpg 1200w, https:\/\/tvtecjundiai.com.br\/news\/wp-content\/uploads\/sites\/2\/2023\/01\/receptivo_festa_da_uva-1-1280x854-1-300x200.jpg 300w, https:\/\/tvtecjundiai.com.br\/news\/wp-content\/uploads\/sites\/2\/2023\/01\/receptivo_festa_da_uva-1-1280x854-1-768x512.jpg 768w, https:\/\/tvtecjundiai.com.br\/news\/wp-content\/uploads\/sites\/2\/2023\/01\/receptivo_festa_da_uva-1-1280x854-1.jpg 1280w\" sizes=\"auto, (max-width: 1200px) 100vw, 1200px\" \/><figcaption class=\"wp-element-caption\">Na Vila do Vinho, uma das novidades \u00e9 o navio a vapor, com que os visitantes podem interagir<\/figcaption><\/figure>\n\n\n\n<p><strong>Mais Festa<\/strong><br>A&nbsp;<a href=\"https:\/\/festadauva.jundiai.sp.gov.br\/\" target=\"_blank\" rel=\"noreferrer noopener\">Festa da Uva e Expo Vinhos<\/a>&nbsp;segue nos dias 20, 21, 22, 27, 28 e 29 de janeiro e 03, 04 e 05 de fevereiro, no Parque Comendador Antonio Carbonari (Parque da Uva), que fica na avenida Jundia\u00ed, s\/n \u2013 Anhangaba\u00fa. \u00c0s sextas-feiras, a Festa vai das 18h \u00e0s 22h; aos s\u00e1bados, das 10h \u00e0s 22h; e aos domingos, das 10h \u00e0s 21h.<\/p>\n\n\n\n<p>A entrada \u00e9 gratuita, mas como sugest\u00e3o de ingresso solid\u00e1rio, s\u00e3o arrecadados alimentos n\u00e3o perec\u00edveis nas entradas do Parque para destina\u00e7\u00e3o ao Fundo Social de Solidariedade.<\/p>\n\n\n\n<p><strong><em>(Fonte\/Imagens: Prefeitura de Jundia\u00ed)<\/em><\/strong><\/p>\n","protected":false},"excerpt":{"rendered":"<p>Mais de 40 atores da regi\u00e3o foram contratados, com figurino e em cenografia de \u00e9poca<\/p>\n","protected":false},"author":30,"featured_media":103871,"comment_status":"closed","ping_status":"0","sticky":false,"template":"","format":"standard","meta":{"footnotes":""},"categories":[2833,8356,1],"tags":[],"class_list":["post-103869","post","type-post","status-publish","format-standard","has-post-thumbnail","hentry","category-cultura","category-jundiai","category-noticias"],"_links":{"self":[{"href":"https:\/\/tvtecjundiai.com.br\/news\/wp-json\/wp\/v2\/posts\/103869","targetHints":{"allow":["GET"]}}],"collection":[{"href":"https:\/\/tvtecjundiai.com.br\/news\/wp-json\/wp\/v2\/posts"}],"about":[{"href":"https:\/\/tvtecjundiai.com.br\/news\/wp-json\/wp\/v2\/types\/post"}],"author":[{"embeddable":true,"href":"https:\/\/tvtecjundiai.com.br\/news\/wp-json\/wp\/v2\/users\/30"}],"replies":[{"embeddable":true,"href":"https:\/\/tvtecjundiai.com.br\/news\/wp-json\/wp\/v2\/comments?post=103869"}],"version-history":[{"count":1,"href":"https:\/\/tvtecjundiai.com.br\/news\/wp-json\/wp\/v2\/posts\/103869\/revisions"}],"predecessor-version":[{"id":103872,"href":"https:\/\/tvtecjundiai.com.br\/news\/wp-json\/wp\/v2\/posts\/103869\/revisions\/103872"}],"wp:featuredmedia":[{"embeddable":true,"href":"https:\/\/tvtecjundiai.com.br\/news\/wp-json\/wp\/v2\/media\/103871"}],"wp:attachment":[{"href":"https:\/\/tvtecjundiai.com.br\/news\/wp-json\/wp\/v2\/media?parent=103869"}],"wp:term":[{"taxonomy":"category","embeddable":true,"href":"https:\/\/tvtecjundiai.com.br\/news\/wp-json\/wp\/v2\/categories?post=103869"},{"taxonomy":"post_tag","embeddable":true,"href":"https:\/\/tvtecjundiai.com.br\/news\/wp-json\/wp\/v2\/tags?post=103869"}],"curies":[{"name":"wp","href":"https:\/\/api.w.org\/{rel}","templated":true}]}}