{"id":103873,"date":"2023-01-19T17:01:13","date_gmt":"2023-01-19T20:01:13","guid":{"rendered":"https:\/\/tvtecjundiai.com.br\/news\/?p=103873"},"modified":"2023-01-20T08:43:24","modified_gmt":"2023-01-20T11:43:24","slug":"multicavinacao-espaco-jundiai-empreendedora-tera-aplicacao-neste-sabado-21","status":"publish","type":"post","link":"https:\/\/tvtecjundiai.com.br\/news\/2023\/01\/19\/multicavinacao-espaco-jundiai-empreendedora-tera-aplicacao-neste-sabado-21\/","title":{"rendered":"Multivacina\u00e7\u00e3o: Espa\u00e7o Jundia\u00ed Empreendedora ter\u00e1 aplica\u00e7\u00e3o neste s\u00e1bado (21)"},"content":{"rendered":"\n<p>Neste s\u00e1bado (21), mais uma vez, o Espa\u00e7o Jundia\u00ed Empreendedora, localizado no Maxi Shopping Jundia\u00ed (piso G3) ter\u00e1 posto descentralizado para atualiza\u00e7\u00e3o da carteira de vacina\u00e7\u00e3o das doses de rotina e COVID-19, das 11h \u00e0s 17h. A \u00fanica exce\u00e7\u00e3o \u00e9 em rela\u00e7\u00e3o \u00e0s crian\u00e7as entre 6 meses a 11 anos em D1, j\u00e1 que a cidade ainda n\u00e3o recebeu novas remessas para a aplica\u00e7\u00e3o em D1 neste grupo. A segunda dose Coronavac, para crian\u00e7as entre 3 e 4 anos e demais idades, ser\u00e1 realizada no local.<\/p>\n\n\n\n<p>O atendimento ser\u00e1 das 11h \u00e0s 17h e ser\u00e3o disponibilizadas as vacinas previstas no Calend\u00e1rio Nacional de Imuniza\u00e7\u00e3o para crian\u00e7as, adolescentes e adultos, o imunizante contra influenza para pessoas a partir de 6 meses, as doses contra COVID-19 com a vacina Pfizer para a popula\u00e7\u00e3o a partir de 12 anos (D1, D2 e refor\u00e7o), al\u00e9m das segundas doses da Pfizer Baby e da Pfizer Pedi\u00e1trica.<\/p>\n\n\n\n<figure class=\"wp-block-image\"><img decoding=\"async\" src=\"https:\/\/jundiai.sp.gov.br\/noticias\/wp-content\/uploads\/sites\/32\/2022\/11\/vacinacao-geral.jpg\" alt=\"\" class=\"wp-image-306295\" \/><figcaption class=\"wp-element-caption\">Atualiza\u00e7\u00e3o da carteira de vacina\u00e7\u00e3o \u00e9 uma preocupa\u00e7\u00e3o que cresce entre as fam\u00edlias, da\u00ed a import\u00e2ncia do refor\u00e7o aos s\u00e1bados<\/figcaption><\/figure>\n\n\n\n<p>A Unidade de Gest\u00e3o de Promo\u00e7\u00e3o da Sa\u00fade (UGPS) ainda aguarda a entrega pela Secretaria Estadual de Sa\u00fade de novos lotes de doses de vacinas Coronavac, Pfizer Pedi\u00e1trica e Pfizer Baby para retomar a aplica\u00e7\u00e3o para as crian\u00e7as em primeira dose.<\/p>\n\n\n\n<p>Junto com um documento de identidade, \u00e9 importante apresentar a caderneta de vacina\u00e7\u00e3o. No caso da vacina contra o coronav\u00edrus, quem n\u00e3o estiver com o comprovante, pode informar no momento e ser\u00e1 emitido outro imediatamente.<\/p>\n\n\n\n<p><strong><em>(Fonte\/Imagem: Prefeitura de Jundia\u00ed)<\/em><\/strong><\/p>\n","protected":false},"excerpt":{"rendered":"<p>Junto com um documento de identidade, \u00e9 importante apresentar a caderneta de vacina\u00e7\u00e3o.<\/p>\n","protected":false},"author":27,"featured_media":103874,"comment_status":"closed","ping_status":"0","sticky":false,"template":"","format":"standard","meta":{"footnotes":""},"categories":[8356,2839,8355],"tags":[],"class_list":["post-103873","post","type-post","status-publish","format-standard","has-post-thumbnail","hentry","category-jundiai","category-saude","category-saude-3"],"_links":{"self":[{"href":"https:\/\/tvtecjundiai.com.br\/news\/wp-json\/wp\/v2\/posts\/103873","targetHints":{"allow":["GET"]}}],"collection":[{"href":"https:\/\/tvtecjundiai.com.br\/news\/wp-json\/wp\/v2\/posts"}],"about":[{"href":"https:\/\/tvtecjundiai.com.br\/news\/wp-json\/wp\/v2\/types\/post"}],"author":[{"embeddable":true,"href":"https:\/\/tvtecjundiai.com.br\/news\/wp-json\/wp\/v2\/users\/27"}],"replies":[{"embeddable":true,"href":"https:\/\/tvtecjundiai.com.br\/news\/wp-json\/wp\/v2\/comments?post=103873"}],"version-history":[{"count":2,"href":"https:\/\/tvtecjundiai.com.br\/news\/wp-json\/wp\/v2\/posts\/103873\/revisions"}],"predecessor-version":[{"id":103877,"href":"https:\/\/tvtecjundiai.com.br\/news\/wp-json\/wp\/v2\/posts\/103873\/revisions\/103877"}],"wp:featuredmedia":[{"embeddable":true,"href":"https:\/\/tvtecjundiai.com.br\/news\/wp-json\/wp\/v2\/media\/103874"}],"wp:attachment":[{"href":"https:\/\/tvtecjundiai.com.br\/news\/wp-json\/wp\/v2\/media?parent=103873"}],"wp:term":[{"taxonomy":"category","embeddable":true,"href":"https:\/\/tvtecjundiai.com.br\/news\/wp-json\/wp\/v2\/categories?post=103873"},{"taxonomy":"post_tag","embeddable":true,"href":"https:\/\/tvtecjundiai.com.br\/news\/wp-json\/wp\/v2\/tags?post=103873"}],"curies":[{"name":"wp","href":"https:\/\/api.w.org\/{rel}","templated":true}]}}