{"id":103902,"date":"2023-01-20T10:24:17","date_gmt":"2023-01-20T13:24:17","guid":{"rendered":"https:\/\/tvtecjundiai.com.br\/news\/?p=103902"},"modified":"2023-01-20T10:24:18","modified_gmt":"2023-01-20T13:24:18","slug":"pochet-do-brasil-esta-com-20-vagas-de-emprego-abertas-para-pcd","status":"publish","type":"post","link":"https:\/\/tvtecjundiai.com.br\/news\/2023\/01\/20\/pochet-do-brasil-esta-com-20-vagas-de-emprego-abertas-para-pcd\/","title":{"rendered":"Pochet do Brasil est\u00e1 com 20 vagas de emprego abertas para PCD"},"content":{"rendered":"\n<p>A Pochet do Brasil, ind\u00fastria de embalagens para cosm\u00e9ticos, est\u00e1 com 20 vagas exclusivas para pessoas com defici\u00eancia (PCD) em Jundia\u00ed. As oportunidades s\u00e3o para auxiliar de linha de produ\u00e7\u00e3o.<\/p>\n\n\n\n<p>Os interessados podem se inscrever pelo\u00a0<a href=\"https:\/\/web.jundiai.sp.gov.br\/PMJ\/emprega\/Vaga#\">portal Jundia\u00ed Empreendedora<\/a>, da Prefeitura de Jundia\u00ed. Mais informa\u00e7\u00f5es sobre a vaga podem ser obtidas com a Assessoria de Pol\u00edticas P\u00fablicas para PCD, pelo telefone (11) 4582-8585 &#8211; Ramal 241.<\/p>\n\n\n\n<p><em>Atribui\u00e7\u00f5es da vaga:&nbsp;<\/em>Auxiliar na montagem de embalagens para cosm\u00e9ticos<\/p>\n\n\n\n<p><em>Requisitos:\u00a0<\/em>Residir em Jundia\u00ed e ter ensino m\u00e9dio completo<\/p>\n\n\n<div class=\"wp-block-image\">\n<figure class=\"aligncenter size-large is-resized\"><img loading=\"lazy\" decoding=\"async\" src=\"https:\/\/tvtecjundiai.com.br\/news\/wp-content\/uploads\/sites\/2\/2022\/10\/pochet-30-1178x960.jpg\" alt=\"\" class=\"wp-image-99302\" width=\"618\" height=\"503\" srcset=\"https:\/\/tvtecjundiai.com.br\/news\/wp-content\/uploads\/sites\/2\/2022\/10\/pochet-30-1178x960.jpg 1178w, https:\/\/tvtecjundiai.com.br\/news\/wp-content\/uploads\/sites\/2\/2022\/10\/pochet-30-300x244.jpg 300w, https:\/\/tvtecjundiai.com.br\/news\/wp-content\/uploads\/sites\/2\/2022\/10\/pochet-30-768x626.jpg 768w, https:\/\/tvtecjundiai.com.br\/news\/wp-content\/uploads\/sites\/2\/2022\/10\/pochet-30.jpg 1280w\" sizes=\"auto, (max-width: 618px) 100vw, 618px\" \/><\/figure>\n<\/div>\n\n\n<p><\/p>\n\n\n\n<p><strong><em>(Fonte: TVTEC Jundia\u00ed\/Imagem: Prefeitura de Jundia\u00ed)<\/em><\/strong><\/p>\n","protected":false},"excerpt":{"rendered":"<p>As oportunidades s\u00e3o para auxiliar de linha de produ\u00e7\u00e3o<\/p>\n","protected":false},"author":30,"featured_media":99302,"comment_status":"closed","ping_status":"0","sticky":false,"template":"","format":"standard","meta":{"footnotes":""},"categories":[5038,8363,8356,1],"tags":[],"class_list":["post-103902","post","type-post","status-publish","format-standard","has-post-thumbnail","hentry","category-emprego","category-emprego-2","category-jundiai","category-noticias"],"_links":{"self":[{"href":"https:\/\/tvtecjundiai.com.br\/news\/wp-json\/wp\/v2\/posts\/103902","targetHints":{"allow":["GET"]}}],"collection":[{"href":"https:\/\/tvtecjundiai.com.br\/news\/wp-json\/wp\/v2\/posts"}],"about":[{"href":"https:\/\/tvtecjundiai.com.br\/news\/wp-json\/wp\/v2\/types\/post"}],"author":[{"embeddable":true,"href":"https:\/\/tvtecjundiai.com.br\/news\/wp-json\/wp\/v2\/users\/30"}],"replies":[{"embeddable":true,"href":"https:\/\/tvtecjundiai.com.br\/news\/wp-json\/wp\/v2\/comments?post=103902"}],"version-history":[{"count":1,"href":"https:\/\/tvtecjundiai.com.br\/news\/wp-json\/wp\/v2\/posts\/103902\/revisions"}],"predecessor-version":[{"id":103903,"href":"https:\/\/tvtecjundiai.com.br\/news\/wp-json\/wp\/v2\/posts\/103902\/revisions\/103903"}],"wp:featuredmedia":[{"embeddable":true,"href":"https:\/\/tvtecjundiai.com.br\/news\/wp-json\/wp\/v2\/media\/99302"}],"wp:attachment":[{"href":"https:\/\/tvtecjundiai.com.br\/news\/wp-json\/wp\/v2\/media?parent=103902"}],"wp:term":[{"taxonomy":"category","embeddable":true,"href":"https:\/\/tvtecjundiai.com.br\/news\/wp-json\/wp\/v2\/categories?post=103902"},{"taxonomy":"post_tag","embeddable":true,"href":"https:\/\/tvtecjundiai.com.br\/news\/wp-json\/wp\/v2\/tags?post=103902"}],"curies":[{"name":"wp","href":"https:\/\/api.w.org\/{rel}","templated":true}]}}