{"id":103904,"date":"2023-01-20T13:34:17","date_gmt":"2023-01-20T16:34:17","guid":{"rendered":"https:\/\/tvtecjundiai.com.br\/news\/?p=103904"},"modified":"2023-01-20T13:34:23","modified_gmt":"2023-01-20T16:34:23","slug":"agenda-cultural-festa-da-uva-e-o-destaque-do-fim-de-semana","status":"publish","type":"post","link":"https:\/\/tvtecjundiai.com.br\/news\/2023\/01\/20\/agenda-cultural-festa-da-uva-e-o-destaque-do-fim-de-semana\/","title":{"rendered":"Agenda Cultural: Festa da Uva \u00e9 o destaque do fim de semana"},"content":{"rendered":"\n<p>O final de semana em Jundia\u00ed est\u00e1 com diversas a\u00e7\u00f5es e atra\u00e7\u00f5es culturais programadas pela Unidade de Gest\u00e3o de Cultura (UGC), que contemplam diversos p\u00fablicos e todas elas com entrada gratuita.<\/p>\n\n\n\n<p>O grande destaque \u00e9 o segundo final de semana da&nbsp;<a href=\"https:\/\/festadauva.jundiai.sp.gov.br\/\" target=\"_blank\" rel=\"noreferrer noopener\">38\u00aa edi\u00e7\u00e3o da Festa da Uva de Jundia\u00ed e 9\u00aa Expo Vinhos 2023<\/a>, no Parque Comendador Ant\u00f4nio Carbonari \u2013 Parque da Uva, com atra\u00e7\u00f5es de sexta-feira (20) at\u00e9 domingo (22), com op\u00e7\u00f5es culturais, recreativas, gastron\u00f4micas e claro para as compras de uva e outras frutas, excelentes tipos de vinho e muito artesanato.<\/p>\n\n\n\n<figure class=\"wp-block-image size-large\"><img loading=\"lazy\" decoding=\"async\" width=\"1200\" height=\"800\" src=\"https:\/\/tvtecjundiai.com.br\/news\/wp-content\/uploads\/sites\/2\/2023\/01\/parque_da_uva_palcos_festa_da_uva-3-1536x1024-1-1280x853-1-1200x800.jpg\" alt=\"\" class=\"wp-image-103905\" srcset=\"https:\/\/tvtecjundiai.com.br\/news\/wp-content\/uploads\/sites\/2\/2023\/01\/parque_da_uva_palcos_festa_da_uva-3-1536x1024-1-1280x853-1-1200x800.jpg 1200w, https:\/\/tvtecjundiai.com.br\/news\/wp-content\/uploads\/sites\/2\/2023\/01\/parque_da_uva_palcos_festa_da_uva-3-1536x1024-1-1280x853-1-300x200.jpg 300w, https:\/\/tvtecjundiai.com.br\/news\/wp-content\/uploads\/sites\/2\/2023\/01\/parque_da_uva_palcos_festa_da_uva-3-1536x1024-1-1280x853-1-768x512.jpg 768w, https:\/\/tvtecjundiai.com.br\/news\/wp-content\/uploads\/sites\/2\/2023\/01\/parque_da_uva_palcos_festa_da_uva-3-1536x1024-1-1280x853-1.jpg 1280w\" sizes=\"auto, (max-width: 1200px) 100vw, 1200px\" \/><figcaption class=\"wp-element-caption\">Um grande p\u00fablico \u00e9 esperado neste segundo final de semana da Festa da Uva e Expo Vinhos<\/figcaption><\/figure>\n\n\n\n<p>Mas a Unidade de Gest\u00e3o de Cultura (UGC) programou outras a\u00e7\u00f5es para atender todas as faixas et\u00e1rias, com atra\u00e7\u00f5es gratuitas em seus equipamentos culturais, como o \u201cF\u00e9rias na Cultura\u201d. Confira a programa\u00e7\u00e3o de cada equipamento cultural neste final de semana:<\/p>\n\n\n\n<p><a href=\"https:\/\/biblioteca.jundiai.sp.gov.br\/\"><strong>Biblioteca Municipal Professor Nelson Foot<\/strong><\/a><strong><\/strong><\/p>\n\n\n\n<p>Nesta sexta-feira (20), das 16h \u00e0s 17h, tem conta\u00e7\u00e3o de hist\u00f3ria com Luiza Bitencourt e Gabriel Pereira. Na oportunidade acontece a apresenta\u00e7\u00e3o de \u201cContos Mirabolantes\u201d, com hist\u00f3rias inusitadas com monstros, insetos, princesas e muitas aventuras. Hist\u00f3rias para toda a fam\u00edlia se divertir, se impressionar e refletir, com acompanhamento musical ao vivo.<\/p>\n\n\n\n<p>Na sequ\u00eancia, das 17h \u00e0s 18h, os atores Luiza Bittencourt e Edivaldo Zanotti realizam a Oficina do Ponto ao Conto, para a participa\u00e7\u00e3o de 20 crian\u00e7as de todas as idades, sendo que as menores de oito anos dever\u00e3o estar acompanhadas por seus pais ou cuidadores. Os participantes v\u00e3o receber um kit com l\u00e3s, linhas, tecidos e juntos v\u00e3o construir fantoches.<\/p>\n\n\n\n<figure class=\"wp-block-image size-large\"><img loading=\"lazy\" decoding=\"async\" width=\"1200\" height=\"900\" src=\"https:\/\/tvtecjundiai.com.br\/news\/wp-content\/uploads\/sites\/2\/2023\/01\/ferias1-1280x960-1-1200x900.jpg\" alt=\"\" class=\"wp-image-103906\" srcset=\"https:\/\/tvtecjundiai.com.br\/news\/wp-content\/uploads\/sites\/2\/2023\/01\/ferias1-1280x960-1-1200x900.jpg 1200w, https:\/\/tvtecjundiai.com.br\/news\/wp-content\/uploads\/sites\/2\/2023\/01\/ferias1-1280x960-1-300x225.jpg 300w, https:\/\/tvtecjundiai.com.br\/news\/wp-content\/uploads\/sites\/2\/2023\/01\/ferias1-1280x960-1-768x576.jpg 768w, https:\/\/tvtecjundiai.com.br\/news\/wp-content\/uploads\/sites\/2\/2023\/01\/ferias1-1280x960-1.jpg 1280w\" sizes=\"auto, (max-width: 1200px) 100vw, 1200px\" \/><figcaption class=\"wp-element-caption\">Na BNF segue o projeto F\u00e9rias na Cultura<\/figcaption><\/figure>\n\n\n\n<p>J\u00e1 no s\u00e1bado (21), mais duas a\u00e7\u00f5es: das 10h \u00e0s 12h in\u00edcio do Curso Livre: manual pr\u00e1tico para leitura, com o professor Gustavo Salmazo, com vagas para 40 participantes a partir dos 12 anos. Inscri\u00e7\u00f5es na Internet pelo formul\u00e1rio. E das 11h \u00e0s 12h, os atores da Cia. Rabo de Cutia apresentam a hist\u00f3ria \u201c resgatando o fio das velhas hist\u00f3rias\u201d, um espet\u00e1culo divertido e l\u00fadico reunindo tr\u00eas contos tradicionais das culturas ind\u00edgena, africana e brasileira.<\/p>\n\n\n\n<p>A Biblioteca est\u00e1 localizada na avenida Dr. Cavalcanti, 396 \u2013 Complexo Argos, Vila Arens. A entrada \u00e9 gratuita e o hor\u00e1rio de atendimento durante a semana \u00e9 das 9h \u00e0s 21h e aos s\u00e1bados e feriados das 9h \u00e0s 13h.&nbsp; Mais informa\u00e7\u00f5es 4527-2110.<\/p>\n\n\n\n<p><a href=\"https:\/\/cultura.jundiai.sp.gov.br\/espacos-culturais\/fabrica-das-infancias-japy\/\"><strong>F\u00e1brica das Inf\u00e2ncias Japy<\/strong><\/a><\/p>\n\n\n\n<p>A F\u00e1brica das Inf\u00e2ncias Japy recebe neste final de semana (sexta, s\u00e1bado e domingo) as seguintes apresenta\u00e7\u00f5es para o p\u00fablico infanto-juvenil:<\/p>\n\n\n\n<p>Nesta sexta-feira (20), a partir das 14h, aberto para crian\u00e7as a partir de 4 anos, conta\u00e7\u00e3o de hist\u00f3rias e confec\u00e7\u00e3o de bonecas abayoni, com Silvia Marcelino, integrante do coletivo #PretaEu que desde 2016 divulga a hist\u00f3ria e cultura afro-brasileira.<\/p>\n\n\n\n<figure class=\"wp-block-gallery has-nested-images columns-default is-cropped wp-block-gallery-1 is-layout-flex wp-block-gallery-is-layout-flex\">\n<figure class=\"wp-block-image size-large\"><img loading=\"lazy\" decoding=\"async\" width=\"554\" height=\"369\" data-id=\"103907\" src=\"https:\/\/tvtecjundiai.com.br\/news\/wp-content\/uploads\/sites\/2\/2023\/01\/suites_classicas.png\" alt=\"\" class=\"wp-image-103907\" srcset=\"https:\/\/tvtecjundiai.com.br\/news\/wp-content\/uploads\/sites\/2\/2023\/01\/suites_classicas.png 554w, https:\/\/tvtecjundiai.com.br\/news\/wp-content\/uploads\/sites\/2\/2023\/01\/suites_classicas-300x200.png 300w\" sizes=\"auto, (max-width: 554px) 100vw, 554px\" \/><figcaption class=\"wp-element-caption\">Su\u00edtes Cl\u00e1ssicas<\/figcaption><\/figure>\n\n\n\n<figure class=\"wp-block-image size-large\"><img loading=\"lazy\" decoding=\"async\" width=\"1200\" height=\"800\" data-id=\"103908\" src=\"https:\/\/tvtecjundiai.com.br\/news\/wp-content\/uploads\/sites\/2\/2023\/01\/cia-inspirarte-1200x800-1.jpeg\" alt=\"\" class=\"wp-image-103908\" srcset=\"https:\/\/tvtecjundiai.com.br\/news\/wp-content\/uploads\/sites\/2\/2023\/01\/cia-inspirarte-1200x800-1.jpeg 1200w, https:\/\/tvtecjundiai.com.br\/news\/wp-content\/uploads\/sites\/2\/2023\/01\/cia-inspirarte-1200x800-1-300x200.jpeg 300w, https:\/\/tvtecjundiai.com.br\/news\/wp-content\/uploads\/sites\/2\/2023\/01\/cia-inspirarte-1200x800-1-768x512.jpeg 768w\" sizes=\"auto, (max-width: 1200px) 100vw, 1200px\" \/><figcaption class=\"wp-element-caption\">Cia Inspirate<\/figcaption><\/figure>\n<\/figure>\n\n\n\n<p>No s\u00e1bado (21), com in\u00edcio \u00e0s 10h30, apresenta\u00e7\u00e3o de \u201c Su\u00edtes Cl\u00e1ssicas\u201d, com coreografias de Ballet Cl\u00e1ssico de Repert\u00f3rio e suas varia\u00e7\u00f5es, Coreografias Neocl\u00e1ssicas e Contempor\u00e2neas como proposta de difundir a dan\u00e7a e envolver os participantes em uma experi\u00eancia \u00fanica, voltada para crian\u00e7as de 07 a 11 anos.<\/p>\n\n\n\n<p>Para o domingo (22), a partir das 10h30, conta\u00e7\u00e3o de hist\u00f3ria, \u201cO tesouro do vov\u00f4\u201d, com os atores da Cia. Inspirarte, para crian\u00e7as de 07 a 11 anos. A hist\u00f3ria dos primos Bruno, Nanda e Duda s\u00e3o o destaque da apresenta\u00e7\u00e3o dessa hist\u00f3ria de origem africana.<\/p>\n\n\n\n<p>A F\u00e1brica Japy est\u00e1 localizada na rua Lacerda Franco, 175, Vila Arens. Mais informa\u00e7\u00f5es 4521-0971. Entrada gratuita com hor\u00e1rio de funcionamento no s\u00e1bado e domingo \u00e9 das 9h \u00e0s 13h.<\/p>\n\n\n\n<p><a href=\"https:\/\/cultura.jundiai.sp.gov.br\/espacos-culturais\/museu-historico-e-cultural-de-jundiai\/\"><strong>Museu Hist\u00f3rico e Cultural de Jundia\u00ed<\/strong><\/a><\/p>\n\n\n\n<p>O Museu Hist\u00f3rico e Cultural \u2013 Solar do Bar\u00e3o, bem como seu jardim, s\u00e3o uma excelente op\u00e7\u00e3o de lazer e cultura. A exposi\u00e7\u00e3o \u201cPatrim\u00f4nios Culturais de Jundia\u00ed\u201d \u00e9 o destaque no local. Com entrada gratuita, a exposi\u00e7\u00e3o \u00e9 uma viagem pelas salas, por acervos que constroem m\u00faltiplas, por\u00e9m nem sempre percept\u00edveis, identidades culturais de Jundia\u00ed, rendendo uma homenagem a lugares e personalidades relevantes da Hist\u00f3ria da cidade.<\/p>\n\n\n\n<figure class=\"wp-block-image size-large\"><img loading=\"lazy\" decoding=\"async\" width=\"1200\" height=\"800\" src=\"https:\/\/tvtecjundiai.com.br\/news\/wp-content\/uploads\/sites\/2\/2023\/01\/exposicao-patrimonios-culturais-de-jundiai_fm_-12-1280x853-1-1200x800.jpg\" alt=\"\" class=\"wp-image-103909\" srcset=\"https:\/\/tvtecjundiai.com.br\/news\/wp-content\/uploads\/sites\/2\/2023\/01\/exposicao-patrimonios-culturais-de-jundiai_fm_-12-1280x853-1-1200x800.jpg 1200w, https:\/\/tvtecjundiai.com.br\/news\/wp-content\/uploads\/sites\/2\/2023\/01\/exposicao-patrimonios-culturais-de-jundiai_fm_-12-1280x853-1-300x200.jpg 300w, https:\/\/tvtecjundiai.com.br\/news\/wp-content\/uploads\/sites\/2\/2023\/01\/exposicao-patrimonios-culturais-de-jundiai_fm_-12-1280x853-1-768x512.jpg 768w, https:\/\/tvtecjundiai.com.br\/news\/wp-content\/uploads\/sites\/2\/2023\/01\/exposicao-patrimonios-culturais-de-jundiai_fm_-12-1280x853-1.jpg 1280w\" sizes=\"auto, (max-width: 1200px) 100vw, 1200px\" \/><figcaption class=\"wp-element-caption\">Uma das pe\u00e7as em exposi\u00e7\u00e3o no Solar do Bar\u00e3o<\/figcaption><\/figure>\n\n\n\n<p>O Solar do Bar\u00e3o est\u00e1 localizado na rua Bar\u00e3o de Jundia\u00ed, 762, Centro. Aberto na sexta, s\u00e1bado e domingo, das 10h \u00e0s 17h. Mais informa\u00e7\u00f5es 4521-6259.<\/p>\n\n\n\n<p><strong><a href=\"https:\/\/cultura.jundiai.sp.gov.br\/espacos-culturais\/museu-ferroviario\/\" target=\"_blank\" rel=\"noreferrer noopener\">Museu Ferrovi\u00e1rio<\/a><\/strong><\/p>\n\n\n\n<p>No local o visitante poder\u00e1 conferir a exposi\u00e7\u00e3o: \u201cFerrovias\u2026 muito al\u00e9m dos trilhos\u201d, que, dividida em duas salas, \u00e9 uma homenagem \u00e0s contribui\u00e7\u00f5es da ferrovia e dos ferrovi\u00e1rios, tanto no mundo, como no Brasil e em Jundia\u00ed.<\/p>\n\n\n\n<figure class=\"wp-block-image size-large\"><img loading=\"lazy\" decoding=\"async\" width=\"1200\" height=\"800\" src=\"https:\/\/tvtecjundiai.com.br\/news\/wp-content\/uploads\/sites\/2\/2023\/01\/museu-ferroviario_fm_-26-1280x853-1-1200x800.jpg\" alt=\"\" class=\"wp-image-103910\" srcset=\"https:\/\/tvtecjundiai.com.br\/news\/wp-content\/uploads\/sites\/2\/2023\/01\/museu-ferroviario_fm_-26-1280x853-1-1200x800.jpg 1200w, https:\/\/tvtecjundiai.com.br\/news\/wp-content\/uploads\/sites\/2\/2023\/01\/museu-ferroviario_fm_-26-1280x853-1-300x200.jpg 300w, https:\/\/tvtecjundiai.com.br\/news\/wp-content\/uploads\/sites\/2\/2023\/01\/museu-ferroviario_fm_-26-1280x853-1-768x512.jpg 768w, https:\/\/tvtecjundiai.com.br\/news\/wp-content\/uploads\/sites\/2\/2023\/01\/museu-ferroviario_fm_-26-1280x853-1.jpg 1280w\" sizes=\"auto, (max-width: 1200px) 100vw, 1200px\" \/><figcaption class=\"wp-element-caption\">No Museu Ferrovi\u00e1rio uma \u201cviagem\u201d pela hist\u00f3ria da ferrovia<\/figcaption><\/figure>\n\n\n\n<p>Por meio de documentos, fotos, r\u00e9plicas e pain\u00e9is interativos, a exposi\u00e7\u00e3o visa narrar n\u00e3o s\u00f3 a import\u00e2ncia da ferrovia para o desenvolvimento local e mundial, como tamb\u00e9m a import\u00e2ncia de seus trabalhadores e trabalhadoras.<\/p>\n\n\n\n<p>O Museu Ferrovi\u00e1rio est\u00e1 localizado na avenida Uni\u00e3o dos Ferrovi\u00e1rios, 1.760 \u2013 Espa\u00e7o Expressa (antigo Complexo Fepasa). Aberto de ter\u00e7a-feira a domingo, (inclusive nos feriados) das 10h \u00e0s 17h. Entrada gratuita. Mais informa\u00e7\u00f5es: 4589-6800<\/p>\n\n\n\n<p><a href=\"https:\/\/cultura.jundiai.sp.gov.br\/espacos-culturais\/centro-jundiaiense-de-cultura-jorosil\/pinacoteca-diogenes-duarte-paes\/\"><strong>Pinacoteca Municipal Di\u00f3genes Duarte Paes<\/strong><\/a><\/p>\n\n\n\n<p>At\u00e9 o dia 12 de fevereiro o p\u00fablico poder\u00e1 visitar a exposi\u00e7\u00e3o \u201c Palavras em Coisas\u201d, que re\u00fane as obras das artistas Anna Souza e Camila Brand\u00e3o, na Pinacoteca Di\u00f3genes Duarte Paes, pela Unidade de Gest\u00e3o de Cultura (UGC), a partir da mostra selecionada pelo edital Expo Artes 2022.<\/p>\n\n\n\n<p>Com entrada gratuita, \u201cPalavras em Coisas\u201d \u00e9 uma exposi\u00e7\u00e3o que mobiliza a sobreposi\u00e7\u00e3o de sentidos dentro das m\u00faltiplas linguagens das artes visuais, flexionando as manifesta\u00e7\u00f5es semi\u00f3ticas da lingu\u00edstica e construindo plasticamente um universo de possibilidades.<\/p>\n\n\n\n<figure class=\"wp-block-gallery has-nested-images columns-default is-cropped wp-block-gallery-2 is-layout-flex wp-block-gallery-is-layout-flex\">\n<figure class=\"wp-block-image size-large\"><img loading=\"lazy\" decoding=\"async\" width=\"1200\" height=\"801\" data-id=\"103911\" src=\"https:\/\/tvtecjundiai.com.br\/news\/wp-content\/uploads\/sites\/2\/2023\/01\/pinacoteca-municipal-exposicao-palavras-em-coisas-da-artista-camila-brandao_fm_-33-1280x854-1-1200x801.jpg\" alt=\"\" class=\"wp-image-103911\" srcset=\"https:\/\/tvtecjundiai.com.br\/news\/wp-content\/uploads\/sites\/2\/2023\/01\/pinacoteca-municipal-exposicao-palavras-em-coisas-da-artista-camila-brandao_fm_-33-1280x854-1-1200x801.jpg 1200w, https:\/\/tvtecjundiai.com.br\/news\/wp-content\/uploads\/sites\/2\/2023\/01\/pinacoteca-municipal-exposicao-palavras-em-coisas-da-artista-camila-brandao_fm_-33-1280x854-1-300x200.jpg 300w, https:\/\/tvtecjundiai.com.br\/news\/wp-content\/uploads\/sites\/2\/2023\/01\/pinacoteca-municipal-exposicao-palavras-em-coisas-da-artista-camila-brandao_fm_-33-1280x854-1-768x512.jpg 768w, https:\/\/tvtecjundiai.com.br\/news\/wp-content\/uploads\/sites\/2\/2023\/01\/pinacoteca-municipal-exposicao-palavras-em-coisas-da-artista-camila-brandao_fm_-33-1280x854-1.jpg 1280w\" sizes=\"auto, (max-width: 1200px) 100vw, 1200px\" \/><\/figure>\n\n\n\n<figure class=\"wp-block-image size-large\"><img loading=\"lazy\" decoding=\"async\" width=\"1200\" height=\"801\" data-id=\"103912\" src=\"https:\/\/tvtecjundiai.com.br\/news\/wp-content\/uploads\/sites\/2\/2023\/01\/pinacoteca-municipal-exposicao-palavras-em-coisas-da-artista-camila-brandao_fm_-9-1280x854-1-1200x801.jpg\" alt=\"\" class=\"wp-image-103912\" srcset=\"https:\/\/tvtecjundiai.com.br\/news\/wp-content\/uploads\/sites\/2\/2023\/01\/pinacoteca-municipal-exposicao-palavras-em-coisas-da-artista-camila-brandao_fm_-9-1280x854-1-1200x801.jpg 1200w, https:\/\/tvtecjundiai.com.br\/news\/wp-content\/uploads\/sites\/2\/2023\/01\/pinacoteca-municipal-exposicao-palavras-em-coisas-da-artista-camila-brandao_fm_-9-1280x854-1-300x200.jpg 300w, https:\/\/tvtecjundiai.com.br\/news\/wp-content\/uploads\/sites\/2\/2023\/01\/pinacoteca-municipal-exposicao-palavras-em-coisas-da-artista-camila-brandao_fm_-9-1280x854-1-768x512.jpg 768w, https:\/\/tvtecjundiai.com.br\/news\/wp-content\/uploads\/sites\/2\/2023\/01\/pinacoteca-municipal-exposicao-palavras-em-coisas-da-artista-camila-brandao_fm_-9-1280x854-1.jpg 1280w\" sizes=\"auto, (max-width: 1200px) 100vw, 1200px\" \/><\/figure>\n<figcaption class=\"blocks-gallery-caption wp-element-caption\">Obras das artistas Anna Souza e Camila Brand\u00e3o<\/figcaption><\/figure>\n\n\n\n<p>Outra possibilidade ao visitante ser\u00e1 a de conferir as exposi\u00e7\u00f5es montadas com as obras de sua reserva t\u00e9cnica, como as obras de&nbsp;Di\u00f3genes Duarte Paes, \u00c9lvio Santiago e&nbsp;Inos Corradin.<\/p>\n\n\n\n<p>A Pinacoteca est\u00e1 localizada na rua Bar\u00e3o de Jundia\u00ed, 109, Centro e est\u00e1 aberta para visita\u00e7\u00e3o de ter\u00e7a-feira a domingo das 10h \u00e0s 17h, inclusive nos feriados. Entrada gratuita. Mais informa\u00e7\u00f5es 4568.2326.<\/p>\n\n\n\n<p><a href=\"https:\/\/cultura.jundiai.sp.gov.br\/espacos-culturais\/teatropolytheama\/\"><strong>Teatro Polytheama<\/strong><\/a><\/p>\n\n\n\n<p>Pela programa\u00e7\u00e3o de \u201cF\u00e9rias na Cultura\u201d, o Teatro traz como programa\u00e7\u00e3o os espet\u00e1culos \u2018Do Poly para as crian\u00e7as\u2019, com entrada gratuita, sempre \u00e0s 16h.<\/p>\n\n\n\n<p>Neste s\u00e1bado (21), a Cia. P\u00e9 do Ouvido apresenta \u201cOs filhos de Iauaret\u00ea, a on\u00e7a-rei\u201d, espet\u00e1culo que conta a hist\u00f3ria de dois irm\u00e3os muito diferentes, filhos da on\u00e7a-rei Iauaret\u00ea e da jovem ind\u00edgena Kamaku\u00e3. Juru\u00e1 \u00e9 um excelente ca\u00e7ador que passa a destruir a mata para se sentir mais poderoso do que os outros. Iauaret\u00ea-Mirim \u00e9 um solit\u00e1rio canoeiro que vive buscando o sol e ca\u00e7ando as estrelas e, por isso, segue a jornada para se tornar paj\u00e9. Por meio dos caminhos opostos desses irm\u00e3os, a pe\u00e7a convida o p\u00fablico a refletir sobre o bem viver entre n\u00f3s e a Terra.<\/p>\n\n\n\n<figure class=\"wp-block-gallery has-nested-images columns-default is-cropped wp-block-gallery-3 is-layout-flex wp-block-gallery-is-layout-flex\">\n<figure class=\"wp-block-image size-large\"><img loading=\"lazy\" decoding=\"async\" width=\"1200\" height=\"787\" data-id=\"103913\" src=\"https:\/\/tvtecjundiai.com.br\/news\/wp-content\/uploads\/sites\/2\/2023\/01\/iauarete1_2022_sawara-1200x787-2.jpg\" alt=\"\" class=\"wp-image-103913\" srcset=\"https:\/\/tvtecjundiai.com.br\/news\/wp-content\/uploads\/sites\/2\/2023\/01\/iauarete1_2022_sawara-1200x787-2.jpg 1200w, https:\/\/tvtecjundiai.com.br\/news\/wp-content\/uploads\/sites\/2\/2023\/01\/iauarete1_2022_sawara-1200x787-2-300x197.jpg 300w, https:\/\/tvtecjundiai.com.br\/news\/wp-content\/uploads\/sites\/2\/2023\/01\/iauarete1_2022_sawara-1200x787-2-768x504.jpg 768w\" sizes=\"auto, (max-width: 1200px) 100vw, 1200px\" \/><figcaption class=\"wp-element-caption\">Cia P\u00e9 de Ouvido<\/figcaption><\/figure>\n\n\n\n<figure class=\"wp-block-image size-large\"><img loading=\"lazy\" decoding=\"async\" width=\"1000\" height=\"668\" data-id=\"103914\" src=\"https:\/\/tvtecjundiai.com.br\/news\/wp-content\/uploads\/sites\/2\/2023\/01\/cia-truks-1.jpg\" alt=\"\" class=\"wp-image-103914\" srcset=\"https:\/\/tvtecjundiai.com.br\/news\/wp-content\/uploads\/sites\/2\/2023\/01\/cia-truks-1.jpg 1000w, https:\/\/tvtecjundiai.com.br\/news\/wp-content\/uploads\/sites\/2\/2023\/01\/cia-truks-1-300x200.jpg 300w, https:\/\/tvtecjundiai.com.br\/news\/wp-content\/uploads\/sites\/2\/2023\/01\/cia-truks-1-768x513.jpg 768w\" sizes=\"auto, (max-width: 1000px) 100vw, 1000px\" \/><figcaption class=\"wp-element-caption\">Cia Truks<\/figcaption><\/figure>\n<\/figure>\n\n\n\n<p>J\u00e1 neste domingo (22) a Cia. Truks apresenta a pe\u00e7a \u201cSonhat\u00f3rio\u201d, que traz as aventuras de tr\u00eas supostos loucos do Sanat\u00f3rio Boa Cabe\u00e7a. \u00c0 hora do almo\u00e7o, por n\u00e3o ter o que comer ou que beber, os amigos resolvem brincar com os objetos que \u00e0 sua volta e partem para uma deliciosa viagem pela imagina\u00e7\u00e3o, que os levar\u00e1 para \u00e1ridos desertos, para o fundo do mar e para long\u00ednquos planetas. Questionando se de fato eram eles os loucos, os personagens trazem ao p\u00fablico um dos melhores rem\u00e9dios: a possibilidade da constru\u00e7\u00e3o de uma vida mais saud\u00e1vel, feita da sincera amizade, e de muito bom humor. E transformam o que seria um sanat\u00f3rio em um \u201csonhat\u00f3rio\u201d.<\/p>\n\n\n\n<p>Os ingressos gratuitos para cada um dos espet\u00e1culos ficar\u00e3o dispon\u00edveis para retirada na bilheteria do teatro e&nbsp;<a href=\"https:\/\/www.sympla.com.br\/eventos?s=polytheama&amp;tab=eventos&amp;ordem=date\" target=\"_blank\" rel=\"noreferrer noopener\"><strong>pela internet, na plataforma Sympla<\/strong><\/a>, \u00e0s 10h30 do dia anterior a cada apresenta\u00e7\u00e3o. Cada interessado poder\u00e1 retirar at\u00e9 dois ingressos.<\/p>\n\n\n\n<p>O Polytheama fica na rua Bar\u00e3o de Jundia\u00ed, 176 \u2013 Centro. Mais informa\u00e7\u00f5es pelo telefone 4586-2472.<\/p>\n\n\n\n<p><strong><a href=\"https:\/\/cultura.jundiai.sp.gov.br\/espacos-culturais\/galeria-de-arte-fernanda-perracini-milani\/\" target=\"_blank\" rel=\"noreferrer noopener\">Galeria de Artes Fernanda Milani (anexa) ao teatro Polytheama<\/a><\/strong><\/p>\n\n\n\n<p>At\u00e9 o dia 14 de fevereiro o p\u00fablico poder\u00e1 conferir a exposi\u00e7\u00e3o \u201c Nebulosas\u201d, da artista Gina Dinucci, mestra em Artes Visuais pela Universidade Estadual Paulista (IA-Unesp).<\/p>\n\n\n\n<figure class=\"wp-block-image size-large\"><img loading=\"lazy\" decoding=\"async\" width=\"1200\" height=\"801\" src=\"https:\/\/tvtecjundiai.com.br\/news\/wp-content\/uploads\/sites\/2\/2023\/01\/galeria-de-arte-fernanda-perracini-milano-anexo-polytheama-exposicao-nebulosas-artista-gina-dinucci_fm_-10-1280x854-1-1200x801.jpg\" alt=\"\" class=\"wp-image-103915\" srcset=\"https:\/\/tvtecjundiai.com.br\/news\/wp-content\/uploads\/sites\/2\/2023\/01\/galeria-de-arte-fernanda-perracini-milano-anexo-polytheama-exposicao-nebulosas-artista-gina-dinucci_fm_-10-1280x854-1-1200x801.jpg 1200w, https:\/\/tvtecjundiai.com.br\/news\/wp-content\/uploads\/sites\/2\/2023\/01\/galeria-de-arte-fernanda-perracini-milano-anexo-polytheama-exposicao-nebulosas-artista-gina-dinucci_fm_-10-1280x854-1-300x200.jpg 300w, https:\/\/tvtecjundiai.com.br\/news\/wp-content\/uploads\/sites\/2\/2023\/01\/galeria-de-arte-fernanda-perracini-milano-anexo-polytheama-exposicao-nebulosas-artista-gina-dinucci_fm_-10-1280x854-1-768x512.jpg 768w, https:\/\/tvtecjundiai.com.br\/news\/wp-content\/uploads\/sites\/2\/2023\/01\/galeria-de-arte-fernanda-perracini-milano-anexo-polytheama-exposicao-nebulosas-artista-gina-dinucci_fm_-10-1280x854-1.jpg 1280w\" sizes=\"auto, (max-width: 1200px) 100vw, 1200px\" \/><figcaption class=\"wp-element-caption\">As obras de Gina Dinucci em exposi\u00e7\u00e3o<\/figcaption><\/figure>\n\n\n\n<p>O projeto constitui-se em cinco pinturas produzidas em aquarela sobre papel de 1,5mx4,9m, resultado das ilustra\u00e7\u00f5es criadas para um projeto futuro: um livro infantil.<\/p>\n\n\n\n<p>O hor\u00e1rio de funcionamento da Galeria \u00e9 de ter\u00e7a a sexta-feira das 9h \u00e0s 12h e das 13h \u00e0s 17h; e aos s\u00e1bados das 10h \u00e0s 13h. Entrada gratuita.<\/p>\n\n\n\n<p><em><strong>(Fonte: Prefeitura de Jundia\u00ed\/Imagens: Prefeitura de Jundia\u00ed e Divulga\u00e7\u00e3o)<\/strong><\/em><\/p>\n","protected":false},"excerpt":{"rendered":"<p>Atra\u00e7\u00f5es contemplam diversos p\u00fablicos e t\u00eam entrada gratuita<\/p>\n","protected":false},"author":30,"featured_media":103905,"comment_status":"closed","ping_status":"0","sticky":false,"template":"","format":"standard","meta":{"footnotes":""},"categories":[2833,8356,8354,1],"tags":[],"class_list":["post-103904","post","type-post","status-publish","format-standard","has-post-thumbnail","hentry","category-cultura","category-jundiai","category-lazer","category-noticias"],"_links":{"self":[{"href":"https:\/\/tvtecjundiai.com.br\/news\/wp-json\/wp\/v2\/posts\/103904","targetHints":{"allow":["GET"]}}],"collection":[{"href":"https:\/\/tvtecjundiai.com.br\/news\/wp-json\/wp\/v2\/posts"}],"about":[{"href":"https:\/\/tvtecjundiai.com.br\/news\/wp-json\/wp\/v2\/types\/post"}],"author":[{"embeddable":true,"href":"https:\/\/tvtecjundiai.com.br\/news\/wp-json\/wp\/v2\/users\/30"}],"replies":[{"embeddable":true,"href":"https:\/\/tvtecjundiai.com.br\/news\/wp-json\/wp\/v2\/comments?post=103904"}],"version-history":[{"count":1,"href":"https:\/\/tvtecjundiai.com.br\/news\/wp-json\/wp\/v2\/posts\/103904\/revisions"}],"predecessor-version":[{"id":103916,"href":"https:\/\/tvtecjundiai.com.br\/news\/wp-json\/wp\/v2\/posts\/103904\/revisions\/103916"}],"wp:featuredmedia":[{"embeddable":true,"href":"https:\/\/tvtecjundiai.com.br\/news\/wp-json\/wp\/v2\/media\/103905"}],"wp:attachment":[{"href":"https:\/\/tvtecjundiai.com.br\/news\/wp-json\/wp\/v2\/media?parent=103904"}],"wp:term":[{"taxonomy":"category","embeddable":true,"href":"https:\/\/tvtecjundiai.com.br\/news\/wp-json\/wp\/v2\/categories?post=103904"},{"taxonomy":"post_tag","embeddable":true,"href":"https:\/\/tvtecjundiai.com.br\/news\/wp-json\/wp\/v2\/tags?post=103904"}],"curies":[{"name":"wp","href":"https:\/\/api.w.org\/{rel}","templated":true}]}}