{"id":103927,"date":"2023-01-20T17:41:52","date_gmt":"2023-01-20T20:41:52","guid":{"rendered":"https:\/\/tvtecjundiai.com.br\/news\/?p=103927"},"modified":"2023-01-20T17:41:57","modified_gmt":"2023-01-20T20:41:57","slug":"representantes-do-poder-publico-se-reunem-com-moradores-da-vila-rio-branco","status":"publish","type":"post","link":"https:\/\/tvtecjundiai.com.br\/news\/2023\/01\/20\/representantes-do-poder-publico-se-reunem-com-moradores-da-vila-rio-branco\/","title":{"rendered":"Representantes do poder p\u00fablico se re\u00fanem com moradores da Vila Rio Branco"},"content":{"rendered":"\n<p>Nesta semana, gestores de diversas Unidades de Gest\u00e3o da Prefeitura de Jundia\u00ed estiveram reunidos com moradores da regi\u00e3o da Vila Rio Branco, para tratar de demandas locais e apresentar os planos de a\u00e7\u00e3o, que envolvem investimentos de R$ 17 milh\u00f5es. O encontro foi organizado pela vereadora Qu\u00e9zia de Lucca e aconteceu na sede do clube da Vila Rio Branco, na rua Saldanha Marinho.<\/p>\n\n\n\n<p>Com demandas principalmente na seguran\u00e7a p\u00fablica e ilumina\u00e7\u00e3o, o gestor de Governo e Finan\u00e7as (UGGF), Jos\u00e9 Antonio Parimoschi, apresentou aos participantes um plano de a\u00e7\u00e3o para o regi\u00e3o que vai contar com obras de infraestrutura, ilumina\u00e7\u00e3o de LEDs e a constru\u00e7\u00e3o da nova Unidade de Sa\u00fade do bairro, al\u00e9m de remanejamento no fluxo do tr\u00e2nsito.<\/p>\n\n\n\n<p>\u201cTemos em andamento diversas obras de melhorias para o bairro que em breve iremos concluir. S\u00e3o 10 a\u00e7\u00f5es com investimentos na ordem de R$ 17 milh\u00f5es com entregas entre 2023 e 2024. Al\u00e9m disso, iremos implantar sistema de monitoramento no bairro com instala\u00e7\u00e3o de c\u00e2meras conectadas ao sistema da Guarda Municipal\u201d, explicou o gestor.<\/p>\n\n\n\n<figure class=\"wp-block-image\"><img decoding=\"async\" src=\"https:\/\/jundiai.sp.gov.br\/noticias\/wp-content\/uploads\/sites\/32\/2023\/01\/reuniao-rio-branco1.jpeg\" alt=\"\" class=\"wp-image-309642\" \/><figcaption class=\"wp-element-caption\">Encontro foi realizado com moradores da regi\u00e3o da Vila Rio Branco<\/figcaption><\/figure>\n\n\n\n<p>Com obras importantes j\u00e1 em andamento, o gestor de Infraestrutura e Servi\u00e7os P\u00fablicos (UGISP), Adilson Rosa, destacou que outros investimentos s\u00e3o estudados para a requalifica\u00e7\u00e3o do bairro e o planejamento de execu\u00e7\u00f5es de novas implanta\u00e7\u00f5es ser\u00e1 apresentado \u00e0 comunidade.<\/p>\n\n\n\n<p>A gestora de Seguran\u00e7a Municipal, coronel Carla Basson, apresentou n\u00fameros de a\u00e7\u00f5es e pris\u00f5es feitas pela Guarda Municipal nos \u00faltimos meses, bem como dados do trabalho em conjunto com a Pol\u00edcia Militar. \u201cTemos que denunciar todo tipo de situa\u00e7\u00e3o il\u00edcita que houver nas ruas. Temos o 153 da GMJ e o 190 da Pol\u00edcia Militar. \u00c9 importante que os moradores denunciem\u201d, ressaltou. Ela lembra que Jundia\u00ed possui a Casa de Passagem para o acolhimento e encaminhamento das pessoas em situa\u00e7\u00e3o de vulnerabilidade, que constantemente abordam os moradores no bairro.<\/p>\n\n\n\n<p>Em breve, um novo encontro ser\u00e1 realizado para presta\u00e7\u00e3o de contas.<\/p>\n\n\n\n<p><\/p>\n\n\n\n<p>Fonte \/ Imagem: Prefeitura de Jundia\u00ed <\/p>\n","protected":false},"excerpt":{"rendered":"<p>Encontro foi organizado pela vereadora Qu\u00e9zia de Lucca e aconteceu na sede do clube da Vila Rio Branco.<\/p>\n","protected":false},"author":24,"featured_media":103928,"comment_status":"closed","ping_status":"0","sticky":false,"template":"","format":"standard","meta":{"footnotes":""},"categories":[8356],"tags":[],"class_list":["post-103927","post","type-post","status-publish","format-standard","has-post-thumbnail","hentry","category-jundiai"],"_links":{"self":[{"href":"https:\/\/tvtecjundiai.com.br\/news\/wp-json\/wp\/v2\/posts\/103927","targetHints":{"allow":["GET"]}}],"collection":[{"href":"https:\/\/tvtecjundiai.com.br\/news\/wp-json\/wp\/v2\/posts"}],"about":[{"href":"https:\/\/tvtecjundiai.com.br\/news\/wp-json\/wp\/v2\/types\/post"}],"author":[{"embeddable":true,"href":"https:\/\/tvtecjundiai.com.br\/news\/wp-json\/wp\/v2\/users\/24"}],"replies":[{"embeddable":true,"href":"https:\/\/tvtecjundiai.com.br\/news\/wp-json\/wp\/v2\/comments?post=103927"}],"version-history":[{"count":1,"href":"https:\/\/tvtecjundiai.com.br\/news\/wp-json\/wp\/v2\/posts\/103927\/revisions"}],"predecessor-version":[{"id":103929,"href":"https:\/\/tvtecjundiai.com.br\/news\/wp-json\/wp\/v2\/posts\/103927\/revisions\/103929"}],"wp:featuredmedia":[{"embeddable":true,"href":"https:\/\/tvtecjundiai.com.br\/news\/wp-json\/wp\/v2\/media\/103928"}],"wp:attachment":[{"href":"https:\/\/tvtecjundiai.com.br\/news\/wp-json\/wp\/v2\/media?parent=103927"}],"wp:term":[{"taxonomy":"category","embeddable":true,"href":"https:\/\/tvtecjundiai.com.br\/news\/wp-json\/wp\/v2\/categories?post=103927"},{"taxonomy":"post_tag","embeddable":true,"href":"https:\/\/tvtecjundiai.com.br\/news\/wp-json\/wp\/v2\/tags?post=103927"}],"curies":[{"name":"wp","href":"https:\/\/api.w.org\/{rel}","templated":true}]}}