{"id":10398,"date":"2018-05-16T13:00:55","date_gmt":"2018-05-16T16:00:55","guid":{"rendered":"https:\/\/tvtecjundiai.com.br\/news\/?p=10398"},"modified":"2018-05-16T14:33:14","modified_gmt":"2018-05-16T17:33:14","slug":"segunda-quinzena-de-maio-tera-ar-polar-forte-no-brasil","status":"publish","type":"post","link":"https:\/\/tvtecjundiai.com.br\/news\/2018\/05\/16\/segunda-quinzena-de-maio-tera-ar-polar-forte-no-brasil\/","title":{"rendered":"Segunda quinzena de maio ter\u00e1 ar polar forte no Brasil"},"content":{"rendered":"<p>A frente fria que avan\u00e7ou sobre o Brasil no fim semana do Dia das M\u00e3es n\u00e3o trouxe muita chuva, mas sua massa polar impactou a Am\u00e9rica do Sul com moderada a forte intensidade. Foi a\u00a0primeira massa polar que conseguiu dar um \u201car outonal\u201d\u00a0\u00a0e esfriar o Brasil, a Argentina, o Paraguai, o Uruguai e a Bol\u00edvia. No Brasil, a menor temperatura registrada pelo Instituto Nacional de Meteorologia dentro desta massa de ar polar foi 2,4\u00b0C em Ca\u00e7ador, no planalto de Santa Catarina, no dia 13 de maio. Tamb\u00e9m merece destaque a temperatura abaixo dos 10\u00b0C em Mato Grosso do Sul, com 9,6\u00b0C em Rio Brilhante e 9,8\u00b0C em Amamba\u00ed.<\/p>\n<p>As capitais Porto Alegre, Florian\u00f3polis, Campo Grande, Cuiab\u00e1 e Rio Branco registraram recordes de menor temperatura m\u00e1xima ou m\u00ednima de 2018 durante a passagem desta massa de ar polar.<\/p>\n<p><strong>Bloqueio rompido<\/strong><\/p>\n<p>O efeito mais importante da frente fria do fim de semana do Dia das M\u00e3es foi come\u00e7ar a romper o bloqueio atmosf\u00e9rico da forte massa de ar quente e seco que predominou sobre o Brasil na segunda quinzena do m\u00eas de abril. A primeira quinzena de maio foi marcada por tempo seco e calor no centro-sul do Brasil. A segunda quinzena do m\u00eas ter\u00e1 v\u00e1rias frentes frias que v\u00e3o influenciar n\u00e3o apenas a Regi\u00e3o Sul, mas tamb\u00e9m o Sudeste, o Centro-Oeste e at\u00e9 o Norte do Brasil. Estas frentes frias v\u00e3o trazer chuva e mais ar polar para baixar a temperatura deste maio quente, at\u00e9 agora.<\/p>\n<p>Os mapas mostram de forma esquem\u00e1tica como o ar polar deve avan\u00e7ar sobre o Brasil nos pr\u00f3ximos dias, comparado com o que ocorreu no fim de semana de 12 e 13 de maio.<\/p>\n<div style=\"width: 650px\" class=\"wp-caption alignnone\"><a href=\"https:\/\/https\/\/www.climatempo.com.br\/noticias\" target=\"_blank\" rel=\"noopener\"><img loading=\"lazy\" decoding=\"async\" src=\"https:\/\/imagens.climatempo.com.br\/climapress\/galeria\/2018\/05\/08dd7ad16c9d6b6f30528a52c184aa5b.jpg\" alt=\"\" width=\"640\" height=\"359\" \/><\/a><p class=\"wp-caption-text\">Esquema do ar polar da frente fria de 11 a 13 maio de 2018 <em>(Imagem: Climatempo)<\/em><\/p><\/div>\n<div style=\"width: 650px\" class=\"wp-caption alignnone\"><a href=\"https:\/\/https\/\/www.climatempo.com.br\/noticias\" target=\"_blank\" rel=\"noopener\"><img loading=\"lazy\" decoding=\"async\" src=\"https:\/\/imagens.climatempo.com.br\/climapress\/galeria\/2018\/05\/8e5f76119db076838d9d5e391c8ca20c.jpg\" alt=\"\" width=\"640\" height=\"360\" \/><\/a><p class=\"wp-caption-text\">Esquema do ar polar da frente fria de 15 a 18 de maio<em> (Imagem: Climatempo)<\/em><\/p><\/div>\n<div style=\"width: 650px\" class=\"wp-caption alignnone\"><a href=\"https:\/\/https\/\/www.climatempo.com.br\/mapas\" target=\"_blank\" rel=\"noopener\"><img loading=\"lazy\" decoding=\"async\" src=\"https:\/\/imagens.climatempo.com.br\/climapress\/galeria\/2018\/05\/561c144a435da05864b14754beacaa4b.jpg\" alt=\"\" width=\"640\" height=\"360\" \/><\/a><p class=\"wp-caption-text\">Esquema do ar polar da frente fria de 18 a 21 de maio<em> (Imagem: Climatempo)<\/em><\/p><\/div>\n<p><strong>Frio intenso<\/strong><\/p>\n<p>A frente fria que vai atuar entre os dias 18 e 21 de maio de 2018 traz uma massa de ar polar forte e que vai avan\u00e7ar novamente pelo norte da Argentina, Paraguai e Bol\u00edvia, como a massa de polar de 12 e 13 de maio. Mas o ar polar depois do dia 20 de maio ser\u00e1 muito mais intenso.<\/p>\n<p><strong>Geada<\/strong><\/p>\n<p>\u00c9 poss\u00edvel que a temperatura fique abaixo de zero na Regi\u00e3o Sul do Brasil e pela primeira vez este ano, ap\u00f3s o dia 20, ser\u00e1 preciso considerar a possibilidade de geada forte no Sul do pa\u00eds. A chance de gear na Grande Curitiba, no sul de S\u00e3o Paulo, em \u00e1reas do Sul de Minas e at\u00e9 do sul de Mato Grosso do Sul n\u00e3o pode ser completamente descartada.<\/p>\n<p><strong>Interior do Brasil<\/strong><\/p>\n<p>A expectativa \u00e9 de que o ar polar se espalhe pelo interior do Brasil e chegue novamente a Rond\u00f4nia, ao Acre e ao sul do Amazonas. Mas desta vez, mesmo que de forma suave, o vento frio de origem polar poder\u00e1 ser sentido at\u00e9 na divisa entre Mato Grosso, Par\u00e1 e Tocantins, al\u00e9m do Esp\u00edrito Santo e na divisa de Minas Gerais com a Bahia.<\/p>\n<p><strong>Ciclones extratropicais<\/strong><\/p>\n<p>Pelo menos no per\u00edodo de 19 a 25 de maio de 2018, v\u00e1rios ciclones extratropicais devem ser observados na costa da Regi\u00e3o Sul e de parte da Regi\u00e3o Sudeste. A presen\u00e7a dos ciclones no litoral do Sul e do Sudeste v\u00e3o deixar o mar agitado e ajudar a \u201crepresar\u201d o ar polar sobre o interior do continente.<\/p>\n<p><em>Fonte: Climatempo<\/em><\/p>\n","protected":false},"excerpt":{"rendered":"<p>Frentes frias trar\u00e3o chuva e mais ar polar para baixar temperaturas<\/p>\n","protected":false},"author":8,"featured_media":10407,"comment_status":"closed","ping_status":"closed","sticky":false,"template":"","format":"standard","meta":{"footnotes":""},"categories":[3185,1],"tags":[1903,5,2921,15],"class_list":["post-10398","post","type-post","status-publish","format-standard","has-post-thumbnail","hentry","category-clima","category-noticias","tag-brasil","tag-jundiai","tag-previsao-do-tempo","tag-tvtec"],"_links":{"self":[{"href":"https:\/\/tvtecjundiai.com.br\/news\/wp-json\/wp\/v2\/posts\/10398","targetHints":{"allow":["GET"]}}],"collection":[{"href":"https:\/\/tvtecjundiai.com.br\/news\/wp-json\/wp\/v2\/posts"}],"about":[{"href":"https:\/\/tvtecjundiai.com.br\/news\/wp-json\/wp\/v2\/types\/post"}],"author":[{"embeddable":true,"href":"https:\/\/tvtecjundiai.com.br\/news\/wp-json\/wp\/v2\/users\/8"}],"replies":[{"embeddable":true,"href":"https:\/\/tvtecjundiai.com.br\/news\/wp-json\/wp\/v2\/comments?post=10398"}],"version-history":[{"count":4,"href":"https:\/\/tvtecjundiai.com.br\/news\/wp-json\/wp\/v2\/posts\/10398\/revisions"}],"predecessor-version":[{"id":10409,"href":"https:\/\/tvtecjundiai.com.br\/news\/wp-json\/wp\/v2\/posts\/10398\/revisions\/10409"}],"wp:featuredmedia":[{"embeddable":true,"href":"https:\/\/tvtecjundiai.com.br\/news\/wp-json\/wp\/v2\/media\/10407"}],"wp:attachment":[{"href":"https:\/\/tvtecjundiai.com.br\/news\/wp-json\/wp\/v2\/media?parent=10398"}],"wp:term":[{"taxonomy":"category","embeddable":true,"href":"https:\/\/tvtecjundiai.com.br\/news\/wp-json\/wp\/v2\/categories?post=10398"},{"taxonomy":"post_tag","embeddable":true,"href":"https:\/\/tvtecjundiai.com.br\/news\/wp-json\/wp\/v2\/tags?post=10398"}],"curies":[{"name":"wp","href":"https:\/\/api.w.org\/{rel}","templated":true}]}}