{"id":103982,"date":"2023-01-23T08:54:46","date_gmt":"2023-01-23T11:54:46","guid":{"rendered":"https:\/\/tvtecjundiai.com.br\/news\/?p=103982"},"modified":"2023-01-23T08:54:50","modified_gmt":"2023-01-23T11:54:50","slug":"procon-movel-volta-em-2023-com-19-datas-programadas","status":"publish","type":"post","link":"https:\/\/tvtecjundiai.com.br\/news\/2023\/01\/23\/procon-movel-volta-em-2023-com-19-datas-programadas\/","title":{"rendered":"Procon M\u00f3vel volta em 2023 com 19 datas programadas"},"content":{"rendered":"\n<p>Com o objetivo de descentralizar o atendimento oferecido \u00e0 popula\u00e7\u00e3o, o Procon programou 19 datas de a\u00e7\u00f5es com o Procon M\u00f3vel no primeiro semestre de 2023. Elas ser\u00e3o realizadas em diversas regi\u00f5es do munic\u00edpio e permitir\u00e3o aos consumidores apresentarem as demandas e obter informa\u00e7\u00f5es. Os atendimentos ter\u00e3o in\u00edcio a partir de 22 de fevereiro. O calend\u00e1rio do segundo semestre ser\u00e1 divulgado posteriormente.<\/p>\n\n\n\n<p>\u201cO Procon M\u00f3vel permite que a gente esteja mais pr\u00f3ximo das pessoas que n\u00e3o conseguem se deslocar at\u00e9 a sede da entidade. A descentraliza\u00e7\u00e3o d\u00e1 a possibilidade de ampliar o atendimento, al\u00e9m de auxiliar na amplia\u00e7\u00e3o do trabalho de consumo consciente\u201d, comenta a chefe do Procon Jundia\u00ed, Val\u00e9ria Tavares Alc\u00e2ntara.<\/p>\n\n\n\n<figure class=\"wp-block-image\"><img decoding=\"async\" src=\"https:\/\/jundiai.sp.gov.br\/noticias\/wp-content\/uploads\/sites\/32\/2023\/01\/procon-movel_centro_m_-20-1280x854.jpg\" alt=\"\" class=\"wp-image-309093\" \/><figcaption class=\"wp-element-caption\">Procon M\u00f3vel estar\u00e1 nas ruas a partir do dia 22 de fevereiro<\/figcaption><\/figure>\n\n\n\n<p>Al\u00e9m disso, a estrutura do Procon M\u00f3vel tamb\u00e9m \u00e9 utilizada para a\u00e7\u00f5es de orienta\u00e7\u00e3o de direitos e deveres, com foco nas ferramentas tecnol\u00f3gicas dispon\u00edveis aos consumidores. Campanhas com temas espec\u00edficos tamb\u00e9m s\u00e3o promovidas. A \u00faltima desenvolvida teve foco na orienta\u00e7\u00e3o e alerta a golpes de empr\u00e9stimos consignados, com \u00eanfase nos idosos.<\/p>\n\n\n\n<p><strong>Confira a programa\u00e7\u00e3o completa:<\/strong><\/p>\n\n\n\n<p><strong>22 e 23 de fevereiro:<\/strong>&nbsp;Terminal Cecap \u2013 09h \u00e0s 15h<\/p>\n\n\n\n<p><strong>24 de fevereiro:<\/strong>&nbsp;CIC, no Parque Cecap \u2013 09h \u00e0s 15h<\/p>\n\n\n\n<p><strong>13, 15 e 17 de mar\u00e7o:<\/strong>&nbsp;Pra\u00e7a Governador Pedro de Toledo, no Centro \u2013 09h \u00e0s 15h<\/p>\n\n\n\n<p><strong>20, 22 e 24 de mar\u00e7o:<\/strong>&nbsp;Novo Horizonte (C\u00e1ritas Diocesana de Jundia\u00ed) \u2013 09h \u00e0s 15h<\/p>\n\n\n\n<p><strong>31 de mar\u00e7o:<\/strong>&nbsp;CIC, no Parque Cecap \u2013 09h \u00e0s 15h<\/p>\n\n\n\n<p><strong>26, 27 e 28 de abril:<\/strong>&nbsp;Cras Santa Gertrudes \u2013 09h \u00e0s 15h<\/p>\n\n\n\n<p><strong>29, 30 e 31 de maio:<\/strong>&nbsp;Pra\u00e7a Francisco Fernandes Passolano, no Vianelo \u2013 09h \u00e0s 15h<\/p>\n\n\n\n<p><strong>28, 29 e 30 de junho:<\/strong>\u00a0UBS Agapeama \u2013 09h \u00e0s 15h<\/p>\n\n\n\n<p><em><strong>(Fonte\/Imagem: Prefeitura de Jundia\u00ed)<\/strong><\/em><\/p>\n","protected":false},"excerpt":{"rendered":"<p>O calend\u00e1rio do segundo semestre ser\u00e1 divulgado posteriormente.<\/p>\n","protected":false},"author":27,"featured_media":103983,"comment_status":"closed","ping_status":"0","sticky":false,"template":"","format":"standard","meta":{"footnotes":""},"categories":[8356],"tags":[],"class_list":["post-103982","post","type-post","status-publish","format-standard","has-post-thumbnail","hentry","category-jundiai"],"_links":{"self":[{"href":"https:\/\/tvtecjundiai.com.br\/news\/wp-json\/wp\/v2\/posts\/103982","targetHints":{"allow":["GET"]}}],"collection":[{"href":"https:\/\/tvtecjundiai.com.br\/news\/wp-json\/wp\/v2\/posts"}],"about":[{"href":"https:\/\/tvtecjundiai.com.br\/news\/wp-json\/wp\/v2\/types\/post"}],"author":[{"embeddable":true,"href":"https:\/\/tvtecjundiai.com.br\/news\/wp-json\/wp\/v2\/users\/27"}],"replies":[{"embeddable":true,"href":"https:\/\/tvtecjundiai.com.br\/news\/wp-json\/wp\/v2\/comments?post=103982"}],"version-history":[{"count":1,"href":"https:\/\/tvtecjundiai.com.br\/news\/wp-json\/wp\/v2\/posts\/103982\/revisions"}],"predecessor-version":[{"id":103984,"href":"https:\/\/tvtecjundiai.com.br\/news\/wp-json\/wp\/v2\/posts\/103982\/revisions\/103984"}],"wp:featuredmedia":[{"embeddable":true,"href":"https:\/\/tvtecjundiai.com.br\/news\/wp-json\/wp\/v2\/media\/103983"}],"wp:attachment":[{"href":"https:\/\/tvtecjundiai.com.br\/news\/wp-json\/wp\/v2\/media?parent=103982"}],"wp:term":[{"taxonomy":"category","embeddable":true,"href":"https:\/\/tvtecjundiai.com.br\/news\/wp-json\/wp\/v2\/categories?post=103982"},{"taxonomy":"post_tag","embeddable":true,"href":"https:\/\/tvtecjundiai.com.br\/news\/wp-json\/wp\/v2\/tags?post=103982"}],"curies":[{"name":"wp","href":"https:\/\/api.w.org\/{rel}","templated":true}]}}