{"id":104032,"date":"2023-01-24T10:04:27","date_gmt":"2023-01-24T13:04:27","guid":{"rendered":"https:\/\/tvtecjundiai.com.br\/news\/?p=104032"},"modified":"2023-01-24T10:04:46","modified_gmt":"2023-01-24T13:04:46","slug":"festa-da-uva-ultrapassa-os-60-mil-visitantes-no-segundo-final-de-semana","status":"publish","type":"post","link":"https:\/\/tvtecjundiai.com.br\/news\/2023\/01\/24\/festa-da-uva-ultrapassa-os-60-mil-visitantes-no-segundo-final-de-semana\/","title":{"rendered":"Festa da Uva ultrapassa os 60 mil visitantes no segundo final de semana"},"content":{"rendered":"\n<p>Ap\u00f3s ultrapassar os 50 mil visitantes nos primeiros dias, a 38\u00aa Festa da Uva e 9\u00aa Expo Vinhos alcan\u00e7ou um n\u00famero ainda maior de pessoas que passaram pelo Parque da Uva no segundo final de semana do evento. Entre sexta-feira (20), s\u00e1bado (21) e domingo (22), 60 mil visitantes foram contabilizados pela Unidade de Gest\u00e3o de Agroneg\u00f3cio, Abastecimento e Turismo (UGAAT).<\/p>\n\n\n\n<p>Foram 10 mil visitantes a mais que nos quatro primeiros dias de Festa, j\u00e1 que a abertura aconteceu na \u00faltima quinta-feira (12), e os expositores comemoraram o \u00f3timo volume de vendas. Ao todo, mais de 25 mil quilos de frutas foram vendidos, sendo quase 15 mil quilos apenas da uva niagara.<\/p>\n\n\n\n<p>O destaque, mais uma vez, ficou por conta da tarde e da noite de s\u00e1bado, que foram os intervalos com maior lota\u00e7\u00e3o do parque. No domingo, muitos dos visitantes aproveitaram para levar seus pets. Em seus dois primeiros finais de semana, a Festa j\u00e1 soma mais de 110 mil visitantes e a expectativa \u00e9 que nos pr\u00f3ximos dias ultrapassem os primeiros em p\u00fablico.<\/p>\n\n\n\n<p>A 38\u00aa Festa da Uva e 9\u00aa Expo Vinhos continua a partir desta sexta-feira (27), com o parque aberto a partir das 18 horas. Para s\u00e1bado e domingo, abertura \u00e0s 10h.<\/p>\n\n\n\n<figure class=\"wp-block-image\"><img decoding=\"async\" src=\"https:\/\/jundiai.sp.gov.br\/noticias\/wp-content\/uploads\/sites\/32\/2023\/01\/52640884958_a094a29d06_k-1280x853.jpg\" alt=\"Banda reprise In\u00e9dita se apresenta no palco interno da Festa da Uva\" class=\"wp-image-309749\" \/><figcaption class=\"wp-element-caption\">A banda Reprise In\u00e9dita agitou o palco interno durante a tarde de s\u00e1bado<\/figcaption><\/figure>\n\n\n\n<p>Mais fotos do evento podem ser conferidas no\u00a0<a href=\"https:\/\/www.flickr.com\/photos\/prefeituradejundiai\/sets\/\">Flickr da Prefeitura de Jundia\u00ed.<\/a><\/p>\n\n\n\n<p><strong><em>(Fonte\/Imagem: Prefeitura de Jundia\u00ed)<\/em><\/strong><\/p>\n","protected":false},"excerpt":{"rendered":"<p>Foram 10 mil visitantes a mais que nos quatro primeiros dias de Festa.<\/p>\n","protected":false},"author":27,"featured_media":104033,"comment_status":"closed","ping_status":"0","sticky":false,"template":"","format":"standard","meta":{"footnotes":""},"categories":[2833,8356,8354,2825],"tags":[],"class_list":["post-104032","post","type-post","status-publish","format-standard","has-post-thumbnail","hentry","category-cultura","category-jundiai","category-lazer","category-turismo"],"_links":{"self":[{"href":"https:\/\/tvtecjundiai.com.br\/news\/wp-json\/wp\/v2\/posts\/104032","targetHints":{"allow":["GET"]}}],"collection":[{"href":"https:\/\/tvtecjundiai.com.br\/news\/wp-json\/wp\/v2\/posts"}],"about":[{"href":"https:\/\/tvtecjundiai.com.br\/news\/wp-json\/wp\/v2\/types\/post"}],"author":[{"embeddable":true,"href":"https:\/\/tvtecjundiai.com.br\/news\/wp-json\/wp\/v2\/users\/27"}],"replies":[{"embeddable":true,"href":"https:\/\/tvtecjundiai.com.br\/news\/wp-json\/wp\/v2\/comments?post=104032"}],"version-history":[{"count":1,"href":"https:\/\/tvtecjundiai.com.br\/news\/wp-json\/wp\/v2\/posts\/104032\/revisions"}],"predecessor-version":[{"id":104034,"href":"https:\/\/tvtecjundiai.com.br\/news\/wp-json\/wp\/v2\/posts\/104032\/revisions\/104034"}],"wp:featuredmedia":[{"embeddable":true,"href":"https:\/\/tvtecjundiai.com.br\/news\/wp-json\/wp\/v2\/media\/104033"}],"wp:attachment":[{"href":"https:\/\/tvtecjundiai.com.br\/news\/wp-json\/wp\/v2\/media?parent=104032"}],"wp:term":[{"taxonomy":"category","embeddable":true,"href":"https:\/\/tvtecjundiai.com.br\/news\/wp-json\/wp\/v2\/categories?post=104032"},{"taxonomy":"post_tag","embeddable":true,"href":"https:\/\/tvtecjundiai.com.br\/news\/wp-json\/wp\/v2\/tags?post=104032"}],"curies":[{"name":"wp","href":"https:\/\/api.w.org\/{rel}","templated":true}]}}