{"id":104055,"date":"2023-01-25T09:11:15","date_gmt":"2023-01-25T12:11:15","guid":{"rendered":"https:\/\/tvtecjundiai.com.br\/news\/?p=104055"},"modified":"2023-01-25T09:11:15","modified_gmt":"2023-01-25T12:11:15","slug":"festa-da-uva-free-dancers-ensinam-coreografias-para-o-publico","status":"publish","type":"post","link":"https:\/\/tvtecjundiai.com.br\/news\/2023\/01\/25\/festa-da-uva-free-dancers-ensinam-coreografias-para-o-publico\/","title":{"rendered":"Festa da Uva: \u2018free dancers\u2019 ensinam coreografias para o p\u00fablico"},"content":{"rendered":"\n<p>Acompanhando algumas das apresenta\u00e7\u00f5es musicais nos diversos palcos do Parque da Uva, a&nbsp;<a href=\"https:\/\/festadauva.jundiai.sp.gov.br\/\" target=\"_blank\" rel=\"noreferrer noopener\">38\u00aa Festa da Uva e 9\u00aa Expo Vinhos de Jundia\u00ed<\/a>&nbsp;traz entre suas atra\u00e7\u00f5es a presen\u00e7a de bailarinos \u201cfree dancers\u201d, dispon\u00edveis para ensinar as coreografias ou acompanhar o p\u00fablico que j\u00e1 sabe dan\u00e7ar.<\/p>\n\n\n\n<p>No total, foram contratados pela Unidade de Gest\u00e3o de Cultura (UGC) cerca de 15 bailarinos, por meio do Cadastro de Artistas municipal. Al\u00e9m da intera\u00e7\u00e3o com o p\u00fablico, os \u201cfree dancers\u201d ensinam n\u00e3o somente as coreografias para quem vai acompanhado \u00e0 Festa, como tamb\u00e9m para quem quiser aprender e dan\u00e7ar individualmente.<\/p>\n\n\n\n<p>\u201cJundia\u00ed \u00e9 a Terra da Uva, mas \u00e9 tamb\u00e9m a terra da Dan\u00e7a. Temos em nossa cidade dezenas de escolas e academias, e temos visto cada vez mais crescer a ades\u00e3o dos participantes e do p\u00fablico em programa\u00e7\u00f5es com esta linguagem art\u00edstica, como o festival Enredan\u00e7a realizado pela Prefeitura. Por isso a ideia dos \u2018free dancers\u2019 nos shows com teor dan\u00e7ante mais acentuado, para que as presen\u00e7as desses bailarinos inspirem a plateia a dan\u00e7ar e ensine as coreografias para aqueles que estiverem mais t\u00edmidos\u201d, comentou o diretor de Cultura da (UGC), Jo\u00e3o Carlos De Luca.<\/p>\n\n\n<div class=\"wp-block-image\">\n<figure class=\"aligncenter size-large is-resized\"><img loading=\"lazy\" decoding=\"async\" src=\"https:\/\/tvtecjundiai.com.br\/news\/wp-content\/uploads\/sites\/2\/2023\/01\/38-festa-da-uva-e-9-expo-vinhos-free-dancers-2-1280x854-1-1200x801.jpg\" alt=\"\" class=\"wp-image-104056\" width=\"703\" height=\"469\" srcset=\"https:\/\/tvtecjundiai.com.br\/news\/wp-content\/uploads\/sites\/2\/2023\/01\/38-festa-da-uva-e-9-expo-vinhos-free-dancers-2-1280x854-1-1200x801.jpg 1200w, https:\/\/tvtecjundiai.com.br\/news\/wp-content\/uploads\/sites\/2\/2023\/01\/38-festa-da-uva-e-9-expo-vinhos-free-dancers-2-1280x854-1-300x200.jpg 300w, https:\/\/tvtecjundiai.com.br\/news\/wp-content\/uploads\/sites\/2\/2023\/01\/38-festa-da-uva-e-9-expo-vinhos-free-dancers-2-1280x854-1-768x512.jpg 768w, https:\/\/tvtecjundiai.com.br\/news\/wp-content\/uploads\/sites\/2\/2023\/01\/38-festa-da-uva-e-9-expo-vinhos-free-dancers-2-1280x854-1.jpg 1280w\" sizes=\"auto, (max-width: 703px) 100vw, 703px\" \/><\/figure>\n<\/div>\n\n\n<p><\/p>\n\n\n\n<p>A\u00a0<a rel=\"noreferrer noopener\" href=\"https:\/\/festadauva.jundiai.sp.gov.br\/\" target=\"_blank\">38\u00aa Festa da Uva e 9\u00aa Expo Vinhos<\/a>\u00a0segue nos dias 27, 28 e 29 de janeiro e 3, 4 e 5 de fevereiro, \u00e0s sextas-feiras, das 18h \u00e0s 22h; aos s\u00e1bados, das 10h \u00e0s 22h; e aos domingos, das 10h \u00e0s 21h. A entrada \u00e9 gratuita, mas como sugest\u00e3o de ingresso solid\u00e1rio, s\u00e3o arrecadados alimentos n\u00e3o perec\u00edveis nas entradas do Parque para destina\u00e7\u00e3o ao Fundo Social de Solidariedade.<\/p>\n\n\n\n<p><em><strong>(Fonte\/Imagem: Prefeitura de Jundia\u00ed)<\/strong><\/em><\/p>\n","protected":false},"excerpt":{"rendered":"<p>Bailarinos estavam dispon\u00edveis para ensinar as coreografias ou acompanhar o p\u00fablico que j\u00e1 sabe dan\u00e7ar<\/p>\n","protected":false},"author":30,"featured_media":104056,"comment_status":"closed","ping_status":"0","sticky":false,"template":"","format":"standard","meta":{"footnotes":""},"categories":[2833,8356,1],"tags":[],"class_list":["post-104055","post","type-post","status-publish","format-standard","has-post-thumbnail","hentry","category-cultura","category-jundiai","category-noticias"],"_links":{"self":[{"href":"https:\/\/tvtecjundiai.com.br\/news\/wp-json\/wp\/v2\/posts\/104055","targetHints":{"allow":["GET"]}}],"collection":[{"href":"https:\/\/tvtecjundiai.com.br\/news\/wp-json\/wp\/v2\/posts"}],"about":[{"href":"https:\/\/tvtecjundiai.com.br\/news\/wp-json\/wp\/v2\/types\/post"}],"author":[{"embeddable":true,"href":"https:\/\/tvtecjundiai.com.br\/news\/wp-json\/wp\/v2\/users\/30"}],"replies":[{"embeddable":true,"href":"https:\/\/tvtecjundiai.com.br\/news\/wp-json\/wp\/v2\/comments?post=104055"}],"version-history":[{"count":1,"href":"https:\/\/tvtecjundiai.com.br\/news\/wp-json\/wp\/v2\/posts\/104055\/revisions"}],"predecessor-version":[{"id":104057,"href":"https:\/\/tvtecjundiai.com.br\/news\/wp-json\/wp\/v2\/posts\/104055\/revisions\/104057"}],"wp:featuredmedia":[{"embeddable":true,"href":"https:\/\/tvtecjundiai.com.br\/news\/wp-json\/wp\/v2\/media\/104056"}],"wp:attachment":[{"href":"https:\/\/tvtecjundiai.com.br\/news\/wp-json\/wp\/v2\/media?parent=104055"}],"wp:term":[{"taxonomy":"category","embeddable":true,"href":"https:\/\/tvtecjundiai.com.br\/news\/wp-json\/wp\/v2\/categories?post=104055"},{"taxonomy":"post_tag","embeddable":true,"href":"https:\/\/tvtecjundiai.com.br\/news\/wp-json\/wp\/v2\/tags?post=104055"}],"curies":[{"name":"wp","href":"https:\/\/api.w.org\/{rel}","templated":true}]}}