{"id":104058,"date":"2023-01-25T09:36:26","date_gmt":"2023-01-25T12:36:26","guid":{"rendered":"https:\/\/tvtecjundiai.com.br\/news\/?p=104058"},"modified":"2023-01-25T09:36:33","modified_gmt":"2023-01-25T12:36:33","slug":"live-espaco-cultura-apresenta-mais-propostas-da-lei-aldir-blanc-nesta-quarta-25","status":"publish","type":"post","link":"https:\/\/tvtecjundiai.com.br\/news\/2023\/01\/25\/live-espaco-cultura-apresenta-mais-propostas-da-lei-aldir-blanc-nesta-quarta-25\/","title":{"rendered":"\u201cLive: Espa\u00e7o Cultura\u201d apresenta mais propostas da Lei Aldir Blanc nesta quarta (25)"},"content":{"rendered":"\n<p>Dois projetos de M\u00fasica e um workshop de Artes Manuais chegam nesta quarta-feira (25), como destaque na \u201cLive: Espa\u00e7o Cultura\u201d, uma iniciativa da Unidade de Gest\u00e3o de Cultura (UGC) realizada semanalmente com transmiss\u00e3o nos canais da UGC, no Facebook e YouTube, das 16h \u00e0s 17h.<\/p>\n\n\n\n<p>Na oportunidade, os projetos dos artistas F\u00e1bio Luiz Porte, Cah\u00ea Gustavo Nunes Boldrini e Rita de C\u00e1ssia Pedro, contemplados em 2021 pelos editais municipais da Lei de Emerg\u00eancia Cultural Aldir Blanc ser\u00e3o apresentados para artistas e outros trabalhadores de Cultura, bem como para o p\u00fablico em geral, difundindo assim a produ\u00e7\u00e3o cultural da cidade, nos seus diversos segmentos e modalidades.<\/p>\n\n\n\n<p>Comandada pelo diretor do Departamento de Cultura, Jo\u00e3o Carlos de Luca a live desta semana ainda traz informa\u00e7\u00f5es sobre o planejamento do primeiro semestre deste ano da UGC, com destaque para os editais e a\u00e7\u00f5es que ser\u00e3o desencadeadas e o \u00a0novo Cadastro de Artistas e Projetos, ferramenta on-line que serve como banco de dados para contrata\u00e7\u00f5es de artistas locais e para planejamento de atividades e pol\u00edticas p\u00fablicas voltadas \u00e0 classe art\u00edstica jundiaienses, bem como informa\u00e7\u00f5es, orienta\u00e7\u00f5es e instru\u00e7\u00f5es para os artistas da cidade sobre \u00a0a\u00a0<a rel=\"noreferrer noopener\" href=\"https:\/\/cultura.jundiai.sp.gov.br\/espaco-do-artista\/\" target=\"_blank\"><strong>p\u00e1gina Espa\u00e7o do Artista do site da Cultura<\/strong><\/a>, onde est\u00e3o concentradas as orienta\u00e7\u00f5es importantes para os artistas, com os links mais utilizados pelo segmento, como para o site do Jundia\u00ed Empreendedora.<\/p>\n\n\n\n<figure class=\"wp-block-gallery has-nested-images columns-default is-cropped wp-block-gallery-1 is-layout-flex wp-block-gallery-is-layout-flex\">\n<figure class=\"wp-block-image size-large\"><img loading=\"lazy\" decoding=\"async\" width=\"1200\" height=\"675\" data-id=\"104059\" src=\"https:\/\/tvtecjundiai.com.br\/news\/wp-content\/uploads\/sites\/2\/2023\/01\/lei_aldir_blanc_fabio_porte-1200x675.png\" alt=\"\" class=\"wp-image-104059\" srcset=\"https:\/\/tvtecjundiai.com.br\/news\/wp-content\/uploads\/sites\/2\/2023\/01\/lei_aldir_blanc_fabio_porte-1200x675.png 1200w, https:\/\/tvtecjundiai.com.br\/news\/wp-content\/uploads\/sites\/2\/2023\/01\/lei_aldir_blanc_fabio_porte-300x169.png 300w, https:\/\/tvtecjundiai.com.br\/news\/wp-content\/uploads\/sites\/2\/2023\/01\/lei_aldir_blanc_fabio_porte-768x432.png 768w, https:\/\/tvtecjundiai.com.br\/news\/wp-content\/uploads\/sites\/2\/2023\/01\/lei_aldir_blanc_fabio_porte.png 1272w\" sizes=\"auto, (max-width: 1200px) 100vw, 1200px\" \/><figcaption class=\"wp-element-caption\">\u201cNas Cordas da Natureza\u201d<\/figcaption><\/figure>\n\n\n\n<figure class=\"wp-block-image size-large\"><img loading=\"lazy\" decoding=\"async\" width=\"1200\" height=\"674\" data-id=\"104060\" src=\"https:\/\/tvtecjundiai.com.br\/news\/wp-content\/uploads\/sites\/2\/2023\/01\/lei_aldir_blanc_celebrando_gismonti-1280x719-1-1200x674.png\" alt=\"\" class=\"wp-image-104060\" srcset=\"https:\/\/tvtecjundiai.com.br\/news\/wp-content\/uploads\/sites\/2\/2023\/01\/lei_aldir_blanc_celebrando_gismonti-1280x719-1-1200x674.png 1200w, https:\/\/tvtecjundiai.com.br\/news\/wp-content\/uploads\/sites\/2\/2023\/01\/lei_aldir_blanc_celebrando_gismonti-1280x719-1-300x169.png 300w, https:\/\/tvtecjundiai.com.br\/news\/wp-content\/uploads\/sites\/2\/2023\/01\/lei_aldir_blanc_celebrando_gismonti-1280x719-1-768x431.png 768w, https:\/\/tvtecjundiai.com.br\/news\/wp-content\/uploads\/sites\/2\/2023\/01\/lei_aldir_blanc_celebrando_gismonti-1280x719-1.png 1280w\" sizes=\"auto, (max-width: 1200px) 100vw, 1200px\" \/><figcaption class=\"wp-element-caption\">\u201cCelebrando Gismonti\u201d<\/figcaption><\/figure>\n\n\n\n<figure class=\"wp-block-image size-large\"><img loading=\"lazy\" decoding=\"async\" width=\"1200\" height=\"674\" data-id=\"104061\" src=\"https:\/\/tvtecjundiai.com.br\/news\/wp-content\/uploads\/sites\/2\/2023\/01\/lei_aldir_blanc_boneca_sustentavel_1-1280x719-1-1200x674.png\" alt=\"\" class=\"wp-image-104061\" srcset=\"https:\/\/tvtecjundiai.com.br\/news\/wp-content\/uploads\/sites\/2\/2023\/01\/lei_aldir_blanc_boneca_sustentavel_1-1280x719-1-1200x674.png 1200w, https:\/\/tvtecjundiai.com.br\/news\/wp-content\/uploads\/sites\/2\/2023\/01\/lei_aldir_blanc_boneca_sustentavel_1-1280x719-1-300x169.png 300w, https:\/\/tvtecjundiai.com.br\/news\/wp-content\/uploads\/sites\/2\/2023\/01\/lei_aldir_blanc_boneca_sustentavel_1-1280x719-1-768x431.png 768w, https:\/\/tvtecjundiai.com.br\/news\/wp-content\/uploads\/sites\/2\/2023\/01\/lei_aldir_blanc_boneca_sustentavel_1-1280x719-1.png 1280w\" sizes=\"auto, (max-width: 1200px) 100vw, 1200px\" \/><figcaption class=\"wp-element-caption\">Workshop: Boneca Sustent\u00e1vel<\/figcaption><\/figure>\n<\/figure>\n\n\n\n<p><strong>Projetos<\/strong><\/p>\n\n\n\n<p>Nesta semana a live apresentar\u00e1 os seguintes projetos art\u00edsticos in\u00e9ditos:<\/p>\n\n\n\n<p><strong>\u201cNas Cordas da Natureza\u201d \u2013 m\u00fasica \u2013 com F\u00e1bio Luis Porte<\/strong><\/p>\n\n\n\n<p>O projeto consiste na execu\u00e7\u00e3o em \u00e1udio e v\u00eddeo de uma grava\u00e7\u00e3o em formato digital e replic\u00e1vel de um repert\u00f3rio autoral focado nos temas Natureza e Amor. A escolha se deu em virtude da atualidade da quest\u00e3o ambiental nos nossos tempos e da necessidade de se produzir conte\u00fado que trate da necessidade da preserva\u00e7\u00e3o aliado ao grande tema do Amor. As can\u00e7\u00f5es, in\u00e9ditas, ser\u00e3o executadas utilizando o Viol\u00e3o, a Viola Caipira, Ukulele e percuss\u00e3o pelo m\u00fasico, cantor e compositor.<\/p>\n\n\n\n<p><strong>\u201cCelebrando Gismonti\u201d \u2013 m\u00fasica \u2013 com Cah\u00ea Gustavo Nunes Boldrini<\/strong><\/p>\n\n\n\n<p>O objetivo do projeto \u00e9 executar parte do repert\u00f3rio do compositor brasileiro Egberto Gismonti, celebrando a obra dessa figura importante da M\u00fasica Brasileira. Nesta apresenta\u00e7\u00e3o musical on-line, o duo Muniz Boldrini formado pela pianista Sara Muniz e pelo contrabaixista Cah\u00ea Boldrini executam m\u00fasicas de diferentes \u00e1lbuns de Gismonti.<strong><\/strong><\/p>\n\n\n\n<p><strong>\u201cWorkshop: Boneca Sustent\u00e1vel \u2013 Arte e reaproveitamento de ideias \u2013 Proposta Formativa Virtual \u2013 com Rita de C\u00e1ssia Pedro<\/strong><\/p>\n\n\n\n<p>A proposta da arte educadora \u00e9 a de promover um Workshop onde ensina etapas de produ\u00e7\u00e3o de uma \u201cBoneca sustent\u00e1vel\u201d dividindo em etapas a 1\u00aa Etapa: \u201cPorque tal objeto art\u00edstico \u00e9 importante? \u201c Crian\u00e7as de todas as idades podem ter uma boneca que trar\u00e1 uma hist\u00f3ria \u00fanica, a partir do sens\u00edvel e mem\u00f3ria afetiva. 2\u00ba Etapa: m\u00e3os \u00e0 obra, a partir de objetos que se tem em casa \u00e9 poss\u00edvel reunir elementos afim de compor a cria\u00e7\u00e3o da boneca, retalhos de panos, bot\u00f5es, l\u00e3, fios, e demais objetos poss\u00edveis, nesta etapa inicia- se a cria\u00e7\u00e3o do corpo da boneca. A costura a m\u00e3o, ensinada de formas f\u00e1ceis de costurar bot\u00e3o como olhos, cabelos de fios ou panos. 3\u00aa Etapa trata do nome da boneca e que hist\u00f3ria ela carrega.<\/p>\n\n\n\n<p><em><strong>(Fonte: Prefeitura de Jundia\u00ed\/Imagens: Divulga\u00e7\u00e3o)<\/strong><\/em><\/p>\n","protected":false},"excerpt":{"rendered":"<p>Transmiss\u00e3o acontece nos canais da UGC no Facebook e YouTube, das 16h \u00e0s 17h<\/p>\n","protected":false},"author":30,"featured_media":104061,"comment_status":"closed","ping_status":"0","sticky":false,"template":"","format":"standard","meta":{"footnotes":""},"categories":[2833,8356,1],"tags":[],"class_list":["post-104058","post","type-post","status-publish","format-standard","has-post-thumbnail","hentry","category-cultura","category-jundiai","category-noticias"],"_links":{"self":[{"href":"https:\/\/tvtecjundiai.com.br\/news\/wp-json\/wp\/v2\/posts\/104058","targetHints":{"allow":["GET"]}}],"collection":[{"href":"https:\/\/tvtecjundiai.com.br\/news\/wp-json\/wp\/v2\/posts"}],"about":[{"href":"https:\/\/tvtecjundiai.com.br\/news\/wp-json\/wp\/v2\/types\/post"}],"author":[{"embeddable":true,"href":"https:\/\/tvtecjundiai.com.br\/news\/wp-json\/wp\/v2\/users\/30"}],"replies":[{"embeddable":true,"href":"https:\/\/tvtecjundiai.com.br\/news\/wp-json\/wp\/v2\/comments?post=104058"}],"version-history":[{"count":1,"href":"https:\/\/tvtecjundiai.com.br\/news\/wp-json\/wp\/v2\/posts\/104058\/revisions"}],"predecessor-version":[{"id":104062,"href":"https:\/\/tvtecjundiai.com.br\/news\/wp-json\/wp\/v2\/posts\/104058\/revisions\/104062"}],"wp:featuredmedia":[{"embeddable":true,"href":"https:\/\/tvtecjundiai.com.br\/news\/wp-json\/wp\/v2\/media\/104061"}],"wp:attachment":[{"href":"https:\/\/tvtecjundiai.com.br\/news\/wp-json\/wp\/v2\/media?parent=104058"}],"wp:term":[{"taxonomy":"category","embeddable":true,"href":"https:\/\/tvtecjundiai.com.br\/news\/wp-json\/wp\/v2\/categories?post=104058"},{"taxonomy":"post_tag","embeddable":true,"href":"https:\/\/tvtecjundiai.com.br\/news\/wp-json\/wp\/v2\/tags?post=104058"}],"curies":[{"name":"wp","href":"https:\/\/api.w.org\/{rel}","templated":true}]}}