{"id":104071,"date":"2023-01-25T11:38:31","date_gmt":"2023-01-25T14:38:31","guid":{"rendered":"https:\/\/tvtecjundiai.com.br\/news\/?p=104071"},"modified":"2023-01-25T11:38:31","modified_gmt":"2023-01-25T14:38:31","slug":"sao-paulo-faz-469-anos-atividades-culturais-e-de-lazer-vao-ate-domingo-29","status":"publish","type":"post","link":"https:\/\/tvtecjundiai.com.br\/news\/2023\/01\/25\/sao-paulo-faz-469-anos-atividades-culturais-e-de-lazer-vao-ate-domingo-29\/","title":{"rendered":"S\u00e3o Paulo faz 469 anos: atividades culturais e de lazer v\u00e3o at\u00e9 domingo (29)"},"content":{"rendered":"\n<p>Nesta quarta-feira (25), a cidade de S\u00e3o Paulo completa 469 anos. A metr\u00f3pole, que est\u00e1 entre as cinco cidades mais populosas do mundo, fica a apenas 56 km de Jundia\u00ed, cidade com a qual possui grande liga\u00e7\u00e3o hist\u00f3rica e cultural. <\/p>\n\n\n\n<p>Em 1867, durante o in\u00edcio do desenvolvimento industrial de Jundia\u00ed, foi inaugurada&nbsp;a Esta\u00e7\u00e3o Ferrovi\u00e1ria de Jundia\u00ed. Conhecida como <strong>S\u00e3o Paulo Railway<\/strong>, ela ligava a cidade portu\u00e1ria de Santos a S\u00e3o Paulo e Jundia\u00ed. Esta foi a primeira ferrovia do estado de S\u00e3o Paulo.<\/p>\n\n\n<div class=\"wp-block-image\">\n<figure class=\"aligncenter size-large is-resized\"><img loading=\"lazy\" decoding=\"async\" src=\"https:\/\/tvtecjundiai.com.br\/news\/wp-content\/uploads\/sites\/2\/2023\/01\/Design-sem-nome-3-1200x675.png\" alt=\"\" class=\"wp-image-104074\" width=\"716\" height=\"402\" srcset=\"https:\/\/tvtecjundiai.com.br\/news\/wp-content\/uploads\/sites\/2\/2023\/01\/Design-sem-nome-3-1200x675.png 1200w, https:\/\/tvtecjundiai.com.br\/news\/wp-content\/uploads\/sites\/2\/2023\/01\/Design-sem-nome-3-300x169.png 300w, https:\/\/tvtecjundiai.com.br\/news\/wp-content\/uploads\/sites\/2\/2023\/01\/Design-sem-nome-3-768x432.png 768w, https:\/\/tvtecjundiai.com.br\/news\/wp-content\/uploads\/sites\/2\/2023\/01\/Design-sem-nome-3.png 1280w\" sizes=\"auto, (max-width: 716px) 100vw, 716px\" \/><figcaption class=\"wp-element-caption\">S\u00e3o Paulo comemora 469 anos<\/figcaption><\/figure>\n<\/div>\n\n\n<p>Para comemorar o anivers\u00e1rio da capital paulista, as festividades v\u00e3o at\u00e9 domingo (29). Com o tema \u201cS\u00e3o Paulo, o Mundo Se Encontra Aqui\u201d, est\u00e3o programadas atividades culturais e de lazer em v\u00e1rios equipamentos municipais, com shows e outras atra\u00e7\u00f5es.&nbsp;<\/p>\n\n\n\n<p>Nesta quarta-feira (25), a celebra\u00e7\u00e3o oficial ser\u00e1 no Vale do Anhangaba\u00fa, com shows gratuitos. O cantor Almir Sater abre as apresenta\u00e7\u00f5es ao meio-dia, seguido de Fresno, Vitor Kley e Thedy Correa (14h); Baile da Dona Onete com Gaby Amarantos e Aqno (16h); Belo (18h) e Jo\u00e3o Gomes (20h). Para as crian\u00e7as, a programa\u00e7\u00e3o especial na Pra\u00e7a das Artes vai at\u00e9 as 18h.<\/p>\n\n\n\n<p>No Mercado Municipal, que comemora 90 anos nesta data, h\u00e1 o tradicional corte do bolo de anivers\u00e1rio de S\u00e3o Paulo, conhecido como &#8220;Bolo do Bixiga&#8221;.<\/p>\n\n\n\n<p>Confira a programa\u00e7\u00e3o completa no <a href=\"https:\/\/www.capital.sp.gov.br\/noticia\/aniversario-de-sao-paulo-sera-comemorado-a-partir-deste-sabado-21-e-vai-ate-domingo-29-com-manifestacoes-culturais-do-pais-1\" data-type=\"URL\" data-id=\"https:\/\/www.capital.sp.gov.br\/noticia\/aniversario-de-sao-paulo-sera-comemorado-a-partir-deste-sabado-21-e-vai-ate-domingo-29-com-manifestacoes-culturais-do-pais-1\">site da Prefeitura de S\u00e3o Paulo<\/a>. <\/p>\n\n\n\n<p><strong><em>(Fonte: TVTEC Jundia\u00ed\/Imagem: Canva)<\/em><\/strong><\/p>\n","protected":false},"excerpt":{"rendered":"<p>No Mercado Municipal, h\u00e1 o tradicional corte do bolo de anivers\u00e1rio da cidade<\/p>\n","protected":false},"author":30,"featured_media":104074,"comment_status":"closed","ping_status":"0","sticky":false,"template":"","format":"standard","meta":{"footnotes":""},"categories":[1],"tags":[],"class_list":["post-104071","post","type-post","status-publish","format-standard","has-post-thumbnail","hentry","category-noticias"],"_links":{"self":[{"href":"https:\/\/tvtecjundiai.com.br\/news\/wp-json\/wp\/v2\/posts\/104071","targetHints":{"allow":["GET"]}}],"collection":[{"href":"https:\/\/tvtecjundiai.com.br\/news\/wp-json\/wp\/v2\/posts"}],"about":[{"href":"https:\/\/tvtecjundiai.com.br\/news\/wp-json\/wp\/v2\/types\/post"}],"author":[{"embeddable":true,"href":"https:\/\/tvtecjundiai.com.br\/news\/wp-json\/wp\/v2\/users\/30"}],"replies":[{"embeddable":true,"href":"https:\/\/tvtecjundiai.com.br\/news\/wp-json\/wp\/v2\/comments?post=104071"}],"version-history":[{"count":3,"href":"https:\/\/tvtecjundiai.com.br\/news\/wp-json\/wp\/v2\/posts\/104071\/revisions"}],"predecessor-version":[{"id":104075,"href":"https:\/\/tvtecjundiai.com.br\/news\/wp-json\/wp\/v2\/posts\/104071\/revisions\/104075"}],"wp:featuredmedia":[{"embeddable":true,"href":"https:\/\/tvtecjundiai.com.br\/news\/wp-json\/wp\/v2\/media\/104074"}],"wp:attachment":[{"href":"https:\/\/tvtecjundiai.com.br\/news\/wp-json\/wp\/v2\/media?parent=104071"}],"wp:term":[{"taxonomy":"category","embeddable":true,"href":"https:\/\/tvtecjundiai.com.br\/news\/wp-json\/wp\/v2\/categories?post=104071"},{"taxonomy":"post_tag","embeddable":true,"href":"https:\/\/tvtecjundiai.com.br\/news\/wp-json\/wp\/v2\/tags?post=104071"}],"curies":[{"name":"wp","href":"https:\/\/api.w.org\/{rel}","templated":true}]}}