{"id":104078,"date":"2023-01-25T14:15:05","date_gmt":"2023-01-25T17:15:05","guid":{"rendered":"https:\/\/tvtecjundiai.com.br\/news\/?p=104078"},"modified":"2023-01-25T14:15:12","modified_gmt":"2023-01-25T17:15:12","slug":"festa-da-uva-chega-ao-terceiro-fim-de-semana-com-atracoes-gratuitas-para-todos-os-gostos","status":"publish","type":"post","link":"https:\/\/tvtecjundiai.com.br\/news\/2023\/01\/25\/festa-da-uva-chega-ao-terceiro-fim-de-semana-com-atracoes-gratuitas-para-todos-os-gostos\/","title":{"rendered":"Festa da Uva chega ao terceiro fim de semana com atra\u00e7\u00f5es gratuitas para todos os gostos"},"content":{"rendered":"\n<p>Com mais de 110 mil visitantes ao Parque Comendador Antonio Carbonari (Parque da Uva), a&nbsp;<a href=\"https:\/\/festadauva.jundiai.sp.gov.br\/\" target=\"_blank\" rel=\"noreferrer noopener\">38\u00aa Festa da Uva e 9\u00aa Expo Vinhos de Jundia\u00ed<\/a>&nbsp;chega agora ao seu terceiro final de semana. Com a promessa de supera\u00e7\u00e3o de p\u00fablico, a Festa garante programa\u00e7\u00e3o musical e de interven\u00e7\u00f5es art\u00edsticas para todos os gostos, al\u00e9m de brincadeiras l\u00fadicas pelo programa municipal Cidade das Crian\u00e7as.<\/p>\n\n\n\n<p>Os hor\u00e1rios de abertura do Parque para a Festa s\u00e3o: \u00e0s sextas-feiras, das 18h \u00e0s 22h; aos s\u00e1bados, das 10h \u00e0s 22h; e aos domingos, das 10h \u00e0s 21h.<\/p>\n\n\n\n<p><strong>Sexta-feira (27)<\/strong><br>Logo nesta sexta-feira (27), a programa\u00e7\u00e3o traz, no Palco Interno \u2013 Uva Niagara Rosada de Jundiahy, \u00e0s 18h30, o show de viola, bai\u00e3o, xote e MPB com a banda Zimbai\u00e3o; e \u00e0s 20h30, o show Clarina canta Caymmi, em homenagem ao cantor e compositor baiano.<\/p>\n\n\n\n<p>No Coreto do Rock \u2013 Uva M\u00e1ximo, a atra\u00e7\u00e3o das 19h \u00e9 \u201cNothin\u2019 but the Blues\u201d (Nada al\u00e9m do Blues), show do primeiro \u00e1lbum solo de Yuri Apsy. \u00c0s 20h come\u00e7a a apresenta\u00e7\u00e3o de marchinhas e de sambas de Carnaval com o bloco Refogado do Sandi no Palco do Samba \u2013 Uva Bord\u00f4. E \u00e0s 20h30 tem o Pop Rock da banda Salada Russa no Palco Externo \u2013 Uva Isabel.<\/p>\n\n\n\n<figure class=\"wp-block-image size-large\"><img loading=\"lazy\" decoding=\"async\" width=\"1200\" height=\"801\" src=\"https:\/\/tvtecjundiai.com.br\/news\/wp-content\/uploads\/sites\/2\/2023\/01\/38_festa_da_uva_pa-1682-1280x854-1-1200x801.jpg\" alt=\"\" class=\"wp-image-104081\" srcset=\"https:\/\/tvtecjundiai.com.br\/news\/wp-content\/uploads\/sites\/2\/2023\/01\/38_festa_da_uva_pa-1682-1280x854-1-1200x801.jpg 1200w, https:\/\/tvtecjundiai.com.br\/news\/wp-content\/uploads\/sites\/2\/2023\/01\/38_festa_da_uva_pa-1682-1280x854-1-300x200.jpg 300w, https:\/\/tvtecjundiai.com.br\/news\/wp-content\/uploads\/sites\/2\/2023\/01\/38_festa_da_uva_pa-1682-1280x854-1-768x512.jpg 768w, https:\/\/tvtecjundiai.com.br\/news\/wp-content\/uploads\/sites\/2\/2023\/01\/38_festa_da_uva_pa-1682-1280x854-1.jpg 1280w\" sizes=\"auto, (max-width: 1200px) 100vw, 1200px\" \/><figcaption class=\"wp-element-caption\">Coreto do Rock \u2013 Uva M\u00e1ximo tem atra\u00e7\u00f5es em todos os dias da Festa<\/figcaption><\/figure>\n\n\n\n<p><strong>S\u00e1bado (28)<\/strong><br>No s\u00e1bado (28) a programa\u00e7\u00e3o come\u00e7a \u00e0s 10h, com a sa\u00edda do Passeio de Jipes do estacionamento do Pa\u00e7o Municipal em dire\u00e7\u00e3o ao Parque, onde os ve\u00edculos ficam estacionados em frente ao Palco Externo \u2013 Uva Isabel, at\u00e9 as 15h. Ainda no palco externo, com a chegada do Cortejo da Uva, \u00e0s 17h30, tem o Brinde ao P\u00f4r do Sol. Logo em seguida, vem uma sequ\u00eancia de shows com o ritmo sertanejo: \u00e0s 17h30, com C\u00edcero Morais; \u00e0s 18h30, com a dupla Nando e Rog\u00e9rio; \u00e0s 20h30, com Gustavo Alves; e \u00e0s 21h30, com Diego Faria.<\/p>\n\n\n\n<p>J\u00e1 no Palco Interno \u2013 Uva Niagara Rosada de Jundiahy, a programa\u00e7\u00e3o do s\u00e1bado (28) traz, \u00e0s 11h, a apresenta\u00e7\u00e3o da Cia. Jovem de Dan\u00e7a, corpo art\u00edstico municipal de dan\u00e7a, com a coreografia \u201cEntre o Corpo e o Azul\u201d, de Henrique Rodovalho. J\u00e1 \u00e0s 12h30, o grupo I Cantanti d\u2019Italia apresenta o melhor da m\u00fasica italiana, preparando o clima para a tradicional Pisa da Uva, que come\u00e7a \u00e0s 14h, com o Grupo Folklor\u00edstico Stella Bianca.<\/p>\n\n\n\n<p>Ainda no Palco Interno, \u00e0s 16h, Guilherme Viola &amp; Beija Flor fazem um show em homenagem aos grandes nomes do sertanejo raiz e de cl\u00e1ssicos caipiras. \u00c0s 18h, o grupo Brasileir\u00edssimo celebra, com o show \u201cNorte a Sul\u201d a rica diversidade musical do Brasil. E \u00e0s 20h, Luiza Miana convida amigos para um show com Jazz, Bossa Nova e Samba.<\/p>\n\n\n\n<p>No Coreto do Rock \u2013 Uva M\u00e1ximo, as atra\u00e7\u00f5es do dia s\u00e3o: \u00e0s 11h, Mafra &amp; Banda apresentam repert\u00f3rio ecl\u00e9tico de Rock cl\u00e1ssico, Metal e autorais. \u00c0s 13h, Edu Rocker Trio apresenta show com cl\u00e1ssicos e releituras do estilo Rockabilly. \u00c0s 15h, a banda RockStation traz o melhor do Pop Rock internacional. E para finalizar o dia, a partir das 19h30, a banda Hard 4 Love faz show com vers\u00f5es e arranjos especiais de Rock Hard e Cl\u00e1ssico.<\/p>\n\n\n\n<p>J\u00e1 o Palco do Samba \u2013 Uva Bord\u00f4 recebe: \u00e0s 15h, Juliana Eva Canta Samba; \u00e0s 17h30, o bloco Continuamos na Nossa; e 17h30, a Escola de Samba Imp\u00e9rio da Maring\u00e1.<\/p>\n\n\n\n<figure class=\"wp-block-image size-large\"><img loading=\"lazy\" decoding=\"async\" width=\"1200\" height=\"801\" src=\"https:\/\/tvtecjundiai.com.br\/news\/wp-content\/uploads\/sites\/2\/2023\/01\/38-festa-da-uva-e-9-expo-vinhos-jundiai-2023_fm_-169-1280x854-1-1200x801.jpg\" alt=\"\" class=\"wp-image-104082\" srcset=\"https:\/\/tvtecjundiai.com.br\/news\/wp-content\/uploads\/sites\/2\/2023\/01\/38-festa-da-uva-e-9-expo-vinhos-jundiai-2023_fm_-169-1280x854-1-1200x801.jpg 1200w, https:\/\/tvtecjundiai.com.br\/news\/wp-content\/uploads\/sites\/2\/2023\/01\/38-festa-da-uva-e-9-expo-vinhos-jundiai-2023_fm_-169-1280x854-1-300x200.jpg 300w, https:\/\/tvtecjundiai.com.br\/news\/wp-content\/uploads\/sites\/2\/2023\/01\/38-festa-da-uva-e-9-expo-vinhos-jundiai-2023_fm_-169-1280x854-1-768x512.jpg 768w, https:\/\/tvtecjundiai.com.br\/news\/wp-content\/uploads\/sites\/2\/2023\/01\/38-festa-da-uva-e-9-expo-vinhos-jundiai-2023_fm_-169-1280x854-1.jpg 1280w\" sizes=\"auto, (max-width: 1200px) 100vw, 1200px\" \/><figcaption class=\"wp-element-caption\">Palco Interno recebe apresenta\u00e7\u00f5es de dan\u00e7a, grupos tem\u00e1ticos, Pisa da Uva e Leil\u00e3o das Frutas premiadas<\/figcaption><\/figure>\n\n\n\n<p><strong>Domingo (29)<\/strong><br>A extensa programa\u00e7\u00e3o de atra\u00e7\u00f5es gratuitas segue no domingo (29). Desta vez, come\u00e7a, tamb\u00e9m \u00e0s 10h, com a sa\u00edda do Encontro de Motos do estacionamento do Pa\u00e7o Municipal em dire\u00e7\u00e3o ao Palco Externo \u2013 Uva Isabel do Parque, onde as motos ficam estacionadas at\u00e9 as 15h. No mesmo Palco, a programa\u00e7\u00e3o no domingo segue \u00e0s 17h30, com a chegada do Cortejo da Uva e o Brinde ao P\u00f4r do Sol; na sequ\u00eancia, com Tios Brothers &amp; Banda; \u00e0s 19h30, com a banda Funk\u2019s Natra.<\/p>\n\n\n\n<p>J\u00e1 o Palco Interno \u2013 Uva Niagara Rosada de Jundiahy recebe: \u00e0s 11h, o show de dan\u00e7as \u00e9tnicas com as Zingara Ladies; \u00e0s 11h15, o espet\u00e1culo \u201cCores, Luzes e A\u00e7\u00e3o\u201d, da Baillare Est\u00fadio de Dan\u00e7a; \u00e0s 11h30, a dan\u00e7a do ventre tribal com Quin Roque; e \u00e0s 11h45, a dan\u00e7a \u00e9tnica tribal e cigana N\u00facleo de Dan\u00e7a Juliana Santos.<\/p>\n\n\n\n<p>Ainda no Palco Interno, I Cantanti d\u2019Italia voltam \u00e0s 12h30, preparando a festa para a Pisa da Uva \u00e0s 14h, com o Grupo Folklor\u00edstico Stella Bianca. \u00c0s 16h, o palco recebe a o Leil\u00e3o das Frutas Premiadas, mas em seguida est\u00e3o de volta os shows musicais, com a m\u00fasica latina da Banda Montuno, \u00e0s 17h30; e o show com os sucessos da r\u00e1dio Antena 1 com a banda Lado B a partir das 19h30.<\/p>\n\n\n\n<p>No Coreto do Rock \u2013 Uva M\u00e1ximo, \u00e0s 11h, a banda Old Black Joe traz o melhor do Rock e rockabilly dos anos 1950 e 60. \u00c0s 13h, a banda Still Folk traz o Folk Rock dos anos 1960 e 70. E a partir das 15h \u00e9 a vez de Z\u00e9 Palermo e Country Band apresentarem repert\u00f3rio americano dos anos 1920.<\/p>\n\n\n\n<p>No Palco do Samba \u2013 Uva Bord\u00f4, as atra\u00e7\u00f5es do dia s\u00e3o: \u00e0s 15h, a Uni\u00e3o da Vila apresenta o seu Carnaval Show, com sambas de enredo e MPB; \u00e0s 17h30 o Bloco da Ponte Torta traz a sua banda para animar o p\u00fablico com samba, marchinhas e ax\u00e9; e, \u00e0s 19h30, a escola de samba Le\u00f5es da Hortol\u00e2ndia interpreta sambas de enredo da escola com a presen\u00e7a de passistas e de sua bateria.<\/p>\n\n\n\n<figure class=\"wp-block-image size-large\"><img loading=\"lazy\" decoding=\"async\" width=\"1200\" height=\"801\" src=\"https:\/\/tvtecjundiai.com.br\/news\/wp-content\/uploads\/sites\/2\/2023\/01\/38-festa-da-uva-e-9-expo-vinhos-visita-do-secretario-de-agricultura-antonio-julio-junqueira-de-queiroz_fm_-38-1280x854-1-1200x801.jpg\" alt=\"\" class=\"wp-image-104083\" srcset=\"https:\/\/tvtecjundiai.com.br\/news\/wp-content\/uploads\/sites\/2\/2023\/01\/38-festa-da-uva-e-9-expo-vinhos-visita-do-secretario-de-agricultura-antonio-julio-junqueira-de-queiroz_fm_-38-1280x854-1-1200x801.jpg 1200w, https:\/\/tvtecjundiai.com.br\/news\/wp-content\/uploads\/sites\/2\/2023\/01\/38-festa-da-uva-e-9-expo-vinhos-visita-do-secretario-de-agricultura-antonio-julio-junqueira-de-queiroz_fm_-38-1280x854-1-300x200.jpg 300w, https:\/\/tvtecjundiai.com.br\/news\/wp-content\/uploads\/sites\/2\/2023\/01\/38-festa-da-uva-e-9-expo-vinhos-visita-do-secretario-de-agricultura-antonio-julio-junqueira-de-queiroz_fm_-38-1280x854-1-768x512.jpg 768w, https:\/\/tvtecjundiai.com.br\/news\/wp-content\/uploads\/sites\/2\/2023\/01\/38-festa-da-uva-e-9-expo-vinhos-visita-do-secretario-de-agricultura-antonio-julio-junqueira-de-queiroz_fm_-38-1280x854-1.jpg 1280w\" sizes=\"auto, (max-width: 1200px) 100vw, 1200px\" \/><figcaption class=\"wp-element-caption\">Al\u00e9m das atra\u00e7\u00f5es musicais, o p\u00fablico pode interagir com o elenco da Vila da Uva e do Vinho e com a Rainha e Princesas da Corte da Uva<\/figcaption><\/figure>\n\n\n\n<p>Tanto no s\u00e1bado (28) quanto no domingo (29), tem ainda o tradicional Cortejo da Uva, com as participa\u00e7\u00f5es da Corte da Uva, vinhateiros, o elenco da Casa do Colono, o grupo Folkror\u00edstico Stella Bianca e banda itinerante. Depois de percorrer o Parque, o Cortejo encerra-se com o tradicional Brinde ao P\u00f4r do Sol, no Palco Externo.<\/p>\n\n\n\n<p>As brincadeiras l\u00fadicas e interven\u00e7\u00f5es desta vez ficam por conta dos grupos Fora da Casinha, grupo Amorah, coletivo #PretaEu, Cia. TD Artes, Baque Delas, Cia. Tramp de Palha\u00e7os, Cia. Ca\u00e7a Vento, Nay Firens, Cia. Contando com Encanto, Gika, Cena4, Tia May, Cia. Inspirarte, entre outros.<\/p>\n\n\n\n<p>A\u00a0<a rel=\"noreferrer noopener\" href=\"https:\/\/festadauva.jundiai.sp.gov.br\/\" target=\"_blank\">Festa da Uva e Expo Vinhos<\/a>\u00a0segue com entrada gratuita nos dias 27, 28 e 29 de janeiro e 3, 4 e 5 de fevereiro. Como ingresso solid\u00e1rio, o visitante poder\u00e1 doar alimentos n\u00e3o perec\u00edveis, para destina\u00e7\u00e3o ao Fundo Social de Solidariedade.<\/p>\n\n\n\n<figure class=\"wp-block-image size-large\"><img loading=\"lazy\" decoding=\"async\" width=\"1200\" height=\"800\" src=\"https:\/\/tvtecjundiai.com.br\/news\/wp-content\/uploads\/sites\/2\/2023\/01\/38_festa_da_uva_pa-1410-1536x1024-1-1200x800.jpg\" alt=\"\" class=\"wp-image-104084\" srcset=\"https:\/\/tvtecjundiai.com.br\/news\/wp-content\/uploads\/sites\/2\/2023\/01\/38_festa_da_uva_pa-1410-1536x1024-1-1200x800.jpg 1200w, https:\/\/tvtecjundiai.com.br\/news\/wp-content\/uploads\/sites\/2\/2023\/01\/38_festa_da_uva_pa-1410-1536x1024-1-300x200.jpg 300w, https:\/\/tvtecjundiai.com.br\/news\/wp-content\/uploads\/sites\/2\/2023\/01\/38_festa_da_uva_pa-1410-1536x1024-1-768x512.jpg 768w, https:\/\/tvtecjundiai.com.br\/news\/wp-content\/uploads\/sites\/2\/2023\/01\/38_festa_da_uva_pa-1410-1536x1024-1.jpg 1280w\" sizes=\"auto, (max-width: 1200px) 100vw, 1200px\" \/><figcaption class=\"wp-element-caption\">Parque fica aberto para a Festa \u00e0s sextas-feiras, das 18h \u00e0s 22h; aos s\u00e1bados, das 10h \u00e0s 22h; e aos domingos, das 10h \u00e0s 21h<\/figcaption><\/figure>\n\n\n\n<p><em><strong>(Fonte\/Imagens: Prefeitura de Jundia\u00ed)<\/strong><\/em><\/p>\n","protected":false},"excerpt":{"rendered":"<p>A\u00a0Festa\u00a0segue com entrada gratuita nos dias 27, 28 e 29 de janeiro e 3, 4 e 5 de fevereiro<\/p>\n","protected":false},"author":30,"featured_media":104082,"comment_status":"closed","ping_status":"0","sticky":false,"template":"","format":"standard","meta":{"footnotes":""},"categories":[2833,8356,8354,1],"tags":[],"class_list":["post-104078","post","type-post","status-publish","format-standard","has-post-thumbnail","hentry","category-cultura","category-jundiai","category-lazer","category-noticias"],"_links":{"self":[{"href":"https:\/\/tvtecjundiai.com.br\/news\/wp-json\/wp\/v2\/posts\/104078","targetHints":{"allow":["GET"]}}],"collection":[{"href":"https:\/\/tvtecjundiai.com.br\/news\/wp-json\/wp\/v2\/posts"}],"about":[{"href":"https:\/\/tvtecjundiai.com.br\/news\/wp-json\/wp\/v2\/types\/post"}],"author":[{"embeddable":true,"href":"https:\/\/tvtecjundiai.com.br\/news\/wp-json\/wp\/v2\/users\/30"}],"replies":[{"embeddable":true,"href":"https:\/\/tvtecjundiai.com.br\/news\/wp-json\/wp\/v2\/comments?post=104078"}],"version-history":[{"count":2,"href":"https:\/\/tvtecjundiai.com.br\/news\/wp-json\/wp\/v2\/posts\/104078\/revisions"}],"predecessor-version":[{"id":104085,"href":"https:\/\/tvtecjundiai.com.br\/news\/wp-json\/wp\/v2\/posts\/104078\/revisions\/104085"}],"wp:featuredmedia":[{"embeddable":true,"href":"https:\/\/tvtecjundiai.com.br\/news\/wp-json\/wp\/v2\/media\/104082"}],"wp:attachment":[{"href":"https:\/\/tvtecjundiai.com.br\/news\/wp-json\/wp\/v2\/media?parent=104078"}],"wp:term":[{"taxonomy":"category","embeddable":true,"href":"https:\/\/tvtecjundiai.com.br\/news\/wp-json\/wp\/v2\/categories?post=104078"},{"taxonomy":"post_tag","embeddable":true,"href":"https:\/\/tvtecjundiai.com.br\/news\/wp-json\/wp\/v2\/tags?post=104078"}],"curies":[{"name":"wp","href":"https:\/\/api.w.org\/{rel}","templated":true}]}}