{"id":104090,"date":"2023-01-25T14:46:26","date_gmt":"2023-01-25T17:46:26","guid":{"rendered":"https:\/\/tvtecjundiai.com.br\/news\/?p=104090"},"modified":"2023-01-25T14:46:27","modified_gmt":"2023-01-25T17:46:27","slug":"espetaculos-no-polytheama-encerram-a-programacao-de-ferias","status":"publish","type":"post","link":"https:\/\/tvtecjundiai.com.br\/news\/2023\/01\/25\/espetaculos-no-polytheama-encerram-a-programacao-de-ferias\/","title":{"rendered":"Espet\u00e1culos no Polytheama encerram a programa\u00e7\u00e3o de f\u00e9rias"},"content":{"rendered":"\n<p>As a\u00e7\u00f5es culturais gratuitas para crian\u00e7as em per\u00edodo de f\u00e9rias escolares desenvolvida pela Unidade de Gest\u00e3o de Cultura (UGC), \u201cF\u00e9rias na Cultura\u201d, traz neste final de semana para o palco do Teatro Polytheama, dois espet\u00e1culos de teatro infantil, sucesso de p\u00fablico e de cr\u00edtica: \u201cSimbad, o Navegante\u201d e \u201cMaria e os Insetos\u201d, encerrando a programa\u00e7\u00e3o \u201cDo Poly para as crian\u00e7as\u201d, que este ano reuniu cinco companhias teatrais de reconhecimento nacional.<\/p>\n\n\n\n<p>Segundo o diretor do teatro, Wagner Nacarato, a programa\u00e7\u00e3o de f\u00e9rias no Polytheama \u00e9 sempre esperada por pais e cuidadores, mas principalmente pelas crian\u00e7as. Na elabora\u00e7\u00e3o da programa\u00e7\u00e3o desse ano \u201cDo Poly para as crian\u00e7as\u201d, a UGC tamb\u00e9m quis contemplar os atores da cidade, que est\u00e3o acompanhando o trabalho dessas companhias, reciclando assim seus conhecimentos.<\/p>\n\n\n\n<p><strong>Os espet\u00e1culos<\/strong><\/p>\n\n\n\n<p>No s\u00e1bado (28), o p\u00fablico vai acompanhar os atores do Circo M\u00ednimo no espet\u00e1culo \u201cSimbad, o navegante\u201d.\u00a0As aventuras de Simbad s\u00e3o, na verdade as aventuras da humanidade, e n\u00e3o apenas as de um her\u00f3i. Essa cria\u00e7\u00e3o do Circo M\u00ednimo tem dire\u00e7\u00e3o de Carla Candiotto, o palha\u00e7o Ronaldo Aguiar e Rodrigo Matheus no elenco.<\/p>\n\n\n<div class=\"wp-block-image\">\n<figure class=\"aligncenter size-full\"><img loading=\"lazy\" decoding=\"async\" width=\"640\" height=\"403\" src=\"https:\/\/tvtecjundiai.com.br\/news\/wp-content\/uploads\/sites\/2\/2023\/01\/circo-minimo.jpg\" alt=\"\" class=\"wp-image-104091\" srcset=\"https:\/\/tvtecjundiai.com.br\/news\/wp-content\/uploads\/sites\/2\/2023\/01\/circo-minimo.jpg 640w, https:\/\/tvtecjundiai.com.br\/news\/wp-content\/uploads\/sites\/2\/2023\/01\/circo-minimo-300x189.jpg 300w\" sizes=\"auto, (max-width: 640px) 100vw, 640px\" \/><figcaption class=\"wp-element-caption\">Simbad, o Navegante no s\u00e1bado(28)<\/figcaption><\/figure>\n<\/div>\n\n\n<p>Quem conta a hist\u00f3ria de Simbad s\u00e3o dois artistas de rua que se confrontam o tempo todo, na cl\u00e1ssica situa\u00e7\u00e3o da dupla de palha\u00e7os \u2013 dois artistas mambembes que v\u00e3o de cidade em cidade, de pra\u00e7a em pra\u00e7a, contando suas hist\u00f3rias e sempre brigando, para ver quem far\u00e1 o her\u00f3i. Essa disputa conduz o humor, mas nunca os permite esquecer de contar a hist\u00f3ria. Com sua carro\u00e7a&nbsp;e as t\u00e9cnicas que o circo lhes ensinou, eles usam bambus para criar animais imensos, barcos, p\u00e1ssaros, serpentes, elefantes, desfiladeiros, ilhas.<\/p>\n\n\n\n<p>\u201cSimbad\u201d foi o espet\u00e1culo mais premiado de 2015 em S\u00e3o Paulo, recebendo os pr\u00eamios S\u00e3o Paulo de Incentivo ao Teatro Infantil e Jovem (antigo Coca-Cola Femsa)&nbsp;de&nbsp;Melhor Espet\u00e1culo do Ano,&nbsp;Melhor Dire\u00e7\u00e3o&nbsp;(Carla Candiotto),&nbsp;Melhor Ator&nbsp;(Ronaldo Aguiar) e&nbsp;Melhor Ilumina\u00e7\u00e3o&nbsp;(Wagner Freire). Foi o&nbsp;Melhor Espet\u00e1culo&nbsp;do ano segundo o jornal O Estado de S\u00e3o Paulo e&nbsp;segundo melhor espet\u00e1culo&nbsp;segundo o Jornal Folha de S\u00e3o Paulo. Em 2020, ganhou o Pr\u00eamio de Melhor Espet\u00e1culo Infantil no Festival on-line da cidade de Rolante, no Rio Grande do Sul.<\/p>\n\n\n\n<p>J\u00e1 no domingo (29), ser\u00e1 a vez da Cia. Delas de Teatro, apresenta o espet\u00e1culo \u201cMaria e os insetos\u201d. No final do s\u00e9culo XVII uma mulher decide explorar sozinha as enigm\u00e1ticas florestas tropicais do Suriname. L\u00e1 ela encontra calor, umidade, plantas ex\u00f3ticas e.\u2026 insetos! O que para alguns era motivo de repulsa, para ela era material de pesquisa. Seu olhar e paci\u00eancia em acompanhar o processo de metamorfose das borboletas revolucionou a maneira como esses animais foram compreendidos. A vida de Maria nos fala sobre determina\u00e7\u00e3o, coragem e persist\u00eancia.<\/p>\n\n\n<div class=\"wp-block-image\">\n<figure class=\"aligncenter size-full\"><img loading=\"lazy\" decoding=\"async\" width=\"614\" height=\"411\" src=\"https:\/\/tvtecjundiai.com.br\/news\/wp-content\/uploads\/sites\/2\/2023\/01\/cia-delas-de-teatro.jpg\" alt=\"\" class=\"wp-image-104092\" srcset=\"https:\/\/tvtecjundiai.com.br\/news\/wp-content\/uploads\/sites\/2\/2023\/01\/cia-delas-de-teatro.jpg 614w, https:\/\/tvtecjundiai.com.br\/news\/wp-content\/uploads\/sites\/2\/2023\/01\/cia-delas-de-teatro-300x201.jpg 300w\" sizes=\"auto, (max-width: 614px) 100vw, 614px\" \/><figcaption class=\"wp-element-caption\">Maria e os Insetos, no domingo(29)<\/figcaption><\/figure>\n<\/div>\n\n\n<p>Com dire\u00e7\u00e3o geral de&nbsp;Tha\u00eds Medeiros<strong>&nbsp;<\/strong>(diretora revela\u00e7\u00e3o do ano de 2019 no Pr\u00eamio APCA de Teatro Infantil e Jovem), dramaturgia da Companhia Delas de Teatro e com&nbsp;Fernanda Castello Branco,&nbsp;Julia Ianina&nbsp;e Paula Weinfeld&nbsp;no elenco, \u201cMaria e os insetos\u201d \u00e9 o segundo espet\u00e1culo da trilogia Mulheres e Ci\u00eancia, na qual a companhia conta para crian\u00e7as e adultos hist\u00f3rias de vida de mulheres que mudaram o curso da ci\u00eancia.<\/p>\n\n\n\n<p>Seguindo o mesmo princ\u00edpio que inspirou o espet\u00e1culo \u201cMary e os Monstros Marinhos\u201d, a vida de&nbsp;Maria<strong>&nbsp;<\/strong>Sybilla Merian&nbsp;e seu material de estudo serviram como base para a cria\u00e7\u00e3o de um espet\u00e1culo l\u00fadico, que une uma linda hist\u00f3ria de vida ao magnetismo da ci\u00eancia e seus desafios.&nbsp;<\/p>\n\n\n\n<p>Os ingressos \u2013 dois por pessoa \u2013 &nbsp;para os espet\u00e1culos podem ser retirados na bilheteria do Polytheama sempre um dia antes das apresenta\u00e7\u00f5es a partir das 10h30, ou pela internet pela plataforma Sympla.<\/p>\n\n\n\n<p>O Teatro Polytheama est\u00e1 localizado na rua Bar\u00e3o de Jundia\u00ed 176 \u2013 Centro. Mais informa\u00e7\u00f5es (11) 4586-2472.<\/p>\n\n\n\n<p><strong><em>(Fonte: Prefeitura de Jundia\u00ed\/Imagens: Divulga\u00e7\u00e3o)<\/em><\/strong><\/p>\n","protected":false},"excerpt":{"rendered":"<p>O p\u00fablico poder\u00e1 acompanhar as apresenta\u00e7\u00f5es \u201cSimbad, o Navegante\u201d e \u201cMaria e os Insetos\u201d<\/p>\n","protected":false},"author":30,"featured_media":104091,"comment_status":"closed","ping_status":"0","sticky":false,"template":"","format":"standard","meta":{"footnotes":""},"categories":[2833,8356,1],"tags":[],"class_list":["post-104090","post","type-post","status-publish","format-standard","has-post-thumbnail","hentry","category-cultura","category-jundiai","category-noticias"],"_links":{"self":[{"href":"https:\/\/tvtecjundiai.com.br\/news\/wp-json\/wp\/v2\/posts\/104090","targetHints":{"allow":["GET"]}}],"collection":[{"href":"https:\/\/tvtecjundiai.com.br\/news\/wp-json\/wp\/v2\/posts"}],"about":[{"href":"https:\/\/tvtecjundiai.com.br\/news\/wp-json\/wp\/v2\/types\/post"}],"author":[{"embeddable":true,"href":"https:\/\/tvtecjundiai.com.br\/news\/wp-json\/wp\/v2\/users\/30"}],"replies":[{"embeddable":true,"href":"https:\/\/tvtecjundiai.com.br\/news\/wp-json\/wp\/v2\/comments?post=104090"}],"version-history":[{"count":1,"href":"https:\/\/tvtecjundiai.com.br\/news\/wp-json\/wp\/v2\/posts\/104090\/revisions"}],"predecessor-version":[{"id":104093,"href":"https:\/\/tvtecjundiai.com.br\/news\/wp-json\/wp\/v2\/posts\/104090\/revisions\/104093"}],"wp:featuredmedia":[{"embeddable":true,"href":"https:\/\/tvtecjundiai.com.br\/news\/wp-json\/wp\/v2\/media\/104091"}],"wp:attachment":[{"href":"https:\/\/tvtecjundiai.com.br\/news\/wp-json\/wp\/v2\/media?parent=104090"}],"wp:term":[{"taxonomy":"category","embeddable":true,"href":"https:\/\/tvtecjundiai.com.br\/news\/wp-json\/wp\/v2\/categories?post=104090"},{"taxonomy":"post_tag","embeddable":true,"href":"https:\/\/tvtecjundiai.com.br\/news\/wp-json\/wp\/v2\/tags?post=104090"}],"curies":[{"name":"wp","href":"https:\/\/api.w.org\/{rel}","templated":true}]}}