{"id":104101,"date":"2023-01-25T17:19:49","date_gmt":"2023-01-25T20:19:49","guid":{"rendered":"https:\/\/tvtecjundiai.com.br\/news\/?p=104101"},"modified":"2023-01-25T17:32:50","modified_gmt":"2023-01-25T20:32:50","slug":"centros-esportivos-recebem-a-criancada-para-a-programacao-de-ferias-em-jundiai","status":"publish","type":"post","link":"https:\/\/tvtecjundiai.com.br\/news\/2023\/01\/25\/centros-esportivos-recebem-a-criancada-para-a-programacao-de-ferias-em-jundiai\/","title":{"rendered":"Centros Esportivos recebem a crian\u00e7ada para a programa\u00e7\u00e3o de f\u00e9rias em Jundia\u00ed"},"content":{"rendered":"\n<p>Realizado pela Unidade de Gest\u00e3o de Esporte e Lazer (UGEL), o \u201cProjeto F\u00e9rias em Fam\u00edlia\u201d retorna \u00e0 programa\u00e7\u00e3o dos Centros Educacionais, Culturais e Esportivos (CECEs) na pr\u00f3xima semana com programa\u00e7\u00e3o educacional e esportiva voltada \u00e0 crian\u00e7ada para preencher o per\u00edodo de f\u00e9rias escolares.<\/p>\n\n\n\n<p>Na quarta-feira (2), as atividades ser\u00e3o realizadas nos CECEs Francisco Siqueira Neto, localizado na Vila Maring\u00e1, e Ant\u00f4nio Marcussi, na Vila Cristo, das 8h30 \u00e0s 12h30. J\u00e1 na sexta-feira (3), ser\u00e1 a vez dos CECEs Benedito de Lima, que fica na Av. Osmundo dos Santos Pellegrini, e Mario Milani, em Ivoturucaia, receberem o p\u00fablico interessado.<\/p>\n\n\n\n<p>O projeto acontece todos os anos e de forma gratuita. \u201cProcuramos sempre trocar os locais de realiza\u00e7\u00e3o ano ap\u00f3s ano para atender todas as regi\u00f5es da cidade. Teremos brinquedos infl\u00e1veis e equipes da UGEL dispon\u00edveis para a realiza\u00e7\u00e3o das atividades com todos os que comparecerem\u201d, comenta Ana Paula Citelli, diretora do Departamento de Esporte Educacional e Participa\u00e7\u00e3o.<\/p>\n\n\n\n<figure class=\"wp-block-image\"><img decoding=\"async\" src=\"https:\/\/jundiai.sp.gov.br\/noticias\/wp-content\/uploads\/sites\/32\/2019\/10\/piso-modular-romao-256-1280x854.jpg\" alt=\"\" class=\"wp-image-237861\" \/><\/figure>\n\n\n\n<p>Fonte \/ Imagem: Prefeitura de Jundia\u00ed <\/p>\n","protected":false},"excerpt":{"rendered":"<p>O projeto acontece todos os anos e de forma gratuita. <\/p>\n","protected":false},"author":24,"featured_media":104102,"comment_status":"closed","ping_status":"0","sticky":false,"template":"","format":"standard","meta":{"footnotes":""},"categories":[2827],"tags":[],"class_list":["post-104101","post","type-post","status-publish","format-standard","has-post-thumbnail","hentry","category-esportes-e-lazer"],"_links":{"self":[{"href":"https:\/\/tvtecjundiai.com.br\/news\/wp-json\/wp\/v2\/posts\/104101","targetHints":{"allow":["GET"]}}],"collection":[{"href":"https:\/\/tvtecjundiai.com.br\/news\/wp-json\/wp\/v2\/posts"}],"about":[{"href":"https:\/\/tvtecjundiai.com.br\/news\/wp-json\/wp\/v2\/types\/post"}],"author":[{"embeddable":true,"href":"https:\/\/tvtecjundiai.com.br\/news\/wp-json\/wp\/v2\/users\/24"}],"replies":[{"embeddable":true,"href":"https:\/\/tvtecjundiai.com.br\/news\/wp-json\/wp\/v2\/comments?post=104101"}],"version-history":[{"count":2,"href":"https:\/\/tvtecjundiai.com.br\/news\/wp-json\/wp\/v2\/posts\/104101\/revisions"}],"predecessor-version":[{"id":104104,"href":"https:\/\/tvtecjundiai.com.br\/news\/wp-json\/wp\/v2\/posts\/104101\/revisions\/104104"}],"wp:featuredmedia":[{"embeddable":true,"href":"https:\/\/tvtecjundiai.com.br\/news\/wp-json\/wp\/v2\/media\/104102"}],"wp:attachment":[{"href":"https:\/\/tvtecjundiai.com.br\/news\/wp-json\/wp\/v2\/media?parent=104101"}],"wp:term":[{"taxonomy":"category","embeddable":true,"href":"https:\/\/tvtecjundiai.com.br\/news\/wp-json\/wp\/v2\/categories?post=104101"},{"taxonomy":"post_tag","embeddable":true,"href":"https:\/\/tvtecjundiai.com.br\/news\/wp-json\/wp\/v2\/tags?post=104101"}],"curies":[{"name":"wp","href":"https:\/\/api.w.org\/{rel}","templated":true}]}}