{"id":104121,"date":"2023-01-26T10:41:26","date_gmt":"2023-01-26T13:41:26","guid":{"rendered":"https:\/\/tvtecjundiai.com.br\/news\/?p=104121"},"modified":"2023-01-26T10:41:36","modified_gmt":"2023-01-26T13:41:36","slug":"festa-da-uva-continua-arrecadando-alimentos-nao-pereciveis-para-o-fundo-social","status":"publish","type":"post","link":"https:\/\/tvtecjundiai.com.br\/news\/2023\/01\/26\/festa-da-uva-continua-arrecadando-alimentos-nao-pereciveis-para-o-fundo-social\/","title":{"rendered":"Festa da Uva continua arrecadando alimentos n\u00e3o perec\u00edveis para o Fundo Social"},"content":{"rendered":"\n<p>Em Jundia\u00ed, a 38\u00aa Festa da Uva e 9\u00aa Expo Vinhos une divers\u00e3o e solidariedade. Isso porque o evento \u00e9 excelente op\u00e7\u00e3o de lazer em fam\u00edlia e, tamb\u00e9m, uma oportunidade de ajudar \u00e0queles que vivem em vulnerabilidade. Apesar da entrada gratuita, a organiza\u00e7\u00e3o da Festa sugere a doa\u00e7\u00e3o de um quilo de alimento n\u00e3o perec\u00edvel na portaria do Parque Comendador Antonio Carbonari. Nos dois primeiros finais de semana, a a\u00e7\u00e3o solid\u00e1ria recebeu 2.348 quilos de alimentos.<\/p>\n\n\n\n<p>Esta parceria com a Associa\u00e7\u00e3o Agr\u00edcola e as Unidades de Gest\u00e3o de Cultura (UGC) e de Agroneg\u00f3cio, Abastecimento e Turismo (UGAAT) ocorre desde 2017. Para participar da a\u00e7\u00e3o social, o visitante pode doar arroz, feij\u00e3o, macarr\u00e3o, leite longa vida, leite em p\u00f3 e \u00f3leo, entre outros produtos como farinha de trigo e fub\u00e1.<\/p>\n\n\n\n<figure class=\"wp-block-image size-large\"><img loading=\"lazy\" decoding=\"async\" width=\"1200\" height=\"801\" src=\"https:\/\/tvtecjundiai.com.br\/news\/wp-content\/uploads\/sites\/2\/2023\/01\/52642676356_54b42d0b52_o-1280x854-1-1200x801.jpg\" alt=\"\" class=\"wp-image-104122\" srcset=\"https:\/\/tvtecjundiai.com.br\/news\/wp-content\/uploads\/sites\/2\/2023\/01\/52642676356_54b42d0b52_o-1280x854-1-1200x801.jpg 1200w, https:\/\/tvtecjundiai.com.br\/news\/wp-content\/uploads\/sites\/2\/2023\/01\/52642676356_54b42d0b52_o-1280x854-1-300x200.jpg 300w, https:\/\/tvtecjundiai.com.br\/news\/wp-content\/uploads\/sites\/2\/2023\/01\/52642676356_54b42d0b52_o-1280x854-1-768x512.jpg 768w, https:\/\/tvtecjundiai.com.br\/news\/wp-content\/uploads\/sites\/2\/2023\/01\/52642676356_54b42d0b52_o-1280x854-1.jpg 1280w\" sizes=\"auto, (max-width: 1200px) 100vw, 1200px\" \/><figcaption class=\"wp-element-caption\">Popula\u00e7\u00e3o pode doar alimentos n\u00e3o perec\u00edveis na entrada da Festa<\/figcaption><\/figure>\n\n\n\n<p>De acordo com a primeira-dama e presidente do Fundo Social de Solidariedade de Jundia\u00ed (Funss), Vanessa Machado, a colabora\u00e7\u00e3o da popula\u00e7\u00e3o \u00e9 revertida para a Campanha Permanente, que atende mais de 100 entidades assistenciais cadastradas. \u201c\u00c9 muito importante que os visitantes, dentro de suas possibilidades, contribuam com este trabalho. A doa\u00e7\u00e3o feita \u00e9 transformada em cesta b\u00e1sica e comida na mesa de quem enfrenta dificuldades para se alimentar. Por isso, n\u00e3o importa a quantidade, toda ajuda \u00e9 bem-vinda\u201d, explicou.<\/p>\n\n\n\n<p><strong>Mais solidariedade<\/strong><\/p>\n\n\n\n<p>N\u00e3o \u00e0 toa, a Festa da Uva \u00e9 o maior evento de cunho social da cidade. Nesta segunda-feira (23), outras cinco institui\u00e7\u00f5es receberam frutas, legumes e verduras usados na decora\u00e7\u00e3o do segundo final de semana de evento. Foram elas: Casa da Fonte, Casa da Crian\u00e7a Nossa Senhora do Desterro, Lar Esp\u00edrita Vinha de Luz, Associa\u00e7\u00e3o Acolhimento Bom Pastor e Casa de Nazar\u00e9. Desde o in\u00edcio da programa\u00e7\u00e3o, 10 entidades j\u00e1 foram beneficiadas com esta frente de trabalho.<\/p>\n\n\n\n<figure class=\"wp-block-image size-large\"><img loading=\"lazy\" decoding=\"async\" width=\"1200\" height=\"801\" src=\"https:\/\/tvtecjundiai.com.br\/news\/wp-content\/uploads\/sites\/2\/2023\/01\/festa_entidades_decoracao-2-1280x854-1-1200x801.jpg\" alt=\"\" class=\"wp-image-104123\" srcset=\"https:\/\/tvtecjundiai.com.br\/news\/wp-content\/uploads\/sites\/2\/2023\/01\/festa_entidades_decoracao-2-1280x854-1-1200x801.jpg 1200w, https:\/\/tvtecjundiai.com.br\/news\/wp-content\/uploads\/sites\/2\/2023\/01\/festa_entidades_decoracao-2-1280x854-1-300x200.jpg 300w, https:\/\/tvtecjundiai.com.br\/news\/wp-content\/uploads\/sites\/2\/2023\/01\/festa_entidades_decoracao-2-1280x854-1-768x512.jpg 768w, https:\/\/tvtecjundiai.com.br\/news\/wp-content\/uploads\/sites\/2\/2023\/01\/festa_entidades_decoracao-2-1280x854-1.jpg 1280w\" sizes=\"auto, (max-width: 1200px) 100vw, 1200px\" \/><figcaption class=\"wp-element-caption\">Casa da Fonte foi uma das entidades beneficiadas nesta semana<\/figcaption><\/figure>\n\n\n\n<p>\u201cReceber esta doa\u00e7\u00e3o \u00e9 muito importante porque ajuda no combate \u00e0 fome, d\u00e1 a oportunidade de provar sabores n\u00e3o percebidos antes e, sobretudo, mostra para estas crian\u00e7as e estes adolescentes que as pessoas se importam\u201d, contou Maria Cristina Castilho de Andrade, diretora da Casa da Fonte. A institui\u00e7\u00e3o localizada no Jardim Novo Horizonte atende, hoje, 120 adultos e 189 crian\u00e7as e adolescentes.<\/p>\n\n\n\n<p>A 38\u00aa Festa da Uva e 9\u00aa Expo Vinhos abre seus port\u00f5es nas sextas-feiras \u00e0s 18h e \u00e0s 10h aos s\u00e1bados e domingos. A programa\u00e7\u00e3o completa do final de semana pode ser acessada no\u00a0<a href=\"https:\/\/festadauva.jundiai.sp.gov.br\/\">site oficial da festa<\/a>.<\/p>\n\n\n\n<p><em><strong>(Fonte\/Imagens: Prefeitura de Jundia\u00ed)<\/strong><\/em><\/p>\n","protected":false},"excerpt":{"rendered":"<p>Nos dois primeiros finais de semana, a a\u00e7\u00e3o solid\u00e1ria recebeu 2.348 quilos de alimentos<\/p>\n","protected":false},"author":30,"featured_media":104122,"comment_status":"closed","ping_status":"0","sticky":false,"template":"","format":"standard","meta":{"footnotes":""},"categories":[8356,1],"tags":[],"class_list":["post-104121","post","type-post","status-publish","format-standard","has-post-thumbnail","hentry","category-jundiai","category-noticias"],"_links":{"self":[{"href":"https:\/\/tvtecjundiai.com.br\/news\/wp-json\/wp\/v2\/posts\/104121","targetHints":{"allow":["GET"]}}],"collection":[{"href":"https:\/\/tvtecjundiai.com.br\/news\/wp-json\/wp\/v2\/posts"}],"about":[{"href":"https:\/\/tvtecjundiai.com.br\/news\/wp-json\/wp\/v2\/types\/post"}],"author":[{"embeddable":true,"href":"https:\/\/tvtecjundiai.com.br\/news\/wp-json\/wp\/v2\/users\/30"}],"replies":[{"embeddable":true,"href":"https:\/\/tvtecjundiai.com.br\/news\/wp-json\/wp\/v2\/comments?post=104121"}],"version-history":[{"count":1,"href":"https:\/\/tvtecjundiai.com.br\/news\/wp-json\/wp\/v2\/posts\/104121\/revisions"}],"predecessor-version":[{"id":104124,"href":"https:\/\/tvtecjundiai.com.br\/news\/wp-json\/wp\/v2\/posts\/104121\/revisions\/104124"}],"wp:featuredmedia":[{"embeddable":true,"href":"https:\/\/tvtecjundiai.com.br\/news\/wp-json\/wp\/v2\/media\/104122"}],"wp:attachment":[{"href":"https:\/\/tvtecjundiai.com.br\/news\/wp-json\/wp\/v2\/media?parent=104121"}],"wp:term":[{"taxonomy":"category","embeddable":true,"href":"https:\/\/tvtecjundiai.com.br\/news\/wp-json\/wp\/v2\/categories?post=104121"},{"taxonomy":"post_tag","embeddable":true,"href":"https:\/\/tvtecjundiai.com.br\/news\/wp-json\/wp\/v2\/tags?post=104121"}],"curies":[{"name":"wp","href":"https:\/\/api.w.org\/{rel}","templated":true}]}}