{"id":104144,"date":"2023-01-26T15:09:53","date_gmt":"2023-01-26T18:09:53","guid":{"rendered":"https:\/\/tvtecjundiai.com.br\/news\/?p=104144"},"modified":"2023-01-27T09:27:35","modified_gmt":"2023-01-27T12:27:35","slug":"paulistao-supermercados-esta-com-vagas-de-emprego-abertas-em-jundiai","status":"publish","type":"post","link":"https:\/\/tvtecjundiai.com.br\/news\/2023\/01\/26\/paulistao-supermercados-esta-com-vagas-de-emprego-abertas-em-jundiai\/","title":{"rendered":"Peralta Supermercados est\u00e1 com vagas de emprego abertas em Jundia\u00ed"},"content":{"rendered":"\n<p>A Rede Peralta de Supermercados est\u00e1 com 23 vagas de emprego abertas em Jundia\u00ed, para a unidade do Jardim Pitangueiras I. As oportunidades s\u00e3o para fiscal de seguran\u00e7a, faxineiro, balconista de a\u00e7ougue, repositor de mercadorias, operador de caixa e atendente balconista. <\/p>\n\n\n\n<p>Os interessados podem se inscrever pelo <a href=\"https:\/\/web.jundiai.sp.gov.br\/PMJ\/emprega\/Vaga#\" data-type=\"URL\" data-id=\"https:\/\/web.jundiai.sp.gov.br\/PMJ\/emprega\/Vaga#\">portal Jundia\u00ed Empreendedora<\/a>, da Prefeitura de Jundia\u00ed. Basta digitar &#8220;Paulist\u00e3o&#8221;, outro nome dos mercados da rede, e clicar em \u201cBuscar\u201d.<\/p>\n\n\n<div class=\"wp-block-image\">\n<figure class=\"aligncenter size-full is-resized\"><img loading=\"lazy\" decoding=\"async\" src=\"https:\/\/tvtecjundiai.com.br\/news\/wp-content\/uploads\/sites\/2\/2023\/01\/peralta.jpg\" alt=\"\" class=\"wp-image-104166\" width=\"564\" height=\"411\" srcset=\"https:\/\/tvtecjundiai.com.br\/news\/wp-content\/uploads\/sites\/2\/2023\/01\/peralta.jpg 705w, https:\/\/tvtecjundiai.com.br\/news\/wp-content\/uploads\/sites\/2\/2023\/01\/peralta-300x219.jpg 300w\" sizes=\"auto, (max-width: 564px) 100vw, 564px\" \/><\/figure>\n<\/div>\n\n\n<p><strong>Vagas &#8211; Paulist\u00e3o Supermercados<\/strong><\/p>\n\n\n\n<p><strong>Fiscal de seguran\u00e7a &#8211; 3 vagas<\/strong><\/p>\n\n\n\n<p><em>Requisitos:<\/em> Ensino m\u00e9dio completo.<\/p>\n\n\n\n<p><strong>Faxineiro &#8211; 6 vagas<\/strong><\/p>\n\n\n\n<p><em>Requisitos:<\/em> Ensino fundamental completo.<\/p>\n\n\n\n<p><strong>Balconista de a\u00e7ougue &#8211; 8 vagas<\/strong><\/p>\n\n\n\n<p><em>Requisitos:<\/em> Ensino fundamental completo.<\/p>\n\n\n\n<p><strong>Repositor de mercadorias &#8211; 4 vagas, uma delas para PCD (pessoa com defici\u00eancia)<\/strong><\/p>\n\n\n\n<p><em>Requisitos:<\/em> Ensino fundamental completo para as 3 vagas e incompleto para a vaga para PCD.<\/p>\n\n\n\n<p><strong>Operador de caixa &#8211; 1 vaga para PCD (pessoa com defici\u00eancia)<\/strong><\/p>\n\n\n\n<p><em>Requisitos:<\/em> Ensino fundamental completo.<\/p>\n\n\n\n<p><strong>Atendente balconista &#8211; 1 vaga<\/strong><\/p>\n\n\n\n<p><em>Requisitos:<\/em> Ensino fundamental completo.<\/p>\n\n\n\n<p><strong><em>(Fonte: TVTEC Jundia\u00ed\/Imagem: Paulist\u00e3o\/Divulga\u00e7\u00e3o)<\/em><\/strong><\/p>\n","protected":false},"excerpt":{"rendered":"<p>Os interessados podem se inscrever pelo portal Jundia\u00ed Empreendedora<\/p>\n","protected":false},"author":30,"featured_media":104166,"comment_status":"closed","ping_status":"0","sticky":false,"template":"","format":"standard","meta":{"footnotes":""},"categories":[5038,8363,8356,1],"tags":[],"class_list":["post-104144","post","type-post","status-publish","format-standard","has-post-thumbnail","hentry","category-emprego","category-emprego-2","category-jundiai","category-noticias"],"_links":{"self":[{"href":"https:\/\/tvtecjundiai.com.br\/news\/wp-json\/wp\/v2\/posts\/104144","targetHints":{"allow":["GET"]}}],"collection":[{"href":"https:\/\/tvtecjundiai.com.br\/news\/wp-json\/wp\/v2\/posts"}],"about":[{"href":"https:\/\/tvtecjundiai.com.br\/news\/wp-json\/wp\/v2\/types\/post"}],"author":[{"embeddable":true,"href":"https:\/\/tvtecjundiai.com.br\/news\/wp-json\/wp\/v2\/users\/30"}],"replies":[{"embeddable":true,"href":"https:\/\/tvtecjundiai.com.br\/news\/wp-json\/wp\/v2\/comments?post=104144"}],"version-history":[{"count":3,"href":"https:\/\/tvtecjundiai.com.br\/news\/wp-json\/wp\/v2\/posts\/104144\/revisions"}],"predecessor-version":[{"id":104167,"href":"https:\/\/tvtecjundiai.com.br\/news\/wp-json\/wp\/v2\/posts\/104144\/revisions\/104167"}],"wp:featuredmedia":[{"embeddable":true,"href":"https:\/\/tvtecjundiai.com.br\/news\/wp-json\/wp\/v2\/media\/104166"}],"wp:attachment":[{"href":"https:\/\/tvtecjundiai.com.br\/news\/wp-json\/wp\/v2\/media?parent=104144"}],"wp:term":[{"taxonomy":"category","embeddable":true,"href":"https:\/\/tvtecjundiai.com.br\/news\/wp-json\/wp\/v2\/categories?post=104144"},{"taxonomy":"post_tag","embeddable":true,"href":"https:\/\/tvtecjundiai.com.br\/news\/wp-json\/wp\/v2\/tags?post=104144"}],"curies":[{"name":"wp","href":"https:\/\/api.w.org\/{rel}","templated":true}]}}