{"id":104154,"date":"2023-01-26T16:40:45","date_gmt":"2023-01-26T19:40:45","guid":{"rendered":"https:\/\/tvtecjundiai.com.br\/news\/?p=104154"},"modified":"2023-01-26T16:40:46","modified_gmt":"2023-01-26T19:40:46","slug":"agenda-cultural-final-de-semana-recheado-de-atracoes","status":"publish","type":"post","link":"https:\/\/tvtecjundiai.com.br\/news\/2023\/01\/26\/agenda-cultural-final-de-semana-recheado-de-atracoes\/","title":{"rendered":"Agenda Cultural: Final de semana recheado de atra\u00e7\u00f5es"},"content":{"rendered":"\n<p>O \u00faltimo final de semana de janeiro em Jundia\u00ed promete ser dos mais agitados e de muita divers\u00e3o para pessoas de todas as idades. E o mais importante: toda programa\u00e7\u00e3o oferecida pela Prefeitura de Jundia\u00ed, por meio da Unidade de Gest\u00e3o de Cultura (UGC), tem entrada gratuita.<\/p>\n\n\n\n<p>O Parque Comendador Ant\u00f4nio Carbonari \u2013 Parque da Uva \u2013 dever\u00e1 ser o local mais procurado n\u00e3o s\u00f3 pelos moradores da cidade, mas pessoas de todo o Pa\u00eds. Em dois finais de semana, mais de 110 mil pessoas j\u00e1 visitaram a 38\u00aa edi\u00e7\u00e3o da Festa da Uva e a 9\u00aa Expo Vinhos 2023 e aproveitaram as diversas atra\u00e7\u00f5es culturais e recreativas, experimentaram as del\u00edcias gastron\u00f4micas e conheceram a diversidade do artesanato produzido pelos integrantes do Projeto Jundia\u00ed Feito \u00e0 M\u00e3o.<\/p>\n\n\n\n<figure class=\"wp-block-image\"><img decoding=\"async\" src=\"https:\/\/jundiai.sp.gov.br\/noticias\/wp-content\/uploads\/sites\/32\/2023\/01\/festa2-1280x854.jpg\" alt=\"\" class=\"wp-image-309895\" \/><figcaption class=\"wp-element-caption\"><strong>A uva \u00e9 a grande estrela da Festa<\/strong><\/figcaption><\/figure>\n\n\n\n<p>A uva, continua sendo a maior atra\u00e7\u00e3o da festa. A exposi\u00e7\u00e3o da fruta atrai os visitantes n\u00e3o apenas pela beleza, mas pela forma que \u00e9 apresentada pelos agricultores, que est\u00e3o expondo os seus melhores resultados. A venda da uva, bem como de outras frutas tamb\u00e9m se destacam na edi\u00e7\u00e3o desse ano.<\/p>\n\n\n\n<p>E o terceiro final de semana da festa da Uva e Expo Vinhos come\u00e7a nesta sexta-feira (27), a partir das 18h, quando os port\u00f5es do Parque ser\u00e3o abertos para receber os visitantes. Shows musicais, performances teatrais, oficinas e brincadeiras estar\u00e3o acontecendo. A programa\u00e7\u00e3o completa &nbsp;pode ser acessada no&nbsp;<a href=\"https:\/\/5by.me\/festadauva\/programacao\/\" target=\"_blank\" rel=\"noreferrer noopener\">site oficial da Festa da Uva<\/a><\/p>\n\n\n\n<p>Mas a Unidade de Gest\u00e3o de Cultura (UGC) programou outras a\u00e7\u00f5es para atender, com atra\u00e7\u00f5es gratuitas em seus equipamentos culturais, como o \u201cF\u00e9rias na Cultura\u201d ou \u201c Do Poly para as crian\u00e7as\u201d, na sua \u00faltima semana. Confira a programa\u00e7\u00e3o de cada equipamento:<\/p>\n\n\n\n<p><a href=\"https:\/\/biblioteca.jundiai.sp.gov.br\/\"><strong>Biblioteca Municipal Professor Nelson Foot<\/strong><\/a><strong><\/strong><\/p>\n\n\n\n<p>No s\u00e1bado (28), duas a\u00e7\u00f5es programadas: das 10h \u00e0s 12h, a segunda e \u00faltima aula do Curso Livre: manual pr\u00e1tico para leitura, com o professor Gustavo Salmazo.<\/p>\n\n\n\n<figure class=\"wp-block-image size-large\"><img loading=\"lazy\" decoding=\"async\" width=\"1200\" height=\"900\" src=\"https:\/\/tvtecjundiai.com.br\/news\/wp-content\/uploads\/sites\/2\/2023\/01\/image-2-1200x900.png\" alt=\"\" class=\"wp-image-104155\" srcset=\"https:\/\/tvtecjundiai.com.br\/news\/wp-content\/uploads\/sites\/2\/2023\/01\/image-2-1200x900.png 1200w, https:\/\/tvtecjundiai.com.br\/news\/wp-content\/uploads\/sites\/2\/2023\/01\/image-2-300x225.png 300w, https:\/\/tvtecjundiai.com.br\/news\/wp-content\/uploads\/sites\/2\/2023\/01\/image-2-768x576.png 768w, https:\/\/tvtecjundiai.com.br\/news\/wp-content\/uploads\/sites\/2\/2023\/01\/image-2.png 1280w\" sizes=\"auto, (max-width: 1200px) 100vw, 1200px\" \/><figcaption class=\"wp-element-caption\"><strong>A Fruta sem Nome \u00e9 o espet\u00e1culo<\/strong> <strong>de s\u00e1bado na Biblioteca<\/strong><\/figcaption><\/figure>\n\n\n\n<p>E das 11h \u00e0s 12h, os atores da Cia. Ca\u00e7a Vento e Artes, apresentam a cota\u00e7\u00e3o de hist\u00f3ria \u201c A fruta sem nome\u201d. Com bonecos manipulados e jogos com o p\u00fablico, os atores recriam hist\u00f3rias do repert\u00f3rio infantil, tendo como base a lenda popular \u201cA fruta sem nome\u201d, relida por autores como Clarice Lispector e Monteiro Lobato.<\/p>\n\n\n\n<p>A Biblioteca est\u00e1 localizada na avenida Dr. Cavalcanti, 396 \u2013 Complexo Argos, Vila Arens. A entrada \u00e9 gratuita e o hor\u00e1rio de atendimento durante a semana \u00e9 das 9h \u00e0s 21h e aos s\u00e1bados e feriados das 9h \u00e0s 13h.&nbsp; Mais informa\u00e7\u00f5es 4527.2110.<\/p>\n\n\n\n<p><a href=\"https:\/\/cultura.jundiai.sp.gov.br\/espacos-culturais\/fabrica-das-infancias-japy\/\"><strong>F\u00e1brica das Inf\u00e2ncias Japy<\/strong><\/a><\/p>\n\n\n\n<p>A F\u00e1brica das Inf\u00e2ncias Japy recebe neste final de semana as seguintes apresenta\u00e7\u00f5es para o p\u00fablico infanto-juvenil:<\/p>\n\n\n\n<p>Nesta sexta-feira (27), a partir das 14h, aberto para crian\u00e7as de 05 a 12 anos, oficina de musicaliza\u00e7\u00e3o: \u201c Musicando com jogos\u201d, sob a orienta\u00e7\u00e3o dos m\u00fasicos J\u00e9ssica e Abimael Reis. A oficina se desenvolve por meio de atividades musicais envolvendo senso r\u00edtmico, dan\u00e7a e improvisa\u00e7\u00e3o musical junto com movimentos corporais.<\/p>\n\n\n<div class=\"wp-block-image\">\n<figure class=\"aligncenter\"><img decoding=\"async\" src=\"https:\/\/jundiai.sp.gov.br\/noticias\/wp-content\/uploads\/sites\/32\/2023\/01\/cururu-1.png\" alt=\"\" class=\"wp-image-309900\" \/><figcaption class=\"wp-element-caption\"><strong>\u201cCantinhos do Cururu\u201d no s\u00e1bado<\/strong><\/figcaption><\/figure>\n<\/div>\n\n\n<p>No s\u00e1bado (28), 10h30, \u201cCantinhos do Cururu\u201d, com Cururu Cantorias. A apresenta\u00e7\u00e3o inicia-se com performances em intera\u00e7\u00e3o com o p\u00fablico, buscando atrair aten\u00e7\u00e3o e gerar expectativa para o \u201cshow\u201d, tirando proveito da espontaneidade da palha\u00e7aria. Uma proposta para crian\u00e7as de 04 a 06 anos.<\/p>\n\n\n\n<p>E finalmente no domingo (29), 10h30, show musical infantil de MPB \u201c Rhanna na Cidade das Crian\u00e7as\u201d, para crian\u00e7as de 07 a 11 anos. Com uma forma\u00e7\u00e3o de musicistas femininas, com seus instrumentos: Violino, Violoncelo, Piano\/Piano El\u00e9trico e o instrumento \u00e1rabe Snuj apresentam um repert\u00f3rio de cl\u00e1ssicos da m\u00fasica brasileira compostos para o universo infantil.&nbsp;<\/p>\n\n\n\n<p>A F\u00e1brica Japy est\u00e1 localizada na rua Lacerda Franco, 175, Vila Arens. Mais informa\u00e7\u00f5es 4521.0971. Entrada gratuita com hor\u00e1rio de funcionamento no s\u00e1bado e domingo \u00e9 das 9h \u00e0s 13h.<\/p>\n\n\n\n<p><a href=\"https:\/\/cultura.jundiai.sp.gov.br\/espacos-culturais\/museu-historico-e-cultural-de-jundiai\/\"><strong>Museu Hist\u00f3rico e Cultural de Jundia\u00ed<\/strong><\/a><\/p>\n\n\n\n<p>O Museu Hist\u00f3rico e Cultural \u2013 Solar do Bar\u00e3o, bem como seu jardim, s\u00e3o uma excelente op\u00e7\u00e3o de lazer e cultura. A exposi\u00e7\u00e3o \u201cPatrim\u00f4nios Culturais de Jundia\u00ed\u201d \u00e9 o destaque no local. Com entrada gratuita, a exposi\u00e7\u00e3o \u00e9 uma viagem pelas salas, por acervos que constroem m\u00faltiplas, por\u00e9m nem sempre percept\u00edveis, identidades culturais de Jundia\u00ed, rendendo uma homenagem a lugares e personalidades relevantes da Hist\u00f3ria da cidade.<\/p>\n\n\n\n<figure class=\"wp-block-image size-large\"><img loading=\"lazy\" decoding=\"async\" width=\"1200\" height=\"800\" src=\"https:\/\/tvtecjundiai.com.br\/news\/wp-content\/uploads\/sites\/2\/2023\/01\/image-3-1200x800.png\" alt=\"\" class=\"wp-image-104156\" srcset=\"https:\/\/tvtecjundiai.com.br\/news\/wp-content\/uploads\/sites\/2\/2023\/01\/image-3-1200x800.png 1200w, https:\/\/tvtecjundiai.com.br\/news\/wp-content\/uploads\/sites\/2\/2023\/01\/image-3-300x200.png 300w, https:\/\/tvtecjundiai.com.br\/news\/wp-content\/uploads\/sites\/2\/2023\/01\/image-3-768x512.png 768w, https:\/\/tvtecjundiai.com.br\/news\/wp-content\/uploads\/sites\/2\/2023\/01\/image-3.png 1280w\" sizes=\"auto, (max-width: 1200px) 100vw, 1200px\" \/><\/figure>\n\n\n\n<p>O Solar do Bar\u00e3o est\u00e1 localizado na rua Bar\u00e3o de Jundia\u00ed, 762, Centro. Aberto na sexta, s\u00e1bado e domingo, das 10h \u00e0s 17h. Mais informa\u00e7\u00f5es 4521.6259.<\/p>\n\n\n\n<p><strong>Museu Ferrovi\u00e1rio<\/strong><\/p>\n\n\n\n<p>No local o visitante poder\u00e1 conferir a exposi\u00e7\u00e3o: \u201cFerrovias\u2026 muito al\u00e9m dos trilhos\u201d, que, dividida em duas salas, \u00e9 uma homenagem \u00e0s contribui\u00e7\u00f5es da ferrovia e dos ferrovi\u00e1rios, tanto no mundo, como no Brasil e em Jundia\u00ed.<\/p>\n\n\n\n<figure class=\"wp-block-image\"><img decoding=\"async\" src=\"https:\/\/jundiai.sp.gov.br\/noticias\/wp-content\/uploads\/sites\/32\/2023\/01\/museu-ferroviario_fm_-21-1280x853.jpg\" alt=\"\" class=\"wp-image-309905\" \/><figcaption class=\"wp-element-caption\">A hist\u00f3ria da ferrovia em exposi\u00e7\u00e3o<\/figcaption><\/figure>\n\n\n\n<p>Por meio de documentos, fotos, r\u00e9plicas e pain\u00e9is interativos, a exposi\u00e7\u00e3o visa narrar n\u00e3o s\u00f3 a import\u00e2ncia da ferrovia para o desenvolvimento local e mundial, como tamb\u00e9m a import\u00e2ncia de seus trabalhadores e trabalhadoras.<\/p>\n\n\n\n<p>O Museu Ferrovi\u00e1rio est\u00e1 localizado na avenida Uni\u00e3o dos Ferrovi\u00e1rios, 1.760 \u2013 Espa\u00e7o Expressa (antigo Complexo Fepasa). Aberto de ter\u00e7a-feira a domingo, (inclusive nos feriados) das 10h \u00e0s 17h. Entrada gratuita. Mais informa\u00e7\u00f5es: 4589.6800<\/p>\n\n\n\n<p><a href=\"https:\/\/cultura.jundiai.sp.gov.br\/espacos-culturais\/centro-jundiaiense-de-cultura-jorosil\/pinacoteca-diogenes-duarte-paes\/\"><strong>Pinacoteca Municipal Di\u00f3genes Duarte Paes<\/strong><\/a><\/p>\n\n\n\n<p>Com entrada gratuita o p\u00fablico poder\u00e1 visitar a exposi\u00e7\u00e3o \u201c Palavras em Coisas\u201d, que re\u00fane as obras das artistas Anna Souza e Camila Brand\u00e3o, uma mostra que mobiliza a sobreposi\u00e7\u00e3o de sentidos dentro das m\u00faltiplas linguagens das artes visuais, flexionando as manifesta\u00e7\u00f5es semi\u00f3ticas da lingu\u00edstica e construindo plasticamente um universo de possibilidades.<\/p>\n\n\n\n<figure class=\"wp-block-image\"><img decoding=\"async\" src=\"https:\/\/jundiai.sp.gov.br\/noticias\/wp-content\/uploads\/sites\/32\/2023\/01\/pinacoteca-4.jpg\" alt=\"\" class=\"wp-image-309906\" \/><figcaption class=\"wp-element-caption\">Para quem gosta de exposi\u00e7\u00f5es a Pinacoteca \u00e9 parada obrigat\u00f3ria<\/figcaption><\/figure>\n\n\n\n<p>Outra possibilidade ser\u00e1 a de conferir as exposi\u00e7\u00f5es montadas com as obras da reserva t\u00e9cnica da Pinacoteca, como as obras de&nbsp;Di\u00f3genes Duarte Paes, \u00c9lvio Santiago e&nbsp;Inos Corradin.<\/p>\n\n\n\n<p>A Pinacoteca est\u00e1 localizada na rua Bar\u00e3o de Jundia\u00ed, 109, Centro e est\u00e1 aberta para visita\u00e7\u00e3o de ter\u00e7a-feira a domingo das 10h \u00e0s 17h, inclusive nos feriados. Mais informa\u00e7\u00f5es 4568.2326.<\/p>\n\n\n\n<p><a href=\"https:\/\/cultura.jundiai.sp.gov.br\/espacos-culturais\/teatropolytheama\/\"><strong>Teatro Polytheama<\/strong><\/a><\/p>\n\n\n\n<p>Pela programa\u00e7\u00e3o de \u201cF\u00e9rias na Cultura\u201d, o Teatro traz como programa\u00e7\u00e3o os dois \u00faltimos espet\u00e1culos da a\u00e7\u00e3o \u2018Do Poly para as crian\u00e7as\u2019, A entrada \u00e9 gratuita e as apresenta\u00e7\u00f5es acontecem sempre \u00e0s 16h.<\/p>\n\n\n\n<p>Neste s\u00e1bado (28), \u201c Simbad, o Navegante\u201d, com atores do Circo M\u00ednimo. E no domingo (29), \u201c Maria e os Insetos\u201d, com a Cia. Delas de Teatro. As sinopses dos dois espet\u00e1culos podem ser conferidas&nbsp;<a href=\"https:\/\/jundiai.sp.gov.br\/noticias\/2023\/01\/25\/do-poly-para-as-criancas-dois-espetaculos-de-teatro-infantil-encerram-a-programacao-de-ferias-no-final-de-semana\/\" target=\"_blank\" rel=\"noreferrer noopener\">no link.<\/a><\/p>\n\n\n\n<figure class=\"wp-block-image\"><img decoding=\"async\" src=\"https:\/\/jundiai.sp.gov.br\/noticias\/wp-content\/uploads\/sites\/32\/2023\/01\/poly1.jpg\" alt=\"\" class=\"wp-image-309908\" \/><figcaption class=\"wp-element-caption\"><strong>Simbad, o navegante , s\u00e1bado 28<\/strong><\/figcaption><\/figure>\n\n\n\n<p>Os ingressos para cada um dos espet\u00e1culos ficar\u00e3o dispon\u00edveis para retirada na bilheteria do teatro e&nbsp;<a href=\"https:\/\/www.sympla.com.br\/eventos?s=polytheama&amp;tab=eventos&amp;ordem=date\" target=\"_blank\" rel=\"noreferrer noopener\"><strong>pela internet, na plataforma Sympla<\/strong><\/a>, \u00e0s 10h30 do dia anterior a cada apresenta\u00e7\u00e3o. Cada interessado poder\u00e1 retirar at\u00e9 dois ingressos.<\/p>\n\n\n\n<p>O Polytheama fica na rua Bar\u00e3o de Jundia\u00ed, 176 \u2013 Centro. Mais informa\u00e7\u00f5es pelo telefone 4586-2472.<\/p>\n\n\n\n<p><strong>Galeria de Artes Fernanda Milani (anexa) ao teatro Polytheama<\/strong><\/p>\n\n\n\n<p>O p\u00fablico poder\u00e1 conferir a exposi\u00e7\u00e3o \u201c Nebulosas\u201d, da artista Gina Dinucci, mestra em Artes Visuais pela Universidade Estadual Paulista (IA-Unesp).<\/p>\n\n\n\n<figure class=\"wp-block-image\"><img decoding=\"async\" src=\"https:\/\/jundiai.sp.gov.br\/noticias\/wp-content\/uploads\/sites\/32\/2023\/01\/galeria-de-arte-fernanda-perracini-milano-anexo-polytheama-exposicao-nebulosas-artista-gina-dinucci_fm_-10-1-1280x854.jpg\" alt=\"\" class=\"wp-image-309912\" \/><figcaption class=\"wp-element-caption\">\u201cNebulosas\u201d a arte de Gina Dinucci em exposi\u00e7\u00e3o<\/figcaption><\/figure>\n\n\n\n<p>O projeto constitui-se em cinco pinturas produzidas em aquarela sobre papel de 1,5mx4,9m, resultado das ilustra\u00e7\u00f5es criadas para um projeto futuro: um livro infantil.<\/p>\n\n\n\n<p>O hor\u00e1rio de funcionamento da Galeria \u00e9 de ter\u00e7a a sexta-feira das 9h \u00e0s 12h e das 13h \u00e0s 17h; e aos s\u00e1bados das 10h \u00e0s 13h. Entrada gratuita.<\/p>\n\n\n\n<p><strong><em>(Fonte\/Imagem: Prefeitura de Jundia\u00ed)<\/em><\/strong><\/p>\n","protected":false},"excerpt":{"rendered":"<p>Toda programa\u00e7\u00e3o oferecida pela Prefeitura de Jundia\u00ed, por meio da Unidade de Gest\u00e3o de Cultura, tem entrada gratuita.<\/p>\n","protected":false},"author":27,"featured_media":104157,"comment_status":"closed","ping_status":"0","sticky":false,"template":"","format":"standard","meta":{"footnotes":""},"categories":[2833,8356],"tags":[],"class_list":["post-104154","post","type-post","status-publish","format-standard","has-post-thumbnail","hentry","category-cultura","category-jundiai"],"_links":{"self":[{"href":"https:\/\/tvtecjundiai.com.br\/news\/wp-json\/wp\/v2\/posts\/104154","targetHints":{"allow":["GET"]}}],"collection":[{"href":"https:\/\/tvtecjundiai.com.br\/news\/wp-json\/wp\/v2\/posts"}],"about":[{"href":"https:\/\/tvtecjundiai.com.br\/news\/wp-json\/wp\/v2\/types\/post"}],"author":[{"embeddable":true,"href":"https:\/\/tvtecjundiai.com.br\/news\/wp-json\/wp\/v2\/users\/27"}],"replies":[{"embeddable":true,"href":"https:\/\/tvtecjundiai.com.br\/news\/wp-json\/wp\/v2\/comments?post=104154"}],"version-history":[{"count":1,"href":"https:\/\/tvtecjundiai.com.br\/news\/wp-json\/wp\/v2\/posts\/104154\/revisions"}],"predecessor-version":[{"id":104158,"href":"https:\/\/tvtecjundiai.com.br\/news\/wp-json\/wp\/v2\/posts\/104154\/revisions\/104158"}],"wp:featuredmedia":[{"embeddable":true,"href":"https:\/\/tvtecjundiai.com.br\/news\/wp-json\/wp\/v2\/media\/104157"}],"wp:attachment":[{"href":"https:\/\/tvtecjundiai.com.br\/news\/wp-json\/wp\/v2\/media?parent=104154"}],"wp:term":[{"taxonomy":"category","embeddable":true,"href":"https:\/\/tvtecjundiai.com.br\/news\/wp-json\/wp\/v2\/categories?post=104154"},{"taxonomy":"post_tag","embeddable":true,"href":"https:\/\/tvtecjundiai.com.br\/news\/wp-json\/wp\/v2\/tags?post=104154"}],"curies":[{"name":"wp","href":"https:\/\/api.w.org\/{rel}","templated":true}]}}