{"id":104172,"date":"2023-01-27T10:34:35","date_gmt":"2023-01-27T13:34:35","guid":{"rendered":"https:\/\/tvtecjundiai.com.br\/news\/?p=104172"},"modified":"2023-01-27T10:34:36","modified_gmt":"2023-01-27T13:34:36","slug":"21a-festa-do-padroeiro-da-paroquia-sao-joao-bosco-comeca-neste-sabado-28","status":"publish","type":"post","link":"https:\/\/tvtecjundiai.com.br\/news\/2023\/01\/27\/21a-festa-do-padroeiro-da-paroquia-sao-joao-bosco-comeca-neste-sabado-28\/","title":{"rendered":"21\u00aa Festa do Padroeiro da Par\u00f3quia S\u00e3o Jo\u00e3o Bosco come\u00e7a neste s\u00e1bado (28)"},"content":{"rendered":"\n<p>A 21\u00aa Festa do Padroeiro da Par\u00f3quia S\u00e3o Jo\u00e3o Bosco come\u00e7a neste s\u00e1bado (28), no bairro Eloy Chaves, em Jundia\u00ed. A entrada \u00e9 gratuita.<\/p>\n\n\n\n<p>A \u00faltima edi\u00e7\u00e3o da festa foi em 2020 e as expectativas para retomada est\u00e3o altas. Ser\u00e3o tr\u00eas finais de semana: 28 e 29 de janeiro, 4, 5, 11 e 12 de fevereiro.<\/p>\n\n\n\n<p>Os visitantes encontrar\u00e3o um card\u00e1pio variado, com por\u00e7\u00f5es de batata frita, massas, calabresa, pernil, churrasco e polenta, al\u00e9m de doces como sobremesa e sucos, refrigerantes e cerveja. Os pratos campe\u00f5es de venda s\u00e3o o frango frito e a por\u00e7\u00e3o de costela no bafo. <\/p>\n\n\n\n<p>Nas compras acima de R$ 100, os visitantes receber\u00e3o um cupom para participar do sorteio de<br>brindes.<\/p>\n\n\n<div class=\"wp-block-image\">\n<figure class=\"aligncenter size-full is-resized\"><img loading=\"lazy\" decoding=\"async\" src=\"https:\/\/tvtecjundiai.com.br\/news\/wp-content\/uploads\/sites\/2\/2023\/01\/WhatsApp-Image-2020-01-29-at-11.57.57.jpeg\" alt=\"\" class=\"wp-image-104173\" width=\"673\" height=\"449\" srcset=\"https:\/\/tvtecjundiai.com.br\/news\/wp-content\/uploads\/sites\/2\/2023\/01\/WhatsApp-Image-2020-01-29-at-11.57.57.jpeg 960w, https:\/\/tvtecjundiai.com.br\/news\/wp-content\/uploads\/sites\/2\/2023\/01\/WhatsApp-Image-2020-01-29-at-11.57.57-300x200.jpeg 300w, https:\/\/tvtecjundiai.com.br\/news\/wp-content\/uploads\/sites\/2\/2023\/01\/WhatsApp-Image-2020-01-29-at-11.57.57-768x512.jpeg 768w\" sizes=\"auto, (max-width: 673px) 100vw, 673px\" \/><\/figure>\n<\/div>\n\n\n<p><strong>Tr\u00edduo a S\u00e3o Jo\u00e3o Bosco <\/strong><\/p>\n\n\n\n<p>Entre os dias 28 e 31 de janeiro, acontece o Tr\u00edduo a S\u00e3o Jo\u00e3o Bosco: \u00e0s 18h30 no s\u00e1bado e domingo, e \u00e0s 19h30 na segunda e na ter\u00e7a-feira. O bispo em\u00e9rito da Diocese de Jundia\u00ed, Dom Vicente Costa, vai celebrar a missa no domingo (29), enquanto o bispo diocesano Dom Arnaldo Carvalheiro Neto celebra a missa na ter\u00e7a-feira (31).<\/p>\n\n\n\n<p>A festa celebra S\u00e3o Jo\u00e3o Bosco, santo da Igreja Cat\u00f3lica considerado o padroeiro dos jovens. Nascido em Turim, na It\u00e1lia, em 1815, o sacerdote Dom Bosco \u00e9 conhecido por dedicar a sua vida aos jovens que mais necessitavam de acolhimento e evangeliza\u00e7\u00e3o. Tamb\u00e9m foi respons\u00e1vel por criar os orat\u00f3rios, catequeses e orienta\u00e7\u00f5es profissionais. Faleceu em 31 de janeiro de 1888.<\/p>\n\n\n\n<p><strong>21\u00aa Festa do Padroeiro<\/strong><\/p>\n\n\n\n<p>Dias 28 e 29 de janeiro e 4, 5, 11 e 12 de fevereiro.<\/p>\n\n\n\n<p>Aos s\u00e1bados, das 18h \u00e0s 22h; aos domingos, das 11h \u00e0s 15h.<\/p>\n\n\n\n<p>Local: Par\u00f3quia S\u00e3o Jo\u00e3o Bosco &#8211; avenida Benedito Castilho de Andrade, 1091, Eloy Chaves.<\/p>\n\n\n\n<p><strong><em>(Fonte: TVTEC Jundia\u00ed\/Imagem: Divulga\u00e7\u00e3o\/Par\u00f3quia S\u00e3o Jo\u00e3o Bosco)<\/em><\/strong><\/p>\n","protected":false},"excerpt":{"rendered":"<p>Ser\u00e3o tr\u00eas finais de semana de festa: 28 e 29 de janeiro e 4, 5, 11 e 12 de fevereiro<\/p>\n","protected":false},"author":30,"featured_media":104173,"comment_status":"closed","ping_status":"0","sticky":false,"template":"","format":"standard","meta":{"footnotes":""},"categories":[6309,8356,8354,1],"tags":[],"class_list":["post-104172","post","type-post","status-publish","format-standard","has-post-thumbnail","hentry","category-gastronomia","category-jundiai","category-lazer","category-noticias"],"_links":{"self":[{"href":"https:\/\/tvtecjundiai.com.br\/news\/wp-json\/wp\/v2\/posts\/104172","targetHints":{"allow":["GET"]}}],"collection":[{"href":"https:\/\/tvtecjundiai.com.br\/news\/wp-json\/wp\/v2\/posts"}],"about":[{"href":"https:\/\/tvtecjundiai.com.br\/news\/wp-json\/wp\/v2\/types\/post"}],"author":[{"embeddable":true,"href":"https:\/\/tvtecjundiai.com.br\/news\/wp-json\/wp\/v2\/users\/30"}],"replies":[{"embeddable":true,"href":"https:\/\/tvtecjundiai.com.br\/news\/wp-json\/wp\/v2\/comments?post=104172"}],"version-history":[{"count":1,"href":"https:\/\/tvtecjundiai.com.br\/news\/wp-json\/wp\/v2\/posts\/104172\/revisions"}],"predecessor-version":[{"id":104174,"href":"https:\/\/tvtecjundiai.com.br\/news\/wp-json\/wp\/v2\/posts\/104172\/revisions\/104174"}],"wp:featuredmedia":[{"embeddable":true,"href":"https:\/\/tvtecjundiai.com.br\/news\/wp-json\/wp\/v2\/media\/104173"}],"wp:attachment":[{"href":"https:\/\/tvtecjundiai.com.br\/news\/wp-json\/wp\/v2\/media?parent=104172"}],"wp:term":[{"taxonomy":"category","embeddable":true,"href":"https:\/\/tvtecjundiai.com.br\/news\/wp-json\/wp\/v2\/categories?post=104172"},{"taxonomy":"post_tag","embeddable":true,"href":"https:\/\/tvtecjundiai.com.br\/news\/wp-json\/wp\/v2\/tags?post=104172"}],"curies":[{"name":"wp","href":"https:\/\/api.w.org\/{rel}","templated":true}]}}