{"id":104175,"date":"2023-01-27T10:53:32","date_gmt":"2023-01-27T13:53:32","guid":{"rendered":"https:\/\/tvtecjundiai.com.br\/news\/?p=104175"},"modified":"2023-01-27T10:53:35","modified_gmt":"2023-01-27T13:53:35","slug":"programacao-de-fevereiro-no-sesc-jundiai-traz-grandes-nomes-da-musica-esporte-e-teatro","status":"publish","type":"post","link":"https:\/\/tvtecjundiai.com.br\/news\/2023\/01\/27\/programacao-de-fevereiro-no-sesc-jundiai-traz-grandes-nomes-da-musica-esporte-e-teatro\/","title":{"rendered":"Programa\u00e7\u00e3o de\u00a0fevereiro no Sesc\u00a0Jundia\u00ed traz\u00a0grandes\u00a0nomes da m\u00fasica, esporte e teatro"},"content":{"rendered":"\n<p>O m\u00eas de fevereiro no Sesc Jundia\u00ed traz uma programa\u00e7\u00e3o\u00a0marcada pela presen\u00e7a de\u00a0grandes\u00a0nomes\u00a0da m\u00fasica, do esporte e teatro.\u00a0Durante a perman\u00eancia nos espa\u00e7os fechados da unidade, o uso de m\u00e1scaras de prote\u00e7\u00e3o facial \u00e9 obrigat\u00f3rio.\u00a0<\/p>\n\n\n\n<p>Na quinta-feira (2) \u00e0s\u00a020h,\u00a0o\u00a0guitarrista\u00a0<strong>Edgard Scandurra<\/strong>\u00a0presta\u00a0homenagem a<strong>\u00a0Jimi Hendrix<\/strong>\u00a0com a\u00a0<strong>banda IF6<\/strong>, formada s\u00f3 por mulheres. No repert\u00f3rio, can\u00e7\u00f5es como &#8220;All\u00a0Along\u00a0the\u00a0Watchtower&#8221;, &#8220;Purple\u00a0Haze&#8221; e &#8220;Foxy Lady&#8221; ser\u00e3o executadas pelo membro do Ira! ao lado de Taciana Barros nos vocais, Helena Papini no baixo e\u00a0Pitchu\u00a0Ferraz na bateria.\u00a0<\/p>\n\n\n\n<p>No domingo (5), \u00e0s\u00a015h,\u00a0a\u00a0atleta\u00a0<strong>F\u00ea Garay<\/strong>,\u00a0um dos principais nomes da conquista do bicampeonato ol\u00edmpico da sele\u00e7\u00e3o brasileira de v\u00f4lei, estar\u00e1 na unidade para participar de uma\u00a0tarde de viv\u00eancia esportiva e um bate-papo\u00a0animado com dicas,\u00a0curiosidades e orienta\u00e7\u00f5es sobre o voleibol.\u00a0A atra\u00e7\u00e3o integra a programa\u00e7\u00e3o\u00a0<strong>Sesc\u00a0Ver\u00e3o 2023<\/strong>.\u00a0\u00a0<\/p>\n\n\n\n<p>Na quinta-feira (9),\u00a0\u00e0s 20h,\u00a0<strong>Paal\u00a0Nilssen-Love<\/strong>,\u00a0um dos instrumentistas mais importantes\u00a0do mundo do\u00a0free\u00a0jazz\u00a0se apresenta em forma\u00e7\u00e3o de sexteto.\u00a0O baterista e percussionista\u00a0anglo-noruegu\u00eas\u00a0tem uma rela\u00e7\u00e3o especial com o Brasil. Em 2014, fez uma turn\u00ea pelo\u00a0pa\u00eds e gravou dois discosi:\u00a0Scarcity, com Arto Lindsay, e\u00a0Bota Fogo, com os cariocas Eduardo Manso e Felipe\u00a0Zen\u00edcola\u00a0(da banda Chinese Cookie\u00a0Poets) e o pernambucano Arthur Lacerda (do Dedo).\u00a0<\/p>\n\n\n\n<p>Em sess\u00e3o dupla, nos\u00a0dias 11\u00a0e 12 de fevereiro,\u00a0s\u00e1bado, \u00e0s 19h,\u00a0e domingo,\u00a0\u00e0s 18h,\u00a0a atriz\u00a0<strong>Cl\u00e1udia Abreu<\/strong>\u00a0encena\u00a0\u2018Virginia\u2019,\u00a0um espet\u00e1culo\u00a0solo inspirado na vida e na obra de\u00a0<strong>Virginia Woolf<\/strong>, a escritora inglesa que se tornou uma das grandes vozes femininas da literatura mundial.\u00a0<\/p>\n\n\n\n<p>Na quinta-feira (16), \u00e0s 20h,\u00a0a cantora e compositora\u00a0<strong>Vanessa da Mata<\/strong>\u00a0faz\u00a0apresenta\u00e7\u00e3o baseada\u00a0em seu s\u00e9timo \u00e1lbum de est\u00fadio \u2018Quando Deixamos Nossos Beijos na Esquina\u2019.\u00a0O repert\u00f3rio do show\u00a0mescla novidades\u00a0e os\u00a0grandes hits\u00a0como \u201cAi, Ai\u00a0Ai\u201d, \u201cAmado\u201d, \u201cCaixinha de M\u00fasica\u201d, \u201cGente Feliz\u201d, \u201cBoa Sorte\/Good\u00a0Luck\u201d, \u201cN\u00e3o Me Deixe S\u00f3\u201d, \u201cAinda Bem\u201d, entre outras.\u00a0<\/p>\n\n\n\n<p>E na quinta-feira (23) \u00e0s\u00a019h,\u00a0a banda\u00a0goiana\u00a0de rock psicod\u00e9lico\u00a0<strong>Boogarins<\/strong>,\u00a0considerada\u00a0um dos grandes destaques da m\u00fasica brasileira contempor\u00e2nea, toca<strong>\u00a0Clube da Esquina<\/strong>.\u00a0<\/p>\n\n\n\n<p>Acompanhe toda a programa\u00e7\u00e3o do <a href=\"https:\/\/www.sescsp.org.br\/unidades\/jundiai\/\" data-type=\"URL\" data-id=\"https:\/\/www.sescsp.org.br\/unidades\/jundiai\/\">Sesc Jundia\u00ed<\/a> pelo site e pelas redes sociais @sescjundiai no <a href=\"https:\/\/www.facebook.com\/sescjundiai\" data-type=\"URL\" data-id=\"https:\/\/www.facebook.com\/sescjundiai\">Facebook<\/a> e <a href=\"https:\/\/www.instagram.com\/sescjundiai\/\" data-type=\"URL\" data-id=\"https:\/\/www.instagram.com\/sescjundiai\/\">Instagram<\/a>. <\/p>\n\n\n<div class=\"wp-block-image\">\n<figure class=\"aligncenter size-full\"><img loading=\"lazy\" decoding=\"async\" width=\"800\" height=\"425\" src=\"https:\/\/tvtecjundiai.com.br\/news\/wp-content\/uploads\/sites\/2\/2023\/01\/vista_aerea_sesc_jundiai_creditoDanielPauloNani-800x425-1.jpeg\" alt=\"\" class=\"wp-image-104176\" srcset=\"https:\/\/tvtecjundiai.com.br\/news\/wp-content\/uploads\/sites\/2\/2023\/01\/vista_aerea_sesc_jundiai_creditoDanielPauloNani-800x425-1.jpeg 800w, https:\/\/tvtecjundiai.com.br\/news\/wp-content\/uploads\/sites\/2\/2023\/01\/vista_aerea_sesc_jundiai_creditoDanielPauloNani-800x425-1-300x159.jpeg 300w, https:\/\/tvtecjundiai.com.br\/news\/wp-content\/uploads\/sites\/2\/2023\/01\/vista_aerea_sesc_jundiai_creditoDanielPauloNani-800x425-1-768x408.jpeg 768w\" sizes=\"auto, (max-width: 800px) 100vw, 800px\" \/><\/figure>\n<\/div>\n\n\n<p><strong>Programa\u00e7\u00e3o de fevereiro &#8211; Sesc Jundia\u00ed<\/strong><\/p>\n\n\n\n<p><em>Show<\/em>\u00a0<br><strong>Edgard Scandurra\u00a0e banda IF6\u00a0<\/strong>\u00a0<br><strong>Em homenagem a Jimi Hendrix\u00a0<\/strong>\u00a0<br>Dia\u00a02\/2. Quinta, 20h \u202f\u00a0<br>Gin\u00e1sio\u00a0|\u00a0700 lugares\u00a0<br>Classifica\u00e7\u00e3o: 16\u00a0anos\u00a0<br>Dura\u00e7\u00e3o:\u00a090 min\u202f\u00a0<br>\u00a0<br>Ingressos: R$\u00a012\u00a0(credencial plena), R$\u00a020\u00a0(meia) e R$\u00a040 (inteira)\u202f\u00a0<br>\u202f\u00a0<br>Venda de ingressos \u202f\u00a0<br>Na bilheteria f\u00edsica, on-line ou pelo app Credencial Sesc SP\u00a0<br>\u00a0<br><em>Viv\u00eancia<\/em>\u00a0<br><strong>Voleibol com Fernanda Garay<\/strong>\u00a0<br><strong>Treinando com Atleta &#8211; Sesc Ver\u00e3o\u00a0<\/strong>\u00a0<br>Dia 5\/2. Domingo,\u00a015h \u00e0s\u00a018h \u202f\u00a0<br>Gin\u00e1sio |\u00a0Livre\u00a0| Gr\u00e1tis\u00a0<br>Classifica\u00e7\u00e3o: 16\u00a0anos\u00a0<br>Sem necessidade de inscri\u00e7\u00e3o pr\u00e9via\u00a0<br>\u00a0<br><em>Show<\/em>\u00a0<br><strong>Paal\u00a0Nilssen-Love<\/strong><strong>\u00a0<\/strong>\u00a0<br><strong>Sexteto<\/strong>\u00a0<br>Dia 9\/2. Quinta, 20h \u202f\u00a0<br>Teatro\u00a0|\u00a0220\u00a0lugares\u00a0<br>Classifica\u00e7\u00e3o: 14\u00a0anos\u00a0<br>Dura\u00e7\u00e3o: 90 min\u202f\u00a0<br>\u00a0<br>Ingressos: R$ 9 (credencial plena), R$ 15 (meia) e R$ 30 (inteira)\u202f\u00a0<br>\u00a0<br>Venda de ingressos \u202f\u00a0<br>On-line: a partir de 31\/1, \u00e0s 12h, ou pelo app Credencial Sesc SP\u00a0<br>Na bilheteria f\u00edsica:\u00a0a\u00a0partir de 1\/2, \u00e0s 17h\u00a0\u00a0<br>\u00a0<\/p>\n\n\n\n<p><em>Espet\u00e1culo<\/em>\u00a0<br><strong>Virginia\u00a0<\/strong>\u00a0<br><strong>Com Cl\u00e1udia Abreu\u00a0<\/strong>\u00a0<br>Dias\u00a011 e 12\/2.\u00a0S\u00e1bado,\u00a019h,\u00a0e\u00a0domingo, \u00e0s 18h\u00a0<br>Teatro | 220 lugares\u00a0<br>Classifica\u00e7\u00e3o: 16\u00a0anos\u00a0<br>Dura\u00e7\u00e3o:\u00a060 min\u202f\u00a0<br>\u00a0<br>Ingressos: R$ 9 (credencial plena), R$ 15 (meia) e R$ 30 (inteira)\u202f\u00a0<br>\u00a0<br>Venda de ingressos \u202f\u00a0<br>On-line: a partir de 31\/1, \u00e0s 12h, ou pelo app Credencial Sesc SP\u00a0<br>Na bilheteria f\u00edsica: a partir de 1\/2, \u00e0s 17h\u00a0\u00a0<br>\u00a0<br><em>Show<\/em>\u00a0<br><strong>Vanessa da Mata<\/strong>\u00a0<br><strong>\u2018Quando\u00a0Deixamos Nossos Beijos nas Esquinas\u2019<\/strong>\u00a0<br>Dia\u00a016\/2. Quinta, 20h \u202f\u00a0<br>Gin\u00e1sio\u00a0|\u00a0700\u00a0lugares\u00a0<br>Classifica\u00e7\u00e3o: 16\u00a0anos\u00a0<br>Dura\u00e7\u00e3o: 90 min\u202f\u00a0<br>\u00a0<br>Ingressos: R$\u00a012\u00a0(credencial plena), R$\u00a020\u00a0(meia) e R$\u00a040 (inteira)\u202f\u00a0<br>\u00a0<br>Venda de ingressos \u202f\u00a0<br>On-line: a partir de\u00a07\/2, \u00e0s 12h, ou pelo app Credencial Sesc SP\u00a0<br>Na bilheteria f\u00edsica: a partir de\u00a08\/2, \u00e0s 17h\u00a0\u00a0<br>\u00a0<\/p>\n\n\n\n<p><em>Show<\/em>\u00a0<br><strong>Boogarins<\/strong>\u00a0<br><strong>Tocam\u00a0Clube da Esquina<\/strong>\u00a0<br>Dia\u00a023\/2. Quinta,\u00a019h \u202f\u00a0<br>Teatro\u00a0|\u00a0220 lugares\u00a0<br>Classifica\u00e7\u00e3o: 16\u00a0anos\u00a0<br>Dura\u00e7\u00e3o: 90 min\u202f\u00a0<br>\u00a0<br>Ingressos: R$\u00a09\u00a0(credencial plena), R$\u00a015\u00a0(meia) e R$\u00a030 (inteira)\u202f\u00a0<br>\u00a0<br>Venda de ingressos \u202f\u00a0<br>On-line: a partir de\u00a014\/2, \u00e0s 12h, ou pelo app Credencial Sesc SP\u00a0<br>Na bilheteria f\u00edsica: a partir de\u00a015\/2, \u00e0s 17h\u00a0<\/p>\n\n\n\n<p>O Sesc Jundia\u00ed fica na Avenida Ant\u00f4nio Frederico\u00a0Ozanan, 6600, ao lado do Jardim Bot\u00e2nico.\u00a0<\/p>\n\n\n\n<p><strong><em>(Fonte: Sesc Jundia\u00ed\/Imagem: Divulga\u00e7\u00e3o)<\/em><\/strong><\/p>\n","protected":false},"excerpt":{"rendered":"<p>Vanessa da Mata, Cl\u00e1udia Abreu, F\u00ea Garay, Scandurra, Paal Nilssen-Love e outros destaques<\/p>\n","protected":false},"author":30,"featured_media":104176,"comment_status":"closed","ping_status":"0","sticky":false,"template":"","format":"standard","meta":{"footnotes":""},"categories":[8356,8354,1],"tags":[],"class_list":["post-104175","post","type-post","status-publish","format-standard","has-post-thumbnail","hentry","category-jundiai","category-lazer","category-noticias"],"_links":{"self":[{"href":"https:\/\/tvtecjundiai.com.br\/news\/wp-json\/wp\/v2\/posts\/104175","targetHints":{"allow":["GET"]}}],"collection":[{"href":"https:\/\/tvtecjundiai.com.br\/news\/wp-json\/wp\/v2\/posts"}],"about":[{"href":"https:\/\/tvtecjundiai.com.br\/news\/wp-json\/wp\/v2\/types\/post"}],"author":[{"embeddable":true,"href":"https:\/\/tvtecjundiai.com.br\/news\/wp-json\/wp\/v2\/users\/30"}],"replies":[{"embeddable":true,"href":"https:\/\/tvtecjundiai.com.br\/news\/wp-json\/wp\/v2\/comments?post=104175"}],"version-history":[{"count":1,"href":"https:\/\/tvtecjundiai.com.br\/news\/wp-json\/wp\/v2\/posts\/104175\/revisions"}],"predecessor-version":[{"id":104177,"href":"https:\/\/tvtecjundiai.com.br\/news\/wp-json\/wp\/v2\/posts\/104175\/revisions\/104177"}],"wp:featuredmedia":[{"embeddable":true,"href":"https:\/\/tvtecjundiai.com.br\/news\/wp-json\/wp\/v2\/media\/104176"}],"wp:attachment":[{"href":"https:\/\/tvtecjundiai.com.br\/news\/wp-json\/wp\/v2\/media?parent=104175"}],"wp:term":[{"taxonomy":"category","embeddable":true,"href":"https:\/\/tvtecjundiai.com.br\/news\/wp-json\/wp\/v2\/categories?post=104175"},{"taxonomy":"post_tag","embeddable":true,"href":"https:\/\/tvtecjundiai.com.br\/news\/wp-json\/wp\/v2\/tags?post=104175"}],"curies":[{"name":"wp","href":"https:\/\/api.w.org\/{rel}","templated":true}]}}