{"id":104182,"date":"2023-01-27T14:05:17","date_gmt":"2023-01-27T17:05:17","guid":{"rendered":"https:\/\/tvtecjundiai.com.br\/news\/?p=104182"},"modified":"2023-01-27T14:05:19","modified_gmt":"2023-01-27T17:05:19","slug":"festa-da-uva-amplia-opcao-de-estacionamento-com-transfer-gratuito","status":"publish","type":"post","link":"https:\/\/tvtecjundiai.com.br\/news\/2023\/01\/27\/festa-da-uva-amplia-opcao-de-estacionamento-com-transfer-gratuito\/","title":{"rendered":"Festa da Uva amplia op\u00e7\u00e3o de estacionamento com transfer gratuito"},"content":{"rendered":"\n<p>Para oferecer mais uma op\u00e7\u00e3o de estacionamento para os visitantes, a partir de s\u00e1bado (28), a Festa da Uva contar\u00e1 com mais uma \u00e1rea de estacionamento oficial, na regi\u00e3o do Viaduto das Valqu\u00edrias.<\/p>\n\n\n\n<p>A ideia \u00e9 oferecer mais essa op\u00e7\u00e3o, garantindo mais vagas e mais conforto para os visitantes, uma vez que essa proposta ir\u00e1 desafogar o tr\u00e2nsito no entorno do Parque.<\/p>\n\n\n\n<p>Para facilitar o deslocamento dos visitantes, ser\u00e1 oferecido transfer gratuito do estacionamento at\u00e9 o Parque. O estacionamento, gerenciado pela AMARATI, ir\u00e1 reverter recursos e ajudar a entidade, ou seja, al\u00e9m de dar mais suporte para a Festa, o novo estacionamento ter\u00e1 tamb\u00e9m uma fun\u00e7\u00e3o social.<\/p>\n\n\n\n<figure class=\"wp-block-image\"><img decoding=\"async\" src=\"https:\/\/jundiai.sp.gov.br\/noticias\/wp-content\/uploads\/sites\/32\/2023\/01\/38-festa-da-uva-e-9-expo-vinhos-jundiai-2023_fm_-121-1280x854.jpg\" alt=\"\" class=\"wp-image-309960\" \/><figcaption class=\"wp-element-caption\">Festa da UVa prossegue at\u00e9 o dia 5 de fevereiro, \u00e0s sextas, s\u00e1bados e domingos<\/figcaption><\/figure>\n\n\n\n<p>O valor do estacionamento tamb\u00e9m ser\u00e1 diferenciado. Este estacionamento ter\u00e1 como valor R$ 15. O endere\u00e7o do novo estacionamento \u00e9 Av. Luiz Gonzaga Martins Guimar\u00e3es esquina com o Viaduto das Valqu\u00edrias \u2013 Pr\u00f3ximo \u00e0 Pra\u00e7a Jorge Cury e a Pracinha dos Dogs do Retiro.<\/p>\n\n\n\n<p>O estacionamento ir\u00e1 funcionar aos s\u00e1bados e domingos, com transfer, no s\u00e1bado, das 9h30 \u00e0s 22h30 e no domingo das 9h30 \u00e0s 21h30.<\/p>\n\n\n\n<p><strong><em>(Fonte\/imagem: Prefeitura de Jundia\u00ed)<\/em><\/strong><\/p>\n","protected":false},"excerpt":{"rendered":"<p>O estacionamento ir\u00e1 funcionar aos s\u00e1bados e domingos, com transfer.<\/p>\n","protected":false},"author":27,"featured_media":104186,"comment_status":"closed","ping_status":"0","sticky":false,"template":"","format":"standard","meta":{"footnotes":""},"categories":[8356],"tags":[],"class_list":["post-104182","post","type-post","status-publish","format-standard","has-post-thumbnail","hentry","category-jundiai"],"_links":{"self":[{"href":"https:\/\/tvtecjundiai.com.br\/news\/wp-json\/wp\/v2\/posts\/104182","targetHints":{"allow":["GET"]}}],"collection":[{"href":"https:\/\/tvtecjundiai.com.br\/news\/wp-json\/wp\/v2\/posts"}],"about":[{"href":"https:\/\/tvtecjundiai.com.br\/news\/wp-json\/wp\/v2\/types\/post"}],"author":[{"embeddable":true,"href":"https:\/\/tvtecjundiai.com.br\/news\/wp-json\/wp\/v2\/users\/27"}],"replies":[{"embeddable":true,"href":"https:\/\/tvtecjundiai.com.br\/news\/wp-json\/wp\/v2\/comments?post=104182"}],"version-history":[{"count":1,"href":"https:\/\/tvtecjundiai.com.br\/news\/wp-json\/wp\/v2\/posts\/104182\/revisions"}],"predecessor-version":[{"id":104187,"href":"https:\/\/tvtecjundiai.com.br\/news\/wp-json\/wp\/v2\/posts\/104182\/revisions\/104187"}],"wp:featuredmedia":[{"embeddable":true,"href":"https:\/\/tvtecjundiai.com.br\/news\/wp-json\/wp\/v2\/media\/104186"}],"wp:attachment":[{"href":"https:\/\/tvtecjundiai.com.br\/news\/wp-json\/wp\/v2\/media?parent=104182"}],"wp:term":[{"taxonomy":"category","embeddable":true,"href":"https:\/\/tvtecjundiai.com.br\/news\/wp-json\/wp\/v2\/categories?post=104182"},{"taxonomy":"post_tag","embeddable":true,"href":"https:\/\/tvtecjundiai.com.br\/news\/wp-json\/wp\/v2\/tags?post=104182"}],"curies":[{"name":"wp","href":"https:\/\/api.w.org\/{rel}","templated":true}]}}