{"id":104198,"date":"2023-01-28T09:21:41","date_gmt":"2023-01-28T12:21:41","guid":{"rendered":"https:\/\/tvtecjundiai.com.br\/news\/?p=104198"},"modified":"2023-01-28T09:21:46","modified_gmt":"2023-01-28T12:21:46","slug":"grande-procura-pelo-curso-de-operador-de-empilhadeira-gera-segunda-turma-de-alunos","status":"publish","type":"post","link":"https:\/\/tvtecjundiai.com.br\/news\/2023\/01\/28\/grande-procura-pelo-curso-de-operador-de-empilhadeira-gera-segunda-turma-de-alunos\/","title":{"rendered":"Grande procura pelo curso de operador de empilhadeira gera segunda turma de alunos"},"content":{"rendered":"\n<p><\/p>\n\n\n\n<p>O curso de operador de empilhadeira oferecido gratuitamente pela parceria entre Prefeitura de Jundia\u00ed, Senai (Servi\u00e7o Nacional da Ind\u00fastria) e Sebrae dobrou a possibilidade de uma vida nova \u00e0s pessoas selecionadas para essa oportunidade. De<a href=\"https:\/\/jundiai.sp.gov.br\/noticias\/2023\/01\/09\/curso-gratuito-de-operador-de-empilhadeira-abre-inscricoes-nesta-terca-10\/\">&nbsp;12 vagas abertas inicialmente<\/a>, as aulas de forma\u00e7\u00e3o ter\u00e3o agora duas turmas, totalizando 24 pessoas.<\/p>\n\n\n\n<p>\u201cInicialmente, ter\u00edamos apenas uma turma, mas recebemos 100 inscri\u00e7\u00f5es. Desses, se apresentaram 44 para fazer o curso. Doze deles foram selecionados ap\u00f3s cumprir as exig\u00eancias e buscamos essa nova parceria, para que mais pessoas dentro desse grupo que preencheu os dados do link pudessem ser atendidas\u201d, comentou Cristiano Lopes, gestor da Unidade de Desenvolvimento Econ\u00f4mico, Ci\u00eancia e Tecnologia.<\/p>\n\n\n\n<figure class=\"wp-block-image\"><img decoding=\"async\" src=\"https:\/\/jundiai.sp.gov.br\/noticias\/wp-content\/uploads\/sites\/32\/2022\/10\/jundiai-empreendedora-carteia-de-trabalho_fm_-18.jpg\" alt=\"IMAGEM MOSTRA UMA PESSOA SEGURANDO UMA CARTEIRA DE TRABALHO EM PRIMEIRO PLANO, COM A MARCA AO FUNDO DO ESPA\u00c7O JUNDIA\u00cd EMPREENDEDORA\" class=\"wp-image-304267\" \/><figcaption class=\"wp-element-caption\">Cursos profissionalizantes d\u00e3o a oportunidade para que mais pessoas possam buscar novas vagas no mercado<\/figcaption><\/figure>\n\n\n\n<p>Al\u00e9m da inscri\u00e7\u00e3o pr\u00e9via, as 24 pessoas selecionadas para participar passaram por um curso comportamental oferecido pelo Sebrae e precisaram cumprir requisitos exigidos, como estar desempregada, ter CNH e a quarta s\u00e9rie do ensino fundamental completa.<\/p>\n\n\n\n<p>Para o gestor da Unidade de Gest\u00e3o de Governo e Finan\u00e7as (UGGF), Jos\u00e9 Antonio Parimoschi, estimular a empregabilidade \u2013 principalmente dos jovens \u2013 a partir da forma\u00e7\u00e3o t\u00e9cnica garante mais chances no mercado. \u201cJundia\u00ed tem por diretriz no plano de governo do prefeito Luiz Fernando Machado fomentar o empreendedorismo e proporcionar ambiente atrativo para as empresas, sejam aquelas j\u00e1 instaladas ou que estejam interessadas pelo munic\u00edpio. A m\u00e3o de obra qualificada \u00e9 um diferencial bastante valorizado pelas grandes empregadoras no momento da escolha para instala\u00e7\u00e3o\u201d.<\/p>\n\n\n\n<figure class=\"wp-block-image\"><img decoding=\"async\" src=\"https:\/\/jundiai.sp.gov.br\/noticias\/wp-content\/uploads\/sites\/32\/2023\/01\/bafd0bec-8c9a-4177-8b59-7e6bf6a73e9e.jpeg\" alt=\"FOTO QUE RETRATA A SALA DE AULA DO JUNDIA\u00cd EMPREENDEDORA. EM P\u00c9, DE BLAZER AZUL, O GESTOR JOS\u00c9 ANTONIO PARIMOSCHI CONVERSA COM O PREFEITO LUIZ FERNANDO E O GESTOR CRISTIANO LOPES, AMBOS SENTADOS UM AO LADO DO OUTRO\" class=\"wp-image-309384\" \/><figcaption class=\"wp-element-caption\">Parimoschi (em p\u00e9), com Cristiano Lopes e o prefeito Luiz Fernando, na sala de aula do Jundia\u00ed Empreendedora: est\u00edmulo ao emprego e renda<\/figcaption><\/figure>\n\n\n\n<p><strong>Jundia\u00ed Empreendedora<\/strong><\/p>\n\n\n\n<p>O curso tem in\u00edcio no pr\u00f3ximo dia 13 para a turma 1, sempre \u00e0s segundas e quartas, das 13h30 \u00e0s 17h30. A conclus\u00e3o ser\u00e1 dia 15 de mar\u00e7o. J\u00e1 para a turma 2, as aulas come\u00e7am dia 16 de fevereiro e v\u00e3o at\u00e9 16 de mar\u00e7o, \u00e0s ter\u00e7as e quintas, das 13h30 \u00e0s 17h30.<\/p>\n\n\n\n<p>O Espa\u00e7o Jundia\u00ed Empreendedora, no Maxi Shopping (piso G3), \u00e9 considerado o \u201cPoupatempo dos Neg\u00f3cios e do Emprego\u201d, reunindo mais de 15 servi\u00e7os num \u00fanico lugar. Al\u00e9m de \u00e1rea para aulas e palestras totalmente moderna, h\u00e1 tamb\u00e9m salas para entrevistas de emprego e o primeiro coworking p\u00fablico de Jundia\u00ed.<\/p>\n\n\n\n<p>As aulas para os futuros operadores de empilhadeira s\u00e3o uma articula\u00e7\u00e3o das unidades de Governo e Finan\u00e7as e de Desenvolvimento Econ\u00f4mico, Ci\u00eancia e Tecnologia, por meio da Rede de Coopera\u00e7\u00e3o da Prefeitura. A iniciativa visa atender pessoas em situa\u00e7\u00e3o de vulnerabilidade, com foco na qualifica\u00e7\u00e3o para entrada ou retorno ao mercado de trabalho.<\/p>\n\n\n\n<p><strong><em>(Fonte\/Imagem: Prefeitura de Jundia\u00ed)<\/em><\/strong><\/p>\n","protected":false},"excerpt":{"rendered":"<p>De\u00a012 vagas abertas inicialmente, as aulas de forma\u00e7\u00e3o ter\u00e3o agora duas turmas, totalizando 24 pessoas<\/p>\n","protected":false},"author":31,"featured_media":104199,"comment_status":"closed","ping_status":"0","sticky":false,"template":"","format":"standard","meta":{"footnotes":""},"categories":[1],"tags":[],"class_list":["post-104198","post","type-post","status-publish","format-standard","has-post-thumbnail","hentry","category-noticias"],"_links":{"self":[{"href":"https:\/\/tvtecjundiai.com.br\/news\/wp-json\/wp\/v2\/posts\/104198","targetHints":{"allow":["GET"]}}],"collection":[{"href":"https:\/\/tvtecjundiai.com.br\/news\/wp-json\/wp\/v2\/posts"}],"about":[{"href":"https:\/\/tvtecjundiai.com.br\/news\/wp-json\/wp\/v2\/types\/post"}],"author":[{"embeddable":true,"href":"https:\/\/tvtecjundiai.com.br\/news\/wp-json\/wp\/v2\/users\/31"}],"replies":[{"embeddable":true,"href":"https:\/\/tvtecjundiai.com.br\/news\/wp-json\/wp\/v2\/comments?post=104198"}],"version-history":[{"count":1,"href":"https:\/\/tvtecjundiai.com.br\/news\/wp-json\/wp\/v2\/posts\/104198\/revisions"}],"predecessor-version":[{"id":104200,"href":"https:\/\/tvtecjundiai.com.br\/news\/wp-json\/wp\/v2\/posts\/104198\/revisions\/104200"}],"wp:featuredmedia":[{"embeddable":true,"href":"https:\/\/tvtecjundiai.com.br\/news\/wp-json\/wp\/v2\/media\/104199"}],"wp:attachment":[{"href":"https:\/\/tvtecjundiai.com.br\/news\/wp-json\/wp\/v2\/media?parent=104198"}],"wp:term":[{"taxonomy":"category","embeddable":true,"href":"https:\/\/tvtecjundiai.com.br\/news\/wp-json\/wp\/v2\/categories?post=104198"},{"taxonomy":"post_tag","embeddable":true,"href":"https:\/\/tvtecjundiai.com.br\/news\/wp-json\/wp\/v2\/tags?post=104198"}],"curies":[{"name":"wp","href":"https:\/\/api.w.org\/{rel}","templated":true}]}}