{"id":104204,"date":"2023-01-28T09:26:58","date_gmt":"2023-01-28T12:26:58","guid":{"rendered":"https:\/\/tvtecjundiai.com.br\/news\/?p=104204"},"modified":"2023-01-28T09:27:02","modified_gmt":"2023-01-28T12:27:02","slug":"comissao-intersetorial-trata-das-definicoes-para-o-carnaval-2023","status":"publish","type":"post","link":"https:\/\/tvtecjundiai.com.br\/news\/2023\/01\/28\/comissao-intersetorial-trata-das-definicoes-para-o-carnaval-2023\/","title":{"rendered":"Comiss\u00e3o intersetorial trata das defini\u00e7\u00f5es para o Carnaval 2023"},"content":{"rendered":"\n<p>Assim como nos anos anteriores, a Prefeitura ir\u00e1 tratar do planejamento dos desfiles da retomada dos desfiles de Carnaval 2023 de maneira intersetorial, com representantes de Unidades de Gest\u00e3o, como de Cultura (UGC), Governo e Finan\u00e7as (UGGF) e de Mobilidade e Transporte (UGMT); das For\u00e7as de Seguran\u00e7a, como a Guarda Municipal de Jundia\u00ed (GMJ) e de batalh\u00f5es da Pol\u00edcia Militar; al\u00e9m do Poder Judici\u00e1rio \u2013 Juizado de Menores.<\/p>\n\n\n\n<p>\u201cA partir da an\u00e1lise t\u00e9cnica de mapas, imagens a\u00e9reas e da experi\u00eancia dos anos anteriores, nosso objetivo \u00e9 garantir um Carnaval seguro, tanto para os foli\u00f5es, moradores e colaboradores envolvidos, al\u00e9m da tranquilidade dos mun\u00edcipes que preferem descansar durante o feriado e a fluidez das vias, escolhendo como locais e hor\u00e1rios para desfiles com menos impacto no tr\u00e1fego\u201d, explica o diretor de Cultura da UGC, Jo\u00e3o Carlos De Luca.<\/p>\n\n\n\n<p>A primeira reuni\u00e3o foi realizada na manh\u00e3 desta sexta-feira (27), no 11\u00ba Batalh\u00e3o da Pol\u00edcia Militar (PM), no Anhangaba\u00fa, para dar os andamentos necess\u00e1rios sobre datas, hor\u00e1rios, locais e trajetos dos desfiles, e posterior aprecia\u00e7\u00e3o dos representantes das escolas de samba e blocos de Carnaval envolvidos.<\/p>\n\n\n\n<figure class=\"wp-block-image\"><img decoding=\"async\" src=\"https:\/\/jundiai.sp.gov.br\/noticias\/wp-content\/uploads\/sites\/32\/2023\/01\/reuniao-intersetorial-carnaval-2023_fm_-6-1280x854.jpg\" alt=\"\" class=\"wp-image-310001\" \/><figcaption class=\"wp-element-caption\">Novas defini\u00e7\u00f5es ser\u00e3o divulgadas a partir das pr\u00f3ximas reuni\u00f5es da comiss\u00e3o<\/figcaption><\/figure>\n\n\n\n<p>Os desfiles dos blocos de Carnaval ser\u00e3o realizados nos dias 10, 11, e 12 e de 17 a 21 de fevereiro, conforme estabelecido no edital de chamamento de blocos interessados. Juntamente com os representantes das agremia\u00e7\u00f5es, o comit\u00ea intersetorial est\u00e1 em processo de defini\u00e7\u00e3o das datas, hor\u00e1rios e local de desfiles.<\/p>\n\n\n\n<p>J\u00e1 acerca dos desfiles das escolas de samba, foi deferido o pedido apresentado pela Liga Jundiaiense das Escolas de Samba (Lijunes) para a realiza\u00e7\u00e3o do Carnaval fora de \u00e9poca, nos dias 15 e 16 de abril. Os desfiles ser\u00e3o realizados no Espa\u00e7o Multiuso da Cidade Administrativa, em hor\u00e1rio a ser definido.<\/p>\n\n\n\n<p><strong><em>(Fonte\/Imagem: Prefeitura de Jundia\u00ed)<\/em><\/strong><\/p>\n","protected":false},"excerpt":{"rendered":"<p>A primeira reuni\u00e3o foi realizada na manh\u00e3 desta sexta-feira (27), no 11\u00ba Batalh\u00e3o da Pol\u00edcia Militar (PM), no Anhangaba\u00fa, para dar os andamentos necess\u00e1rios sobre datas, hor\u00e1rios, locais e trajetos dos desfiles, e posterior aprecia\u00e7\u00e3o dos representantes das escolas de samba e blocos de Carnaval envolvidos<\/p>\n","protected":false},"author":31,"featured_media":104205,"comment_status":"closed","ping_status":"0","sticky":false,"template":"","format":"standard","meta":{"footnotes":""},"categories":[1],"tags":[],"class_list":["post-104204","post","type-post","status-publish","format-standard","has-post-thumbnail","hentry","category-noticias"],"_links":{"self":[{"href":"https:\/\/tvtecjundiai.com.br\/news\/wp-json\/wp\/v2\/posts\/104204","targetHints":{"allow":["GET"]}}],"collection":[{"href":"https:\/\/tvtecjundiai.com.br\/news\/wp-json\/wp\/v2\/posts"}],"about":[{"href":"https:\/\/tvtecjundiai.com.br\/news\/wp-json\/wp\/v2\/types\/post"}],"author":[{"embeddable":true,"href":"https:\/\/tvtecjundiai.com.br\/news\/wp-json\/wp\/v2\/users\/31"}],"replies":[{"embeddable":true,"href":"https:\/\/tvtecjundiai.com.br\/news\/wp-json\/wp\/v2\/comments?post=104204"}],"version-history":[{"count":1,"href":"https:\/\/tvtecjundiai.com.br\/news\/wp-json\/wp\/v2\/posts\/104204\/revisions"}],"predecessor-version":[{"id":104206,"href":"https:\/\/tvtecjundiai.com.br\/news\/wp-json\/wp\/v2\/posts\/104204\/revisions\/104206"}],"wp:featuredmedia":[{"embeddable":true,"href":"https:\/\/tvtecjundiai.com.br\/news\/wp-json\/wp\/v2\/media\/104205"}],"wp:attachment":[{"href":"https:\/\/tvtecjundiai.com.br\/news\/wp-json\/wp\/v2\/media?parent=104204"}],"wp:term":[{"taxonomy":"category","embeddable":true,"href":"https:\/\/tvtecjundiai.com.br\/news\/wp-json\/wp\/v2\/categories?post=104204"},{"taxonomy":"post_tag","embeddable":true,"href":"https:\/\/tvtecjundiai.com.br\/news\/wp-json\/wp\/v2\/tags?post=104204"}],"curies":[{"name":"wp","href":"https:\/\/api.w.org\/{rel}","templated":true}]}}