{"id":104207,"date":"2023-01-28T09:30:56","date_gmt":"2023-01-28T12:30:56","guid":{"rendered":"https:\/\/tvtecjundiai.com.br\/news\/?p=104207"},"modified":"2023-01-28T09:30:59","modified_gmt":"2023-01-28T12:30:59","slug":"jundiai-espera-30-a-mais-de-novos-meis-em-2023","status":"publish","type":"post","link":"https:\/\/tvtecjundiai.com.br\/news\/2023\/01\/28\/jundiai-espera-30-a-mais-de-novos-meis-em-2023\/","title":{"rendered":"<strong>Jundia\u00ed espera 30% a mais de novos MEIs em 2023&nbsp;<\/strong>"},"content":{"rendered":"\n<p><\/p>\n\n\n\n<p>A expectativa da Prefeitura de Jundia\u00ed \u00e9 que o n\u00famero de novos MEIs (Microempreendedores Individuais) ultrapasse os 30% na cidade, superando a marca registrada em 2022, que foi de 26%, de acordo com dados da Unidade de Gest\u00e3o de Governo e Finan\u00e7as (UGGF) do munic\u00edpio. Segundo o levantamento, de janeiro a novembro do ano passado,&nbsp;os n\u00fameros de MEIs licenciadas chegaram a 4.435. Um ano antes, somavam 3.520.&nbsp;<\/p>\n\n\n\n<p>\u201cA cria\u00e7\u00e3o de um ambiente favor\u00e1vel aos neg\u00f3cios \u00e9 uma marca de Jundia\u00ed. Acreditamos que o est\u00edmulo ao empreendedorismo, a busca pelo protagonismo pessoal e a gera\u00e7\u00e3o de emprego e renda s\u00e3o fatores essenciais para o desenvolvimento do munic\u00edpio e da popula\u00e7\u00e3o\u201d, explica o Prefeito Luiz Fernando Machado.&nbsp;&nbsp;<\/p>\n\n\n\n<p>Com 3.970 empreendimentos registrados, empresas de presta\u00e7\u00e3o de servi\u00e7o lideram as estat\u00edsticas. Com\u00e9rcio e ind\u00fastria aparecem logo em seguida. Machado conta que durante a pandemia de Covid-19, os jundiaienses foram estimulados pela Prefeitura a criarem pequenas e microempresas, recebendo aux\u00edlio da administra\u00e7\u00e3o municipal em todo o processo para a abertura de empresas, por meio do programa Jundia\u00ed Empreendedora, implementado especialmente nesse per\u00edodo.&nbsp;&nbsp;<\/p>\n\n\n\n<p>\u201cO empreendedorismo \u00e9 um dos principais motores do desenvolvimento local. Com a simplifica\u00e7\u00e3o da m\u00e1quina p\u00fablica, investimentos em tecnologia, redu\u00e7\u00e3o de taxas e impostos e a agilidade para abrir novos neg\u00f3cios, a popula\u00e7\u00e3o sente mais confian\u00e7a para investir na cidade. Com mais investimentos, o munic\u00edpio se torna ainda mais competitivo no cen\u00e1rio nacional e internacional\u201d, comenta o gestor da UGGF, Jos\u00e9 Antonio Parimoschi.&nbsp;<\/p>\n\n\n\n<p><strong>FENS<\/strong>&nbsp;<\/p>\n\n\n\n<p>Nos primeiros finas de semana de mar\u00e7o (dias 3, 4 e 5 e 10, 11 e 12), a Prefeitura de Jundia\u00ed, por meio da Unidade de Gest\u00e3o de Desenvolvimento Econ\u00f4mico, Ci\u00eancia e Tecnologia (UGDECT) vai realizar a segunda edi\u00e7\u00e3o da FENS \u2013 Feira de Empreendedorismo, Neg\u00f3cios e Servi\u00e7os, que contar\u00e1 com 440 expositores, entre 688 inscritos para participar do evento.&nbsp;&nbsp;<\/p>\n\n\n\n<figure class=\"wp-block-image\"><img decoding=\"async\" src=\"https:\/\/jundiai.sp.gov.br\/noticias\/wp-content\/uploads\/sites\/32\/2022\/12\/1a-feira-fens-feira-do-empreendedor-negocios-e-servicos_fm_-95-1280x853.jpg\" alt=\"\" class=\"wp-image-306835\" \/><figcaption class=\"wp-element-caption\">FENS ser\u00e1 realizada em mar\u00e7o<\/figcaption><\/figure>\n\n\n\n<p>\u201cTrabalhamos para fomentar novos neg\u00f3cios e desburocratizar os processos para os empres\u00e1rios. Temos a miss\u00e3o de promover e alavancar a economia, al\u00e9m de gerar novas oportunidades, focando na qualidade de vida da popula\u00e7\u00e3o\u201d, diz Parimoschi.&nbsp;<\/p>\n\n\n\n<p>De acordo com o gestor da UGGF, a FENS oferece aos empreendedores participantes a oportunidade de expor e comercializar seus neg\u00f3cios, produtos e servi\u00e7os, al\u00e9m de potencializar seu networking, de forma totalmente gratuita.<\/p>\n\n\n\n<p><strong><em>(Fonte\/Imagem: Prefeitura de Jundia\u00ed)<\/em><\/strong><\/p>\n","protected":false},"excerpt":{"rendered":"<p>A expectativa da Prefeitura de Jundia\u00ed \u00e9 que o n\u00famero de novos MEIs (Microempreendedores Individuais) ultrapasse os 30% na cidade, superando a marca registrada em 2022, que foi de 26%<\/p>\n","protected":false},"author":31,"featured_media":104208,"comment_status":"closed","ping_status":"0","sticky":false,"template":"","format":"standard","meta":{"footnotes":""},"categories":[1],"tags":[],"class_list":["post-104207","post","type-post","status-publish","format-standard","has-post-thumbnail","hentry","category-noticias"],"_links":{"self":[{"href":"https:\/\/tvtecjundiai.com.br\/news\/wp-json\/wp\/v2\/posts\/104207","targetHints":{"allow":["GET"]}}],"collection":[{"href":"https:\/\/tvtecjundiai.com.br\/news\/wp-json\/wp\/v2\/posts"}],"about":[{"href":"https:\/\/tvtecjundiai.com.br\/news\/wp-json\/wp\/v2\/types\/post"}],"author":[{"embeddable":true,"href":"https:\/\/tvtecjundiai.com.br\/news\/wp-json\/wp\/v2\/users\/31"}],"replies":[{"embeddable":true,"href":"https:\/\/tvtecjundiai.com.br\/news\/wp-json\/wp\/v2\/comments?post=104207"}],"version-history":[{"count":1,"href":"https:\/\/tvtecjundiai.com.br\/news\/wp-json\/wp\/v2\/posts\/104207\/revisions"}],"predecessor-version":[{"id":104209,"href":"https:\/\/tvtecjundiai.com.br\/news\/wp-json\/wp\/v2\/posts\/104207\/revisions\/104209"}],"wp:featuredmedia":[{"embeddable":true,"href":"https:\/\/tvtecjundiai.com.br\/news\/wp-json\/wp\/v2\/media\/104208"}],"wp:attachment":[{"href":"https:\/\/tvtecjundiai.com.br\/news\/wp-json\/wp\/v2\/media?parent=104207"}],"wp:term":[{"taxonomy":"category","embeddable":true,"href":"https:\/\/tvtecjundiai.com.br\/news\/wp-json\/wp\/v2\/categories?post=104207"},{"taxonomy":"post_tag","embeddable":true,"href":"https:\/\/tvtecjundiai.com.br\/news\/wp-json\/wp\/v2\/tags?post=104207"}],"curies":[{"name":"wp","href":"https:\/\/api.w.org\/{rel}","templated":true}]}}