{"id":104213,"date":"2023-01-28T16:35:46","date_gmt":"2023-01-28T19:35:46","guid":{"rendered":"https:\/\/tvtecjundiai.com.br\/news\/?p=104213"},"modified":"2023-01-28T16:35:50","modified_gmt":"2023-01-28T19:35:50","slug":"empreendedores-destacam-potencia-da-festa-da-uva-para-vitrine-nacional-de-produtos","status":"publish","type":"post","link":"https:\/\/tvtecjundiai.com.br\/news\/2023\/01\/28\/empreendedores-destacam-potencia-da-festa-da-uva-para-vitrine-nacional-de-produtos\/","title":{"rendered":"Empreendedores destacam pot\u00eancia da Festa da Uva para vitrine nacional de produtos"},"content":{"rendered":"\n<p><\/p>\n\n\n\n<p>Os empreendedores que neste ano levam trabalhos artesanais ao espa\u00e7o Jundia\u00ed Feito \u00e0 M\u00e3o na 38\u00aa Festa da Uva t\u00eam algo em comum: a felicidade em poder n\u00e3o apenas vender o que produzem, mas tamb\u00e9m divulgar o trabalho para pessoas de todo o Brasil.<\/p>\n\n\n\n<p>\u201cPor aqui j\u00e1 passaram pessoas de diversos estados e cidades e dessa forma vou apresentando o meu trabalho em macram\u00ea para todo o Pa\u00eds\u201d, comenta a artes\u00e3 Gabriela Fernandes Mayese, que pela primeira vez exp\u00f5e o trabalho que faz na Festa da Uva.<\/p>\n\n\n\n<p>A tamb\u00e9m artes\u00e3 Vera Maria Cosin, tamb\u00e9m estreante na Festa, conta que ficou emocionada com a receptividade do p\u00fablico. \u201c\u00c9 muita gente! E a melhor parte \u00e9 que temos a chance de mostrar nosso trabalho em um evento organizado e que n\u00e3o nos cobra nada pela participa\u00e7\u00e3o.\u201d<\/p>\n\n\n\n<p>O fato de participar sem custo tamb\u00e9m \u00e9 elogiado por M\u00e1rcia Aparecida da Silva, que faz mosaicos. \u201cPara n\u00f3s \u00e9 um apoio e incentivo muito grande. \u00c9 uma vitrine e todo mundo pode conhecer nosso talento. Muita gente conhece hoje e entra em contato ap\u00f3s o evento.\u201d<\/p>\n\n\n\n<figure class=\"wp-block-image\"><img decoding=\"async\" src=\"https:\/\/jundiai.sp.gov.br\/noticias\/wp-content\/uploads\/sites\/32\/2023\/01\/38_festa_da_uva_pa-28-1280x854.jpg\" alt=\"\" class=\"wp-image-310035\" \/><figcaption class=\"wp-element-caption\">Evento, sucesso de p\u00fablico, promove empreendedores da cidade para todo o Brasil<\/figcaption><\/figure>\n\n\n\n<p>O prefeito Luiz Fernando Machado, que esteve na Festa neste s\u00e1bado (28), acompanhado da esposa e presidente do Fundo Social de Solidariedade, Vanessa Machado, destacou que um dos objetivos da Festa da Uva \u00e9 justamente valorizar os empreendedores locais, al\u00e9m de fomentar o turismo. \u201cTodos podem mostrar o que t\u00eam para vender, sem custo. Dessa forma, fazemos o ciclo da economia criativa girar e valorizamos o trabalho desses empreendedores.\u201d<\/p>\n\n\n\n<p>O chefe do Executivo lembrou que durante a \u00faltima edi\u00e7\u00e3o, em 2020, a Festa da Uva fez girar mais de R$ 18 milh\u00f5es. Neste ano, a expectativa \u00e9 de um aumento de 30%. O p\u00fablico do evento chegou a 5 mil pessoas nesta sexta (27) e deve bater mais de 60 mil visitantes somando s\u00e1bado (28) e domingo (29).<br>O gestor de Governo e Finan\u00e7as, Jos\u00e9 Antonio Parimoschi, que estava acompanhando o prefeito, ressaltou que a gest\u00e3o tem como foco o incentivo aos pequenos empreendedores, com iniciativas como o programa Jundia\u00ed Empreendedora, Jundia\u00ed Feito \u00e0 M\u00e3o, a Feira do Empreendedor, Neg\u00f3cios e Servi\u00e7os e o rec\u00e9m-lan\u00e7ado Galp\u00e3o Criativo. \u201cCom a Festa da Uva n\u00e3o \u00e9 diferente. \u00c9 um evento que valoriza a cultura da uva e a hist\u00f3ria da cidade, sem deixar de lado nossa veia empreendedora. \u00c9 uma pol\u00edtica de apoio permanente aos empreendedores da cidade, que, a partir de agora, alcan\u00e7a os nossos produtores de uvas, frutas, vinhos e cervejas artesanais.\u201d<\/p>\n\n\n\n<p><strong>Mais \u2013<\/strong>\u00a0Veja a programa\u00e7\u00e3o completa da Festa da Uva em: https:\/\/festadauva.jundiai.sp.gov.br\/<\/p>\n\n\n\n<p><strong><em>(Fonte\/Imagem: Prefeitura de Jundia\u00ed)<\/em><\/strong><\/p>\n","protected":false},"excerpt":{"rendered":"<p>Os empreendedores que neste ano levam trabalhos artesanais ao espa\u00e7o Jundia\u00ed Feito \u00e0 M\u00e3o na 38\u00aa Festa da Uva t\u00eam algo em comum: a felicidade em poder n\u00e3o apenas vender o que produzem, mas tamb\u00e9m divulgar o trabalho para pessoas de todo o Brasil<\/p>\n","protected":false},"author":31,"featured_media":104214,"comment_status":"closed","ping_status":"0","sticky":false,"template":"","format":"standard","meta":{"footnotes":""},"categories":[1],"tags":[],"class_list":["post-104213","post","type-post","status-publish","format-standard","has-post-thumbnail","hentry","category-noticias"],"_links":{"self":[{"href":"https:\/\/tvtecjundiai.com.br\/news\/wp-json\/wp\/v2\/posts\/104213","targetHints":{"allow":["GET"]}}],"collection":[{"href":"https:\/\/tvtecjundiai.com.br\/news\/wp-json\/wp\/v2\/posts"}],"about":[{"href":"https:\/\/tvtecjundiai.com.br\/news\/wp-json\/wp\/v2\/types\/post"}],"author":[{"embeddable":true,"href":"https:\/\/tvtecjundiai.com.br\/news\/wp-json\/wp\/v2\/users\/31"}],"replies":[{"embeddable":true,"href":"https:\/\/tvtecjundiai.com.br\/news\/wp-json\/wp\/v2\/comments?post=104213"}],"version-history":[{"count":1,"href":"https:\/\/tvtecjundiai.com.br\/news\/wp-json\/wp\/v2\/posts\/104213\/revisions"}],"predecessor-version":[{"id":104215,"href":"https:\/\/tvtecjundiai.com.br\/news\/wp-json\/wp\/v2\/posts\/104213\/revisions\/104215"}],"wp:featuredmedia":[{"embeddable":true,"href":"https:\/\/tvtecjundiai.com.br\/news\/wp-json\/wp\/v2\/media\/104214"}],"wp:attachment":[{"href":"https:\/\/tvtecjundiai.com.br\/news\/wp-json\/wp\/v2\/media?parent=104213"}],"wp:term":[{"taxonomy":"category","embeddable":true,"href":"https:\/\/tvtecjundiai.com.br\/news\/wp-json\/wp\/v2\/categories?post=104213"},{"taxonomy":"post_tag","embeddable":true,"href":"https:\/\/tvtecjundiai.com.br\/news\/wp-json\/wp\/v2\/tags?post=104213"}],"curies":[{"name":"wp","href":"https:\/\/api.w.org\/{rel}","templated":true}]}}