{"id":104222,"date":"2023-01-29T10:42:37","date_gmt":"2023-01-29T13:42:37","guid":{"rendered":"https:\/\/tvtecjundiai.com.br\/news\/?p=104222"},"modified":"2023-01-29T10:42:40","modified_gmt":"2023-01-29T13:42:40","slug":"cultura-divulga-a-programacao-de-fevereiro-do-teatro-polytheama","status":"publish","type":"post","link":"https:\/\/tvtecjundiai.com.br\/news\/2023\/01\/29\/cultura-divulga-a-programacao-de-fevereiro-do-teatro-polytheama\/","title":{"rendered":"Cultura divulga a programa\u00e7\u00e3o de fevereiro do Teatro Polytheama"},"content":{"rendered":"\n<p><\/p>\n\n\n\n<p>A Unidade de Gest\u00e3o de Cultura (UGC) divulgou a programa\u00e7\u00e3o do Teatro Polytheama para o m\u00eas de fevereiro. A programa\u00e7\u00e3o este m\u00eas come\u00e7a com logo nesta quarta-feira (01), a partir das 8h30, com a abertura da Semana de Atualiza\u00e7\u00e3o Pedag\u00f3gica (SAP). Este ano, a a\u00e7\u00e3o formativa da Unidade de Gest\u00e3o de Educa\u00e7\u00e3o (UGE) chega \u00e0 sua sexta edi\u00e7\u00e3o, com o tema \u201cEducador Transformador: do percurso formativo \u00e0 transposi\u00e7\u00e3o did\u00e1tica\u201d.<\/p>\n\n\n\n<p>Al\u00e9m de atividades internas e ensaios dos corpos art\u00edsticos municipais, a Sala Deolinda Copelli, que \u00e9 a sala de espet\u00e1culos do Teatro, recebe ainda no s\u00e1bado (04), \u00e0s 21h, o espet\u00e1culo de com\u00e9dia \u201cImprov\u00e1vel\u201d, com Anderson Bizzocchi, Daniel Nascimento e Elidio Sanna, da Cia. Barbixas de Humor. E no domingo (26), \u00e0s 16h, a Cia. dos Tr\u00eas apresenta \u201cChapeuzinho Vermelho e o Lobo Mau Amarelo\u201d.<\/p>\n\n\n\n<p>A bilheteria do Teatro funciona de ter\u00e7a a sexta-feira, das 10h \u00e0s 20h. Aos s\u00e1bados, domingos e feriados, a bilheteria funciona somente se houver espet\u00e1culo programado. Das 10h \u00e0s 17h ficam dispon\u00edveis os ingressos da agenda cultural em geral. J\u00e1 a partir desse hor\u00e1rio, ficam dispon\u00edveis somente os ingressos do espet\u00e1culo programado para o dia.&nbsp;<a href=\"https:\/\/www.sympla.com.br\/eventos?s=polytheama&amp;tab=eventos&amp;ordem=date\" target=\"_blank\" rel=\"noreferrer noopener\">J\u00e1 a bilheteria on-line para os espet\u00e1culos no teatro funciona na plataforma Sympla<\/a>.<\/p>\n\n\n\n<p>J\u00e1 na Galeria de Arte Fernanda Perracini Milani, anexa ao Teatro, o visitante poder\u00e1 conferir, gratuitamente, a&nbsp;<a href=\"https:\/\/cultura.jundiai.sp.gov.br\/exposicoes\/nebulosas\/\" target=\"_blank\" rel=\"noreferrer noopener\">exposi\u00e7\u00e3o \u201cNebulosas\u201d<\/a>. In\u00e9dita na cidade, a mostra com aquarelas da artista Gina Dinucci pode ser visitada at\u00e9 o dia 14 de fevereiro, de ter\u00e7a a sexta-feira, das 9h \u00e0s 12h e das 13h \u00e0s 17h, e aos s\u00e1bados, das 10h \u00e0s 13h.<\/p>\n\n\n\n<figure class=\"wp-block-image\"><img decoding=\"async\" src=\"https:\/\/jundiai.sp.gov.br\/noticias\/wp-content\/uploads\/sites\/32\/2023\/01\/polytheama_sap_educacao-87-1280x802.jpg\" alt=\"\" class=\"wp-image-309970\" \/><figcaption class=\"wp-element-caption\">SAP chega \u00e0 sua sexta edi\u00e7\u00e3o e ter\u00e1 sua abertura no Teatro<\/figcaption><\/figure>\n\n\n\n<p>Confira os detalhes da programa\u00e7\u00e3o:<\/p>\n\n\n\n<ul class=\"wp-block-list\">\n<li>01 de fevereiro (quarta-feira) \u2013 8h30<br><strong>Abertura da 6\u00aa Semana de Atualiza\u00e7\u00e3o Pedag\u00f3gica (SAP) \u2013 Unidade de Gest\u00e3o de Educa\u00e7\u00e3o (UGE)<br><\/strong>Classifica\u00e7\u00e3o: Livre \/ Dura\u00e7\u00e3o: 150 minutos<br>Ingressos esgotados \u2013 j\u00e1 distribu\u00eddos pela UGE;<\/li>\n\n\n\n<li>04 de fevereiro (s\u00e1bado) \u2013 21h<br><strong>\u201cImprov\u00e1vel\u201d \u2013 Teatro GT<br><\/strong>Classifica\u00e7\u00e3o: 14 anos \/ Dura\u00e7\u00e3o: 40 minutos \/ G\u00eanero: Com\u00e9dia<br><a rel=\"noreferrer noopener\" href=\"https:\/\/bileto.sympla.com.br\/event\/79860\/d\/177789\" target=\"_blank\">Ingressos: plateia, frisas e camarote R$ 90,00 \/ arquibancada R$ 70,00<\/a><br>Descontos: Clube GT: 50% de desconto na compra de at\u00e9 dois ingressos; Clientes Oba: desconto de 50% para a compra de at\u00e9 dois ingressos, mediante a apresenta\u00e7\u00e3o de cupom fiscal de no m\u00ednimo R$30,00; Cliente Paineiras: mediante cupom fiscal de qualquer valor ou folheto promocional, com emiss\u00e3o de, no m\u00e1ximo, 30 dias antes do espet\u00e1culo. Descontos previstos por lei;<\/li>\n\n\n\n<li>26 de fevereiro (domingo) \u2013 16h<br><strong>\u201cChapeuzinho Vermelho\u2002e o Lobo Mau Amarelo\u201d \u2013 Cia. dos Tr\u00eas<br><\/strong>Classifica\u00e7\u00e3o: 2 anos \/ Dura\u00e7\u00e3o: 50 minutos \/ G\u00eanero: Infantil<br>Ingressos: plateia e frisas R$ 60,00<br>Descontos: ingresso antecipado no valor de R$ 40,00 at\u00e9 as 12h do dia 26\/02; Desconto mediante apresenta\u00e7\u00e3o de flyer: ingresso por R$ 40,00. Descontos previstos por lei.<\/li>\n<\/ul>\n\n\n\n<p>O Teatro Polytheama fica na Rua Bar\u00e3o de Jundia\u00ed, 176, Centro. Mais informa\u00e7\u00f5es podem ser obtidas pelo telefone (11) 4586-2472.<\/p>\n\n\n\n<figure class=\"wp-block-image\"><img decoding=\"async\" src=\"https:\/\/jundiai.sp.gov.br\/noticias\/wp-content\/uploads\/sites\/32\/2023\/01\/galeria-de-arte-fernanda-perracini-milano-anexo-polytheama-exposicao-nebulosas-artista-gina-dinucci_fm_-10-2-1280x854.jpg\" alt=\"\" class=\"wp-image-309967\" \/><figcaption class=\"wp-element-caption\">Exposi\u00e7\u00e3o \u201cNebulosas\u201d pode ser visitada gratuitamente at\u00e9 o dia 14, na Galeria de Arte<\/figcaption><\/figure>\n\n\n\n<p><strong><em>(Fonte\/Imagem: Prefeitura de Jundia\u00ed)<\/em><\/strong><\/p>\n","protected":false},"excerpt":{"rendered":"<p>Este ano, a a\u00e7\u00e3o formativa da Unidade de Gest\u00e3o de Educa\u00e7\u00e3o (UGE) chega \u00e0 sua sexta edi\u00e7\u00e3o, com o tema \u201cEducador Transformador: do percurso formativo \u00e0 transposi\u00e7\u00e3o did\u00e1tica\u201d<\/p>\n","protected":false},"author":31,"featured_media":104223,"comment_status":"closed","ping_status":"0","sticky":false,"template":"","format":"standard","meta":{"footnotes":""},"categories":[1],"tags":[],"class_list":["post-104222","post","type-post","status-publish","format-standard","has-post-thumbnail","hentry","category-noticias"],"_links":{"self":[{"href":"https:\/\/tvtecjundiai.com.br\/news\/wp-json\/wp\/v2\/posts\/104222","targetHints":{"allow":["GET"]}}],"collection":[{"href":"https:\/\/tvtecjundiai.com.br\/news\/wp-json\/wp\/v2\/posts"}],"about":[{"href":"https:\/\/tvtecjundiai.com.br\/news\/wp-json\/wp\/v2\/types\/post"}],"author":[{"embeddable":true,"href":"https:\/\/tvtecjundiai.com.br\/news\/wp-json\/wp\/v2\/users\/31"}],"replies":[{"embeddable":true,"href":"https:\/\/tvtecjundiai.com.br\/news\/wp-json\/wp\/v2\/comments?post=104222"}],"version-history":[{"count":1,"href":"https:\/\/tvtecjundiai.com.br\/news\/wp-json\/wp\/v2\/posts\/104222\/revisions"}],"predecessor-version":[{"id":104224,"href":"https:\/\/tvtecjundiai.com.br\/news\/wp-json\/wp\/v2\/posts\/104222\/revisions\/104224"}],"wp:featuredmedia":[{"embeddable":true,"href":"https:\/\/tvtecjundiai.com.br\/news\/wp-json\/wp\/v2\/media\/104223"}],"wp:attachment":[{"href":"https:\/\/tvtecjundiai.com.br\/news\/wp-json\/wp\/v2\/media?parent=104222"}],"wp:term":[{"taxonomy":"category","embeddable":true,"href":"https:\/\/tvtecjundiai.com.br\/news\/wp-json\/wp\/v2\/categories?post=104222"},{"taxonomy":"post_tag","embeddable":true,"href":"https:\/\/tvtecjundiai.com.br\/news\/wp-json\/wp\/v2\/tags?post=104222"}],"curies":[{"name":"wp","href":"https:\/\/api.w.org\/{rel}","templated":true}]}}