{"id":104225,"date":"2023-01-29T17:36:07","date_gmt":"2023-01-29T20:36:07","guid":{"rendered":"https:\/\/tvtecjundiai.com.br\/news\/?p=104225"},"modified":"2023-01-29T17:36:12","modified_gmt":"2023-01-29T20:36:12","slug":"familias-curtem-festa-da-uva-na-companhia-de-pets","status":"publish","type":"post","link":"https:\/\/tvtecjundiai.com.br\/news\/2023\/01\/29\/familias-curtem-festa-da-uva-na-companhia-de-pets\/","title":{"rendered":"Fam\u00edlias curtem Festa da Uva na companhia de pets"},"content":{"rendered":"\n<p><\/p>\n\n\n\n<p>A Festa da Uva \u00e9 um espa\u00e7o para reunir toda a fam\u00edlia, sem exce\u00e7\u00e3o. Por isso, o evento \u00e9 pet friendly e tem recebido visitantes mais que especiais.<\/p>\n\n\n\n<p>\u201cSe eu n\u00e3o pudesse trazer meu cachorro, nem viria. Hoje, antes de sair de casa, a primeira coisa que confiro \u00e9 se o evento ou estabelecimento aceita pet. Felizmente a Festa da Uva aceita e recebe muito bem\u201d, comentaram os moradores de S\u00e3o Paulo, Gilberto Souza e Mariza Souza, com a cadela Maya.<\/p>\n\n\n\n<p>Tamb\u00e9m de S\u00e3o Paulo, Maristela Souza Silva n\u00e3o pensou duas vezes quando viu que podia incluir a cachorrinha Meg no passeio. \u201cEla sempre est\u00e1 conosco. Tem at\u00e9 uma bolsinha para que eu possa carreg\u00e1-la. \u00c9 parte da fam\u00edlia, n\u00e3o tem como deixar em casa.\u201d<\/p>\n\n\n\n<p>Quem tamb\u00e9m fez uma viagem para conferir a Festa da Uva foi a Anakin Skywalker, membro da fam\u00edlia da Daniela Macedo, que veio de Sorocaba. \u201cFiquei muito feliz em ver que o evento \u00e9 pet friendly. Se n\u00e3o fosse, n\u00e3o vir\u00edamos.\u201d<\/p>\n\n\n\n<figure class=\"wp-block-image\"><img decoding=\"async\" src=\"https:\/\/jundiai.sp.gov.br\/noticias\/wp-content\/uploads\/sites\/32\/2023\/01\/pet_festa_da_uva_pa-12-1280x854.jpg\" alt=\"\" class=\"wp-image-310057\" \/><figcaption class=\"wp-element-caption\">Festa em fam\u00edlia: pets tamb\u00e9m participaram<\/figcaption><\/figure>\n\n\n\n<p><strong>Servi\u00e7o<\/strong><\/p>\n\n\n\n<p>A 38\u00aa Festa da Uva e 9\u00aa Expo Vinhos de Jundia\u00ed segue nos dias 03, 04 e 05 de fevereiro.<\/p>\n\n\n\n<p>Hor\u00e1rio: Sextas-feiras das 18h \u00e0s 22h, aos s\u00e1bados das 10h \u00e0s 22h e aos domingos das 10h \u00e0s 21h.<\/p>\n\n\n\n<p>Entrada Gratuita<\/p>\n\n\n\n<p>Saiba mais em: https:\/\/festadauva.jundiai.sp.gov.br\/<\/p>\n\n\n\n<p><strong><em>(Fonte\/Imagem: Prefeitura de Jundia\u00ed)<\/em><\/strong><\/p>\n","protected":false},"excerpt":{"rendered":"<p>A Festa da Uva \u00e9 um espa\u00e7o para reunir toda a fam\u00edlia, sem exce\u00e7\u00e3o. Por isso, o evento \u00e9 pet friendly e tem recebido visitantes mais que especiais<\/p>\n","protected":false},"author":31,"featured_media":104226,"comment_status":"closed","ping_status":"0","sticky":false,"template":"","format":"standard","meta":{"footnotes":""},"categories":[1],"tags":[],"class_list":["post-104225","post","type-post","status-publish","format-standard","has-post-thumbnail","hentry","category-noticias"],"_links":{"self":[{"href":"https:\/\/tvtecjundiai.com.br\/news\/wp-json\/wp\/v2\/posts\/104225","targetHints":{"allow":["GET"]}}],"collection":[{"href":"https:\/\/tvtecjundiai.com.br\/news\/wp-json\/wp\/v2\/posts"}],"about":[{"href":"https:\/\/tvtecjundiai.com.br\/news\/wp-json\/wp\/v2\/types\/post"}],"author":[{"embeddable":true,"href":"https:\/\/tvtecjundiai.com.br\/news\/wp-json\/wp\/v2\/users\/31"}],"replies":[{"embeddable":true,"href":"https:\/\/tvtecjundiai.com.br\/news\/wp-json\/wp\/v2\/comments?post=104225"}],"version-history":[{"count":1,"href":"https:\/\/tvtecjundiai.com.br\/news\/wp-json\/wp\/v2\/posts\/104225\/revisions"}],"predecessor-version":[{"id":104227,"href":"https:\/\/tvtecjundiai.com.br\/news\/wp-json\/wp\/v2\/posts\/104225\/revisions\/104227"}],"wp:featuredmedia":[{"embeddable":true,"href":"https:\/\/tvtecjundiai.com.br\/news\/wp-json\/wp\/v2\/media\/104226"}],"wp:attachment":[{"href":"https:\/\/tvtecjundiai.com.br\/news\/wp-json\/wp\/v2\/media?parent=104225"}],"wp:term":[{"taxonomy":"category","embeddable":true,"href":"https:\/\/tvtecjundiai.com.br\/news\/wp-json\/wp\/v2\/categories?post=104225"},{"taxonomy":"post_tag","embeddable":true,"href":"https:\/\/tvtecjundiai.com.br\/news\/wp-json\/wp\/v2\/tags?post=104225"}],"curies":[{"name":"wp","href":"https:\/\/api.w.org\/{rel}","templated":true}]}}